{"id":41217,"date":"2023-12-30T19:30:54","date_gmt":"2023-12-30T19:30:54","guid":{"rendered":"https:\/\/armstrongyregion.com.ar\/diario\/?p=41217"},"modified":"2023-12-30T19:30:57","modified_gmt":"2023-12-30T19:30:57","slug":"pullaro-se-reunio-con-el-ministro-del-interior-para-defender-la-produccion-santafesina","status":"publish","type":"post","link":"https:\/\/armstrongyregion.com.ar\/diario\/pullaro-se-reunio-con-el-ministro-del-interior-para-defender-la-produccion-santafesina\/","title":{"rendered":"Pullaro se reuni\u00f3 con el ministro del Interior para defender la producci\u00f3n santafesina."},"content":{"rendered":"\n<figure class=\"wp-block-image size-full\"><a href=\"http:\/\/armstrongyregion.com.ar\/diario\/wp-content\/uploads\/2023\/12\/pullaro-Min-int.jpg\"><img loading=\"lazy\" decoding=\"async\" width=\"570\" height=\"320\" src=\"http:\/\/armstrongyregion.com.ar\/diario\/wp-content\/uploads\/2023\/12\/pullaro-Min-int.jpg\" alt=\"\" class=\"wp-image-41218\" srcset=\"https:\/\/armstrongyregion.com.ar\/diario\/wp-content\/uploads\/2023\/12\/pullaro-Min-int.jpg 570w, https:\/\/armstrongyregion.com.ar\/diario\/wp-content\/uploads\/2023\/12\/pullaro-Min-int-300x168.jpg 300w\" sizes=\"auto, (max-width: 570px) 100vw, 570px\" \/><\/a><\/figure>\n\n\n\n<h2 class=\"wp-block-heading\">El encuentro se llev\u00f3 a cabo este viernes en Casa Rosada. \u201cTrajimos tres temas importantes para la provincia: las deudas por importaciones a pagar que perjudican a nuestras empresas; el pedido de que la industria del ma\u00edz pisingallo sea considerada econom\u00eda regional, y los biocombustibles, fundamentales para el desarrollo de Santa Fe\u201d, afirm\u00f3 el gobernador, que consider\u00f3 que \u201cfue una muy buena reuni\u00f3n\u201d.<\/h2>\n\n\n\n<figure class=\"wp-block-table\"><table><tbody><tr><td>El gobernador Maximiliano Pullaro se reuni\u00f3 este viernes con el ministro del Interior de la Naci\u00f3n, Guillermo Francos, para avanzar en la agenda de trabajo conjunta entre los gobierno Nacional y Provincial, plantear las preocupaciones del sector productivo santafesino y realizar propuestas.Luego del encuentro, que se desarroll\u00f3 en el sal\u00f3n de los Escudos de la Casa Rosada, Pullaro destac\u00f3 que \u201ctrajimos tres temas importantes para la provincia: las deudas por importaciones a pagar que perjudican a nuestras empresas; el ma\u00edz pisingallo, que es una econom\u00eda regional y estar\u00eda grav\u00e1ndose en el proyecto de ley que se envi\u00f3 al Congreso de la Naci\u00f3n, y los biocombustibles, fundamentales para el desarrollo de Santa Fe. Nuestra provincia concentra el 85% de los biocombustibles de la Rep\u00fablica Argentina. Esperamos que estos temas se puedan resolver\u201d, dijo el mandatario, que consider\u00f3 que \u201cfue una muy buena reuni\u00f3n\u201d.Cabe destacar que el ma\u00edz pisingallo ser\u00eda una de las actividades alcanzadas por retenciones que pretende implementar el gobierno nacional: \u201cDebe ser considerada econom\u00eda regional y quedar exenta del gravamen\u201d, coment\u00f3 despu\u00e9s el ministro de Desarrollo Productivo, Gustavo Puccini, que estuvo en la reuni\u00f3n junto a la secretaria de Energ\u00eda de la provincia, Ver\u00f3nica Geese. \u201cEn Santa Fe hay nueve industrias que exportan y emplean gente. Es una situaci\u00f3n que podr\u00eda impactar fuerte en el sector\u201d, se\u00f1al\u00f3 el funcionario provincial.Por su parte, Francos resalt\u00f3 el trabajo conjunto con el gobernador santafesino y se\u00f1al\u00f3 que \u201cnos plantearon algunas dificultades con respecto a la producci\u00f3n del biodiesel, ya que Santa Fe es una provincia de muchas pymes que se dedican a su producci\u00f3n, y les propuse tener una reuni\u00f3n con el secretario de Energ\u00eda para analizar a fondo el problema\u201d.Adem\u00e1s, el funcionario nacional remarc\u00f3 que se continu\u00f3 con lo conversado con el ministro de Infraestructura, Guillermo Ferraro, para que \u201cparticularmente en la ruta Nacional 11, se pueda realizar urgentemente trabajos de bacheos ya que es un camino que se utiliza mucho para el transporte de cereales\u201d.&nbsp;<\/td><td>&nbsp;<\/td><\/tr><\/tbody><\/table><\/figure>\n\n\n\n<figure class=\"wp-block-table\"><table><tbody><tr><td>&nbsp;<\/td><td>&nbsp;<\/td><\/tr><\/tbody><\/table><\/figure>\n","protected":false},"excerpt":{"rendered":"<p>El encuentro se llev\u00f3 a cabo este viernes en Casa Rosada. \u201cTrajimos tres temas importantes para la provincia: las deudas por importaciones a pagar que perjudican a nuestras empresas; el pedido de que la industria del ma\u00edz pisingallo sea considerada econom\u00eda regional, y los biocombustibles, fundamentales para el desarrollo de Santa Fe\u201d, afirm\u00f3 el gobernador, <a href=\"https:\/\/armstrongyregion.com.ar\/diario\/pullaro-se-reunio-con-el-ministro-del-interior-para-defender-la-produccion-santafesina\/\" title=\"Read more\" >&#8230;<\/a><\/p>\n","protected":false},"author":1,"featured_media":41218,"comment_status":"open","ping_status":"open","sticky":false,"template":"","format":"image","meta":{"_jetpack_memberships_contains_paid_content":false,"footnotes":"","jetpack_publicize_message":"","jetpack_publicize_feature_enabled":true,"jetpack_social_post_already_shared":true,"jetpack_social_options":{"image_generator_settings":{"template":"highway","default_image_id":0,"enabled":false},"version":2}},"categories":[8,1,2,7,3],"tags":[5016,100,3995,8777,10130,81,282,2846,86],"class_list":["post-41217","post","type-post","status-publish","format-image","has-post-thumbnail","hentry","category-deliberando","category-diario-armstrong","category-locales","category-politica","category-region","tag-armstrong-y-region","tag-con","tag-defender","tag-lic-graciela-de-la-casa","tag-ministro-del-interior","tag-para","tag-produccion","tag-pullaro","tag-se","post_format-post-format-image"],"jetpack_publicize_connections":[],"jetpack_featured_media_url":"https:\/\/armstrongyregion.com.ar\/diario\/wp-content\/uploads\/2023\/12\/pullaro-Min-int.jpg","jetpack_shortlink":"https:\/\/wp.me\/p62QDO-aIN","jetpack_sharing_enabled":true,"amp_enabled":true,"_links":{"self":[{"href":"https:\/\/armstrongyregion.com.ar\/diario\/wp-json\/wp\/v2\/posts\/41217","targetHints":{"allow":["GET"]}}],"collection":[{"href":"https:\/\/armstrongyregion.com.ar\/diario\/wp-json\/wp\/v2\/posts"}],"about":[{"href":"https:\/\/armstrongyregion.com.ar\/diario\/wp-json\/wp\/v2\/types\/post"}],"author":[{"embeddable":true,"href":"https:\/\/armstrongyregion.com.ar\/diario\/wp-json\/wp\/v2\/users\/1"}],"replies":[{"embeddable":true,"href":"https:\/\/armstrongyregion.com.ar\/diario\/wp-json\/wp\/v2\/comments?post=41217"}],"version-history":[{"count":1,"href":"https:\/\/armstrongyregion.com.ar\/diario\/wp-json\/wp\/v2\/posts\/41217\/revisions"}],"predecessor-version":[{"id":41219,"href":"https:\/\/armstrongyregion.com.ar\/diario\/wp-json\/wp\/v2\/posts\/41217\/revisions\/41219"}],"wp:featuredmedia":[{"embeddable":true,"href":"https:\/\/armstrongyregion.com.ar\/diario\/wp-json\/wp\/v2\/media\/41218"}],"wp:attachment":[{"href":"https:\/\/armstrongyregion.com.ar\/diario\/wp-json\/wp\/v2\/media?parent=41217"}],"wp:term":[{"taxonomy":"category","embeddable":true,"href":"https:\/\/armstrongyregion.com.ar\/diario\/wp-json\/wp\/v2\/categories?post=41217"},{"taxonomy":"post_tag","embeddable":true,"href":"https:\/\/armstrongyregion.com.ar\/diario\/wp-json\/wp\/v2\/tags?post=41217"}],"curies":[{"name":"wp","href":"https:\/\/api.w.org\/{rel}","templated":true}]}}