{"id":4119,"date":"2015-09-18T01:48:54","date_gmt":"2015-09-18T01:48:54","guid":{"rendered":"https:\/\/armstrongyregion.com.ar\/diario\/?p=4119"},"modified":"2015-09-18T01:48:54","modified_gmt":"2015-09-18T01:48:54","slug":"encuentro-de-intendentes-y-presidentes-comunales","status":"publish","type":"post","link":"https:\/\/armstrongyregion.com.ar\/diario\/encuentro-de-intendentes-y-presidentes-comunales\/","title":{"rendered":"Encuentro de Intendentes y Presidentes Comunales."},"content":{"rendered":"<p><a href=\"http:\/\/armstrongyregion.com.ar\/diario\/wp-content\/uploads\/2015\/09\/encuentrointendentesseptiembre.jpg\"><img loading=\"lazy\" decoding=\"async\" class=\"alignnone size-medium wp-image-4120\" src=\"http:\/\/armstrongyregion.com.ar\/diario\/wp-content\/uploads\/2015\/09\/encuentrointendentesseptiembre-300x225.jpg\" alt=\"encuentrointendentesseptiembre\" width=\"300\" height=\"225\" srcset=\"https:\/\/armstrongyregion.com.ar\/diario\/wp-content\/uploads\/2015\/09\/encuentrointendentesseptiembre-300x225.jpg 300w, https:\/\/armstrongyregion.com.ar\/diario\/wp-content\/uploads\/2015\/09\/encuentrointendentesseptiembre-1024x768.jpg 1024w, https:\/\/armstrongyregion.com.ar\/diario\/wp-content\/uploads\/2015\/09\/encuentrointendentesseptiembre.jpg 1600w\" sizes=\"auto, (max-width: 300px) 100vw, 300px\" \/><\/a>El lunes 14 de septiembre, el Intendente Municipal Dr. Pablo Verdecchia asisti\u00f3 a un encuentro de Intendentes y Presidentes Comunales convocados por el Arzobispado de Rosario sobre el tema El cambio clim\u00e1tico y las modernas esclavitudes \u201cEl cuidado de la casa com\u00fan\u201d.<br \/>\nHaci\u00e9ndose eco del llamado del Sumo Pont\u00edfice Francisco, el evento se realiz\u00f3 en el Colegio Virgen del Rosario con la presencia de autoridades de toda la provincia. Sobre la esclavitud moderna se debatieron puntualmente los temas Red Antimafia, V\u00edctima de la Inseguridad, Trata de personas y Adicciones.<br \/>\nEl intendente de nuestra ciudad, Dr. Pablo Verdecchia acompa\u00f1ado de sus pares de Rosario y Ca\u00f1ada de G\u00f3mez llevaron a cabo una importante e interesante disertaci\u00f3n sobre medio ambiente y esclavitud moderna.<br \/>\nFinalizando la jornada, Monse\u00f1or Eduardo Eliseo Mart\u00edn invit\u00f3 a los intendentes y presidentes comunales presentes de la Arquidi\u00f3cesis de Rosario a firmar la Declaraci\u00f3n de compromiso con esta causa impulsada por el Papa Francisco que busca implementar programas de sensibilizaci\u00f3n y de educaci\u00f3n sobre la problem\u00e1tica socio-ambiental, entre otros puntos.<\/p>\n","protected":false},"excerpt":{"rendered":"<p>El lunes 14 de septiembre, el Intendente Municipal Dr. Pablo Verdecchia asisti\u00f3 a un encuentro de Intendentes y Presidentes Comunales convocados por el Arzobispado de Rosario sobre el tema El cambio clim\u00e1tico y las modernas esclavitudes \u201cEl cuidado de la casa com\u00fan\u201d. Haci\u00e9ndose eco del llamado del Sumo Pont\u00edfice Francisco, el evento se realiz\u00f3 en <a href=\"https:\/\/armstrongyregion.com.ar\/diario\/encuentro-de-intendentes-y-presidentes-comunales\/\" title=\"Read more\" >&#8230;<\/a><\/p>\n","protected":false},"author":2,"featured_media":4120,"comment_status":"open","ping_status":"open","sticky":false,"template":"","format":"standard","meta":{"_jetpack_memberships_contains_paid_content":false,"footnotes":"","jetpack_publicize_message":"","jetpack_publicize_feature_enabled":true,"jetpack_social_post_already_shared":false,"jetpack_social_options":{"image_generator_settings":{"template":"highway","default_image_id":0,"enabled":false},"version":2}},"categories":[1,2,7],"tags":[2762,19,63,1931,2761,13],"class_list":["post-4119","post","type-post","status-publish","format-standard","has-post-thumbnail","hentry","category-diario-armstrong","category-locales","category-politica","tag-comunales","tag-de","tag-encuentro","tag-intendentes","tag-presidentes","tag-y"],"jetpack_publicize_connections":[],"jetpack_featured_media_url":"https:\/\/armstrongyregion.com.ar\/diario\/wp-content\/uploads\/2015\/09\/encuentrointendentesseptiembre.jpg","jetpack_shortlink":"https:\/\/wp.me\/p62QDO-14r","jetpack_sharing_enabled":true,"amp_enabled":true,"_links":{"self":[{"href":"https:\/\/armstrongyregion.com.ar\/diario\/wp-json\/wp\/v2\/posts\/4119","targetHints":{"allow":["GET"]}}],"collection":[{"href":"https:\/\/armstrongyregion.com.ar\/diario\/wp-json\/wp\/v2\/posts"}],"about":[{"href":"https:\/\/armstrongyregion.com.ar\/diario\/wp-json\/wp\/v2\/types\/post"}],"author":[{"embeddable":true,"href":"https:\/\/armstrongyregion.com.ar\/diario\/wp-json\/wp\/v2\/users\/2"}],"replies":[{"embeddable":true,"href":"https:\/\/armstrongyregion.com.ar\/diario\/wp-json\/wp\/v2\/comments?post=4119"}],"version-history":[{"count":0,"href":"https:\/\/armstrongyregion.com.ar\/diario\/wp-json\/wp\/v2\/posts\/4119\/revisions"}],"wp:featuredmedia":[{"embeddable":true,"href":"https:\/\/armstrongyregion.com.ar\/diario\/wp-json\/wp\/v2\/media\/4120"}],"wp:attachment":[{"href":"https:\/\/armstrongyregion.com.ar\/diario\/wp-json\/wp\/v2\/media?parent=4119"}],"wp:term":[{"taxonomy":"category","embeddable":true,"href":"https:\/\/armstrongyregion.com.ar\/diario\/wp-json\/wp\/v2\/categories?post=4119"},{"taxonomy":"post_tag","embeddable":true,"href":"https:\/\/armstrongyregion.com.ar\/diario\/wp-json\/wp\/v2\/tags?post=4119"}],"curies":[{"name":"wp","href":"https:\/\/api.w.org\/{rel}","templated":true}]}}