{"id":41187,"date":"2023-12-26T22:23:07","date_gmt":"2023-12-26T22:23:07","guid":{"rendered":"https:\/\/armstrongyregion.com.ar\/diario\/?p=41187"},"modified":"2023-12-26T22:23:10","modified_gmt":"2023-12-26T22:23:10","slug":"pullaro-trabajamos-para-ser-mas-eficientes-y-utilizar-los-recursos-de-la-mejor-manera","status":"publish","type":"post","link":"https:\/\/armstrongyregion.com.ar\/diario\/pullaro-trabajamos-para-ser-mas-eficientes-y-utilizar-los-recursos-de-la-mejor-manera\/","title":{"rendered":"Pullaro: \u201cTrabajamos para ser m\u00e1s eficientes y utilizar los recursos de la mejor manera\u201d"},"content":{"rendered":"\n<figure class=\"wp-block-image size-full\"><a href=\"http:\/\/armstrongyregion.com.ar\/diario\/wp-content\/uploads\/2023\/12\/MAXI-PULLARO-26-12-23-.jpg\"><img loading=\"lazy\" decoding=\"async\" width=\"500\" height=\"334\" src=\"http:\/\/armstrongyregion.com.ar\/diario\/wp-content\/uploads\/2023\/12\/MAXI-PULLARO-26-12-23-.jpg\" alt=\"\" class=\"wp-image-41188\" srcset=\"https:\/\/armstrongyregion.com.ar\/diario\/wp-content\/uploads\/2023\/12\/MAXI-PULLARO-26-12-23-.jpg 500w, https:\/\/armstrongyregion.com.ar\/diario\/wp-content\/uploads\/2023\/12\/MAXI-PULLARO-26-12-23--300x200.jpg 300w\" sizes=\"auto, (max-width: 500px) 100vw, 500px\" \/><\/a><\/figure>\n\n\n\n<figure class=\"wp-block-table\"><table><tbody><tr><td>El gobernador hizo una evaluaci\u00f3n de sus primeros 15 d\u00edas de gesti\u00f3n. \u201cVamos a resolver en el mediano plazo los problemas que tiene de financiamiento el Estado de la Provincia\u201d, sentenci\u00f3.<br>&nbsp;<\/td><td>&nbsp;<\/td><\/tr><\/tbody><\/table><\/figure>\n\n\n\n<p>En declaraciones a medios period\u00edsticos, el gobernador Maximiliano Pullaro, realiz\u00f3 un an\u00e1lisis de los primeros d\u00edas al frente del Gobierno Provincial, oportunidad en la que hizo hincapi\u00e9 en la importancia de contar con un estado eficiente y austero: \u201cLa primera medida que tomamos fue la reducci\u00f3n de ministerios y de secretar\u00edas de Estado. Yo no tengo ninguna secretar\u00eda de Estado; eso trae una estructura burocr\u00e1tica aparejada y de 13 ministerios pasamos a tener 11. Es decir, de 18 ministerios y secretar\u00edas de Estado que ten\u00eda la gesti\u00f3n pasada, tenemos solamente 11 ministerios. Eso claramente hace que haya menos funcionarios, menos estructura burocr\u00e1tica\u201d, asever\u00f3.<\/p>\n\n\n\n<p>Pullaro afirm\u00f3 que \u201cestamos trabajando para ser m\u00e1s eficientes para darle las mismas respuestas a los santafesinos y santafesinas y mejorar las respuestas que tenemos. Por eso, en esta situaci\u00f3n de absoluta complejidad, donde el a\u00f1o que est\u00e1 terminando va a cerrar con un d\u00e9ficit financiero de alrededor de 200.000 millones de pesos, recordemos que el presupuesto 2023 fue de 1.800.000.000, casi m\u00e1s del 10%\u201d.<\/p>\n\n\n\n<p>\u201cNosotros planificamos la primera semana, los primeros tres meses y tambi\u00e9n los seis meses iniciales con acciones, objetivos e indicadores. Trazamos un mapa de trabajo que se va manteniendo y eso es clave en nuestra gesti\u00f3n: saber lo que hay que hacer en cada una de las \u00e1reas y en cada momento, porque si no la coyuntura te corre de ese eje y no se puede llevar adelante las grandes transformaciones de mediano y largo plazo\u201d, continu\u00f3.<\/p>\n\n\n\n<p><strong>Un Estado eficaz<\/strong><br>En otro apartado, Maximiliano Pullaro cont\u00f3 que \u201cnos encontramos con ambulancias que le faltaban las bater\u00edas, y hac\u00eda un a\u00f1o que estaban paradas; o patrulleros que le faltaban repuestos sencillos y por eso fue que sacamos ya el 60% m\u00e1s de la flota de la que hab\u00eda en la calle y esperamos r\u00e1pidamente resolver por lo menos el resto, los que son problemas menores, de manera urgente. Creo que cuando uno habla de c\u00f3mo administra los recursos del Estado, habla de esto, de eficiencia, de resolver problemas\u201d, se\u00f1al\u00f3 Pullaro.<\/p>\n\n\n\n<p>El gobernador remarc\u00f3 que \u201cel gasto a veces del Estado est\u00e1 cuando los recursos se disponen mal, no se controlan, y cuando el empleado p\u00fablico en definitiva no cumple su tarea. Resolviendo esas cuestiones creo que va a ser todo mucho, pero mucho m\u00e1s sencillo, resolviendo que cada empleado p\u00fablico lleva adelante el trabajo por el cual se le paga y a su vez teniendo un sistema que nos permita a nosotros tener la infraestructura, fundamentalmente veh\u00edculos y edificios en condiciones \u00f3ptimas, con los presupuestos que tenemos\u201d.<\/p>\n\n\n\n<p>Tambi\u00e9n, adelant\u00f3 que \u201creducir todo tipo de gastos superfluos que tiene el Estado nos tiene que llevar a tener un Estado ordenado. No podemos gastar m\u00e1s de lo que generamos o de lo que tenemos, sino siempre va a ser muy dif\u00edcil poder llevar adelante niveles de crecimiento\u201d.<\/p>\n\n\n\n<p>Por otra parte, Pullaro hizo referencia a que \u201cpara nosotros la obra p\u00fablica es muy importante, la obra p\u00fablica nacional y la provincial. No vamos a frenar ninguna obra provincial de las que se comenzaron, ni ninguna obra nacional. Las obras nacionales las vamos a gestionar, a hablar, a golpear puertas, permanentemente, lo vamos a hacer juntos instituciones productivas, a entidades de la producci\u00f3n, para que contin\u00faen. Con lo cual, todas las obras que est\u00e1n en marcha en la provincia de Santa Fe se van a continuar\u201d, complet\u00f3.<br>&nbsp;<\/p>\n","protected":false},"excerpt":{"rendered":"<p>El gobernador hizo una evaluaci\u00f3n de sus primeros 15 d\u00edas de gesti\u00f3n. \u201cVamos a resolver en el mediano plazo los problemas que tiene de financiamiento el Estado de la Provincia\u201d, sentenci\u00f3.&nbsp; &nbsp; En declaraciones a medios period\u00edsticos, el gobernador Maximiliano Pullaro, realiz\u00f3 un an\u00e1lisis de los primeros d\u00edas al frente del Gobierno Provincial, oportunidad en <a href=\"https:\/\/armstrongyregion.com.ar\/diario\/pullaro-trabajamos-para-ser-mas-eficientes-y-utilizar-los-recursos-de-la-mejor-manera\/\" title=\"Read more\" >&#8230;<\/a><\/p>\n","protected":false},"author":1,"featured_media":41188,"comment_status":"open","ping_status":"open","sticky":false,"template":"","format":"image","meta":{"_jetpack_memberships_contains_paid_content":false,"footnotes":"","jetpack_publicize_message":"","jetpack_publicize_feature_enabled":true,"jetpack_social_post_already_shared":true,"jetpack_social_options":{"image_generator_settings":{"template":"highway","default_image_id":0,"enabled":false},"version":2}},"categories":[8,1,2,7,3],"tags":[10118,8777,1973,10117,549,2846,10120,1106,10116,10119,13],"class_list":["post-41187","post","type-post","status-publish","format-image","has-post-thumbnail","hentry","category-deliberando","category-diario-armstrong","category-locales","category-politica","category-region","tag-eficientes","tag-lic-graciela-de-la-casa","tag-manera","tag-mas-3","tag-mejor","tag-pullaro","tag-recursos","tag-ser","tag-trabajamos","tag-utiliar","tag-y","post_format-post-format-image"],"jetpack_publicize_connections":[],"jetpack_featured_media_url":"https:\/\/armstrongyregion.com.ar\/diario\/wp-content\/uploads\/2023\/12\/MAXI-PULLARO-26-12-23-.jpg","jetpack_shortlink":"https:\/\/wp.me\/p62QDO-aIj","jetpack_sharing_enabled":true,"amp_enabled":true,"_links":{"self":[{"href":"https:\/\/armstrongyregion.com.ar\/diario\/wp-json\/wp\/v2\/posts\/41187","targetHints":{"allow":["GET"]}}],"collection":[{"href":"https:\/\/armstrongyregion.com.ar\/diario\/wp-json\/wp\/v2\/posts"}],"about":[{"href":"https:\/\/armstrongyregion.com.ar\/diario\/wp-json\/wp\/v2\/types\/post"}],"author":[{"embeddable":true,"href":"https:\/\/armstrongyregion.com.ar\/diario\/wp-json\/wp\/v2\/users\/1"}],"replies":[{"embeddable":true,"href":"https:\/\/armstrongyregion.com.ar\/diario\/wp-json\/wp\/v2\/comments?post=41187"}],"version-history":[{"count":1,"href":"https:\/\/armstrongyregion.com.ar\/diario\/wp-json\/wp\/v2\/posts\/41187\/revisions"}],"predecessor-version":[{"id":41189,"href":"https:\/\/armstrongyregion.com.ar\/diario\/wp-json\/wp\/v2\/posts\/41187\/revisions\/41189"}],"wp:featuredmedia":[{"embeddable":true,"href":"https:\/\/armstrongyregion.com.ar\/diario\/wp-json\/wp\/v2\/media\/41188"}],"wp:attachment":[{"href":"https:\/\/armstrongyregion.com.ar\/diario\/wp-json\/wp\/v2\/media?parent=41187"}],"wp:term":[{"taxonomy":"category","embeddable":true,"href":"https:\/\/armstrongyregion.com.ar\/diario\/wp-json\/wp\/v2\/categories?post=41187"},{"taxonomy":"post_tag","embeddable":true,"href":"https:\/\/armstrongyregion.com.ar\/diario\/wp-json\/wp\/v2\/tags?post=41187"}],"curies":[{"name":"wp","href":"https:\/\/api.w.org\/{rel}","templated":true}]}}