{"id":41174,"date":"2023-12-26T02:42:28","date_gmt":"2023-12-26T02:42:28","guid":{"rendered":"https:\/\/armstrongyregion.com.ar\/diario\/?p=41174"},"modified":"2023-12-26T02:42:31","modified_gmt":"2023-12-26T02:42:31","slug":"el-intendente-javier-meyer-participo-en-el-cierre-de-ano-del-movimiento-empresarial-anti-bloqueo","status":"publish","type":"post","link":"https:\/\/armstrongyregion.com.ar\/diario\/el-intendente-javier-meyer-participo-en-el-cierre-de-ano-del-movimiento-empresarial-anti-bloqueo\/","title":{"rendered":"El Intendente Javier Meyer particip\u00f3 en el cierre de a\u00f1o del Movimiento Empresarial Anti Bloqueo."},"content":{"rendered":"\n<figure class=\"wp-block-image size-full\"><a href=\"http:\/\/armstrongyregion.com.ar\/diario\/wp-content\/uploads\/2023\/12\/Meyer-diserto-1-.jpg\"><img loading=\"lazy\" decoding=\"async\" width=\"345\" height=\"270\" src=\"http:\/\/armstrongyregion.com.ar\/diario\/wp-content\/uploads\/2023\/12\/Meyer-diserto-1-.jpg\" alt=\"\" class=\"wp-image-41175\" srcset=\"https:\/\/armstrongyregion.com.ar\/diario\/wp-content\/uploads\/2023\/12\/Meyer-diserto-1-.jpg 345w, https:\/\/armstrongyregion.com.ar\/diario\/wp-content\/uploads\/2023\/12\/Meyer-diserto-1--300x235.jpg 300w\" sizes=\"auto, (max-width: 345px) 100vw, 345px\" \/><\/a><\/figure>\n\n\n\n<h2 class=\"wp-block-heading\">El evento se realiz\u00f3 el d\u00eda de ayer en Buenos Aires.<\/h2>\n\n\n\n<figure class=\"wp-block-image size-full\"><a href=\"http:\/\/armstrongyregion.com.ar\/diario\/wp-content\/uploads\/2023\/12\/meyer-diserto-2-.jpg\"><img loading=\"lazy\" decoding=\"async\" width=\"345\" height=\"270\" src=\"http:\/\/armstrongyregion.com.ar\/diario\/wp-content\/uploads\/2023\/12\/meyer-diserto-2-.jpg\" alt=\"\" class=\"wp-image-41176\" srcset=\"https:\/\/armstrongyregion.com.ar\/diario\/wp-content\/uploads\/2023\/12\/meyer-diserto-2-.jpg 345w, https:\/\/armstrongyregion.com.ar\/diario\/wp-content\/uploads\/2023\/12\/meyer-diserto-2--300x235.jpg 300w\" sizes=\"auto, (max-width: 345px) 100vw, 345px\" \/><\/a><\/figure>\n\n\n\n<p><a href=\"http:\/\/meab.com.ar\/acerca-del-meab\/\" rel=\"noreferrer noopener\" target=\"_blank\"><strong>ACERCA DEL M.E.A.B.<\/strong><\/a><\/p>\n\n\n\n<p>Seg\u00fan informan en su\u00a0<a rel=\"noreferrer noopener\" href=\"http:\/\/meab.com.ar\/acerca-del-meab\/\" target=\"_blank\">p\u00e1gina web<\/a>\u00a0se trata de\u00a0<em>\u00abun movimiento integrado por profesionales y asesores de distintos puntos del pa\u00eds, que nos unimos de manera colaborativa con el fin de formar una red de ayuda y asistencia integral, para empresarios que sufren bloqueos extorsivos\u00bb.<\/em><\/p>\n\n\n\n<figure class=\"wp-block-image size-full\"><a href=\"http:\/\/armstrongyregion.com.ar\/diario\/wp-content\/uploads\/2023\/12\/meyer-diserto-3-.jpg\"><img loading=\"lazy\" decoding=\"async\" width=\"345\" height=\"270\" src=\"http:\/\/armstrongyregion.com.ar\/diario\/wp-content\/uploads\/2023\/12\/meyer-diserto-3-.jpg\" alt=\"\" class=\"wp-image-41177\" srcset=\"https:\/\/armstrongyregion.com.ar\/diario\/wp-content\/uploads\/2023\/12\/meyer-diserto-3-.jpg 345w, https:\/\/armstrongyregion.com.ar\/diario\/wp-content\/uploads\/2023\/12\/meyer-diserto-3--300x235.jpg 300w\" sizes=\"auto, (max-width: 345px) 100vw, 345px\" \/><\/a><\/figure>\n\n\n\n<p>Su mayor objetivo&nbsp;<em>\u00abes brindarle al due\u00f1o de empresa o industria, que se encuentra en esta situaci\u00f3n de injusticia y vulnerabilidad en su trabajo, el apoyo que necesita y que tan ausente se encuentra por parte del Estado. Por lo tanto, nos sentimos capacitados para cumplir con dicho objetivo ya que tenemos todos los recursos necesarios para ofrecerle al empresario. Contamos con el amparo de personas influyentes en el \u00e1mbito comunicacional y un equipo de asesores legales que est\u00e1 detr\u00e1s de todo esto preparado para dar un asesoramiento jur\u00eddico especifico en cada uno de estos casos\u00bb.<\/em><\/p>\n","protected":false},"excerpt":{"rendered":"<p>El evento se realiz\u00f3 el d\u00eda de ayer en Buenos Aires. ACERCA DEL M.E.A.B. Seg\u00fan informan en su\u00a0p\u00e1gina web\u00a0se trata de\u00a0\u00abun movimiento integrado por profesionales y asesores de distintos puntos del pa\u00eds, que nos unimos de manera colaborativa con el fin de formar una red de ayuda y asistencia integral, para empresarios que sufren bloqueos <a href=\"https:\/\/armstrongyregion.com.ar\/diario\/el-intendente-javier-meyer-participo-en-el-cierre-de-ano-del-movimiento-empresarial-anti-bloqueo\/\" title=\"Read more\" >&#8230;<\/a><\/p>\n","protected":false},"author":1,"featured_media":41175,"comment_status":"open","ping_status":"open","sticky":false,"template":"","format":"image","meta":{"_jetpack_memberships_contains_paid_content":false,"footnotes":"","jetpack_publicize_message":"","jetpack_publicize_feature_enabled":true,"jetpack_social_post_already_shared":true,"jetpack_social_options":{"image_generator_settings":{"template":"highway","default_image_id":0,"enabled":false},"version":2}},"categories":[6,8,1,7,3],"tags":[154,10113,16,10112,8777,1934,9201,992],"class_list":["post-41174","post","type-post","status-publish","format-image","has-post-thumbnail","hentry","category-cultura-entretenimiento","category-deliberando","category-diario-armstrong","category-politica","category-region","tag-ano","tag-antibloqueo","tag-el","tag-empresaria","tag-lic-graciela-de-la-casa","tag-meyer","tag-movimiento","tag-participo","post_format-post-format-image"],"jetpack_publicize_connections":[],"jetpack_featured_media_url":"https:\/\/armstrongyregion.com.ar\/diario\/wp-content\/uploads\/2023\/12\/Meyer-diserto-1-.jpg","jetpack_shortlink":"https:\/\/wp.me\/p62QDO-aI6","jetpack_sharing_enabled":true,"amp_enabled":true,"_links":{"self":[{"href":"https:\/\/armstrongyregion.com.ar\/diario\/wp-json\/wp\/v2\/posts\/41174","targetHints":{"allow":["GET"]}}],"collection":[{"href":"https:\/\/armstrongyregion.com.ar\/diario\/wp-json\/wp\/v2\/posts"}],"about":[{"href":"https:\/\/armstrongyregion.com.ar\/diario\/wp-json\/wp\/v2\/types\/post"}],"author":[{"embeddable":true,"href":"https:\/\/armstrongyregion.com.ar\/diario\/wp-json\/wp\/v2\/users\/1"}],"replies":[{"embeddable":true,"href":"https:\/\/armstrongyregion.com.ar\/diario\/wp-json\/wp\/v2\/comments?post=41174"}],"version-history":[{"count":1,"href":"https:\/\/armstrongyregion.com.ar\/diario\/wp-json\/wp\/v2\/posts\/41174\/revisions"}],"predecessor-version":[{"id":41178,"href":"https:\/\/armstrongyregion.com.ar\/diario\/wp-json\/wp\/v2\/posts\/41174\/revisions\/41178"}],"wp:featuredmedia":[{"embeddable":true,"href":"https:\/\/armstrongyregion.com.ar\/diario\/wp-json\/wp\/v2\/media\/41175"}],"wp:attachment":[{"href":"https:\/\/armstrongyregion.com.ar\/diario\/wp-json\/wp\/v2\/media?parent=41174"}],"wp:term":[{"taxonomy":"category","embeddable":true,"href":"https:\/\/armstrongyregion.com.ar\/diario\/wp-json\/wp\/v2\/categories?post=41174"},{"taxonomy":"post_tag","embeddable":true,"href":"https:\/\/armstrongyregion.com.ar\/diario\/wp-json\/wp\/v2\/tags?post=41174"}],"curies":[{"name":"wp","href":"https:\/\/api.w.org\/{rel}","templated":true}]}}