{"id":41172,"date":"2023-12-26T01:50:34","date_gmt":"2023-12-26T01:50:34","guid":{"rendered":"https:\/\/armstrongyregion.com.ar\/diario\/?p=41172"},"modified":"2023-12-26T01:50:37","modified_gmt":"2023-12-26T01:50:37","slug":"armstrong-recoleccion-de-residuos-domiciliarios-2","status":"publish","type":"post","link":"https:\/\/armstrongyregion.com.ar\/diario\/armstrong-recoleccion-de-residuos-domiciliarios-2\/","title":{"rendered":"Armstrong. recolecci\u00f3n de residuos domiciliarios."},"content":{"rendered":"\n<figure class=\"wp-block-image size-full\"><a href=\"http:\/\/armstrongyregion.com.ar\/diario\/wp-content\/uploads\/2022\/07\/comunicado-recoleccion-residuos.jpg\"><img loading=\"lazy\" decoding=\"async\" width=\"685\" height=\"686\" src=\"http:\/\/armstrongyregion.com.ar\/diario\/wp-content\/uploads\/2022\/07\/comunicado-recoleccion-residuos.jpg\" alt=\"\" class=\"wp-image-35173\" srcset=\"https:\/\/armstrongyregion.com.ar\/diario\/wp-content\/uploads\/2022\/07\/comunicado-recoleccion-residuos.jpg 685w, https:\/\/armstrongyregion.com.ar\/diario\/wp-content\/uploads\/2022\/07\/comunicado-recoleccion-residuos-300x300.jpg 300w, https:\/\/armstrongyregion.com.ar\/diario\/wp-content\/uploads\/2022\/07\/comunicado-recoleccion-residuos-150x150.jpg 150w\" sizes=\"auto, (max-width: 685px) 100vw, 685px\" \/><\/a><\/figure>\n\n\n\n<p>La Municipalidad de Armstrong informa que la recolecci\u00f3n de residuos domiciliarios se realizar\u00e1 el d\u00eda martes 26, de 6 a 12 hs; Martes 26 y jueves 28, desde las 20 hs. retomando los d\u00edas y horarios habituales.<\/p>\n\n\n\n<p>Muchas gracias.<\/p>\n","protected":false},"excerpt":{"rendered":"<p>La Municipalidad de Armstrong informa que la recolecci\u00f3n de residuos domiciliarios se realizar\u00e1 el d\u00eda martes 26, de 6 a 12 hs; Martes 26 y jueves 28, desde las 20 hs. retomando los d\u00edas y horarios habituales. Muchas gracias.<\/p>\n","protected":false},"author":1,"featured_media":35173,"comment_status":"open","ping_status":"open","sticky":false,"template":"","format":"image","meta":{"_jetpack_memberships_contains_paid_content":false,"footnotes":"","jetpack_publicize_message":"","jetpack_publicize_feature_enabled":true,"jetpack_social_post_already_shared":true,"jetpack_social_options":{"image_generator_settings":{"template":"highway","default_image_id":0,"enabled":false},"version":2}},"categories":[8,1,2,7,3],"tags":[20,5016,4423,8777,730,9353],"class_list":["post-41172","post","type-post","status-publish","format-image","has-post-thumbnail","hentry","category-deliberando","category-diario-armstrong","category-locales","category-politica","category-region","tag-armstrong","tag-armstrong-y-region","tag-domiciliarios","tag-lic-graciela-de-la-casa","tag-recoleccion","tag-residuos-2","post_format-post-format-image"],"jetpack_publicize_connections":[],"jetpack_featured_media_url":"https:\/\/armstrongyregion.com.ar\/diario\/wp-content\/uploads\/2022\/07\/comunicado-recoleccion-residuos.jpg","jetpack_shortlink":"https:\/\/wp.me\/p62QDO-aI4","jetpack_sharing_enabled":true,"amp_enabled":true,"_links":{"self":[{"href":"https:\/\/armstrongyregion.com.ar\/diario\/wp-json\/wp\/v2\/posts\/41172","targetHints":{"allow":["GET"]}}],"collection":[{"href":"https:\/\/armstrongyregion.com.ar\/diario\/wp-json\/wp\/v2\/posts"}],"about":[{"href":"https:\/\/armstrongyregion.com.ar\/diario\/wp-json\/wp\/v2\/types\/post"}],"author":[{"embeddable":true,"href":"https:\/\/armstrongyregion.com.ar\/diario\/wp-json\/wp\/v2\/users\/1"}],"replies":[{"embeddable":true,"href":"https:\/\/armstrongyregion.com.ar\/diario\/wp-json\/wp\/v2\/comments?post=41172"}],"version-history":[{"count":1,"href":"https:\/\/armstrongyregion.com.ar\/diario\/wp-json\/wp\/v2\/posts\/41172\/revisions"}],"predecessor-version":[{"id":41173,"href":"https:\/\/armstrongyregion.com.ar\/diario\/wp-json\/wp\/v2\/posts\/41172\/revisions\/41173"}],"wp:featuredmedia":[{"embeddable":true,"href":"https:\/\/armstrongyregion.com.ar\/diario\/wp-json\/wp\/v2\/media\/35173"}],"wp:attachment":[{"href":"https:\/\/armstrongyregion.com.ar\/diario\/wp-json\/wp\/v2\/media?parent=41172"}],"wp:term":[{"taxonomy":"category","embeddable":true,"href":"https:\/\/armstrongyregion.com.ar\/diario\/wp-json\/wp\/v2\/categories?post=41172"},{"taxonomy":"post_tag","embeddable":true,"href":"https:\/\/armstrongyregion.com.ar\/diario\/wp-json\/wp\/v2\/tags?post=41172"}],"curies":[{"name":"wp","href":"https:\/\/api.w.org\/{rel}","templated":true}]}}