{"id":41163,"date":"2023-12-26T01:36:09","date_gmt":"2023-12-26T01:36:09","guid":{"rendered":"https:\/\/armstrongyregion.com.ar\/diario\/?p=41163"},"modified":"2023-12-26T01:36:12","modified_gmt":"2023-12-26T01:36:12","slug":"life-desarrollos-despide-el-ano-con-el-lanzamiento-de-2h-el-nuevo-proyecto-industrial","status":"publish","type":"post","link":"https:\/\/armstrongyregion.com.ar\/diario\/life-desarrollos-despide-el-ano-con-el-lanzamiento-de-2h-el-nuevo-proyecto-industrial\/","title":{"rendered":"LIFE Desarrollos despide el a\u00f1o con el lanzamiento de 2H, el nuevo proyecto industrial."},"content":{"rendered":"\n<figure class=\"wp-block-image size-full\"><a href=\"http:\/\/armstrongyregion.com.ar\/diario\/wp-content\/uploads\/2023\/12\/Brindis2H.jpg\"><img loading=\"lazy\" decoding=\"async\" width=\"692\" height=\"462\" src=\"http:\/\/armstrongyregion.com.ar\/diario\/wp-content\/uploads\/2023\/12\/Brindis2H.jpg\" alt=\"\" class=\"wp-image-41164\" srcset=\"https:\/\/armstrongyregion.com.ar\/diario\/wp-content\/uploads\/2023\/12\/Brindis2H.jpg 692w, https:\/\/armstrongyregion.com.ar\/diario\/wp-content\/uploads\/2023\/12\/Brindis2H-300x200.jpg 300w\" sizes=\"auto, (max-width: 692px) 100vw, 692px\" \/><\/a><\/figure>\n\n\n\n<p>En el marco de un gran evento que tuvo lugar en la localidad de Armstrong, el d\u00eda de ayer se dio a conocer un nuevo lanzamiento de LIFE Desarrollos. Se trata de la pr\u00f3xima unidad de negocios vinculada al rubro industrial que se desarrollar\u00e1 en la localidad.<\/p>\n\n\n\n<figure class=\"wp-block-image size-full\"><a href=\"http:\/\/armstrongyregion.com.ar\/diario\/wp-content\/uploads\/2023\/12\/Carlos-Strogolo-y-Gonzalo-Capra2H.jpg\"><img loading=\"lazy\" decoding=\"async\" width=\"692\" height=\"462\" src=\"http:\/\/armstrongyregion.com.ar\/diario\/wp-content\/uploads\/2023\/12\/Carlos-Strogolo-y-Gonzalo-Capra2H.jpg\" alt=\"\" class=\"wp-image-41165\" srcset=\"https:\/\/armstrongyregion.com.ar\/diario\/wp-content\/uploads\/2023\/12\/Carlos-Strogolo-y-Gonzalo-Capra2H.jpg 692w, https:\/\/armstrongyregion.com.ar\/diario\/wp-content\/uploads\/2023\/12\/Carlos-Strogolo-y-Gonzalo-Capra2H-300x200.jpg 300w\" sizes=\"auto, (max-width: 692px) 100vw, 692px\" \/><\/a><\/figure>\n\n\n\n<p>El equipo de LIFE present\u00f3 su \u00faltimo proyecto: Nueva \u00c1rea Industrial 2H, un nuevo espacio para potenciar futuro e incorporarse al resto del polo agroindustrial que ya funciona en el sudeste santafesino.<\/p>\n\n\n\n<figure class=\"wp-block-image size-full\"><a href=\"http:\/\/armstrongyregion.com.ar\/diario\/wp-content\/uploads\/2023\/12\/Lanzamiento-Area-Industrial-2H-1.jpg\"><img loading=\"lazy\" decoding=\"async\" width=\"368\" height=\"246\" src=\"http:\/\/armstrongyregion.com.ar\/diario\/wp-content\/uploads\/2023\/12\/Lanzamiento-Area-Industrial-2H-1.jpg\" alt=\"\" class=\"wp-image-41166\" srcset=\"https:\/\/armstrongyregion.com.ar\/diario\/wp-content\/uploads\/2023\/12\/Lanzamiento-Area-Industrial-2H-1.jpg 368w, https:\/\/armstrongyregion.com.ar\/diario\/wp-content\/uploads\/2023\/12\/Lanzamiento-Area-Industrial-2H-1-300x201.jpg 300w\" sizes=\"auto, (max-width: 368px) 100vw, 368px\" \/><\/a><\/figure>\n\n\n\n<p>Planificada bajo los pilares de la innovaci\u00f3n, tecnolog\u00eda, eficiencia vial y sustentabilidad, contar\u00e1 con siete manzanas loteables en un espacio 23.62 hect\u00e1reas y la proyecci\u00f3n de lotes desde 1000 m2.<\/p>\n\n\n\n<figure class=\"wp-block-image size-full\"><a href=\"http:\/\/armstrongyregion.com.ar\/diario\/wp-content\/uploads\/2023\/12\/Lanzamiento-Area-Industrial-2H-2-1.jpg\"><img loading=\"lazy\" decoding=\"async\" width=\"345\" height=\"230\" src=\"http:\/\/armstrongyregion.com.ar\/diario\/wp-content\/uploads\/2023\/12\/Lanzamiento-Area-Industrial-2H-2-1.jpg\" alt=\"\" class=\"wp-image-41167\" srcset=\"https:\/\/armstrongyregion.com.ar\/diario\/wp-content\/uploads\/2023\/12\/Lanzamiento-Area-Industrial-2H-2-1.jpg 345w, https:\/\/armstrongyregion.com.ar\/diario\/wp-content\/uploads\/2023\/12\/Lanzamiento-Area-Industrial-2H-2-1-300x200.jpg 300w\" sizes=\"auto, (max-width: 345px) 100vw, 345px\" \/><\/a><\/figure>\n\n\n\n<p>El \u00e1rea se encuentra ubicada sobre la RN 9, Km 395 y con una gran conectividad hacia los accesos neur\u00e1lgicos de la regi\u00f3n. A 94 km de Rosario, a 310 km de C\u00f3rdoba y con salida directa a la RN15 y AU 9, Rosario \u2013 C\u00f3rdoba.<\/p>\n\n\n\n<figure class=\"wp-block-image size-full\"><a href=\"http:\/\/armstrongyregion.com.ar\/diario\/wp-content\/uploads\/2023\/12\/Lanzamiento-Area-Industrial-2H-3.jpg\"><img loading=\"lazy\" decoding=\"async\" width=\"334\" height=\"223\" src=\"http:\/\/armstrongyregion.com.ar\/diario\/wp-content\/uploads\/2023\/12\/Lanzamiento-Area-Industrial-2H-3.jpg\" alt=\"\" class=\"wp-image-41168\" srcset=\"https:\/\/armstrongyregion.com.ar\/diario\/wp-content\/uploads\/2023\/12\/Lanzamiento-Area-Industrial-2H-3.jpg 334w, https:\/\/armstrongyregion.com.ar\/diario\/wp-content\/uploads\/2023\/12\/Lanzamiento-Area-Industrial-2H-3-300x200.jpg 300w\" sizes=\"auto, (max-width: 334px) 100vw, 334px\" \/><\/a><\/figure>\n\n\n\n<p>El evento cont\u00f3 con la participaci\u00f3n de los directores de LIFE, coordinadores del proyecto y diferentes protagonistas que hicieron posible el lanzamiento de la nueva \u00c1rea Industrial 2H.<\/p>\n\n\n\n<figure class=\"wp-block-image size-full\"><a href=\"http:\/\/armstrongyregion.com.ar\/diario\/wp-content\/uploads\/2023\/12\/Lanzamiento-Area-Industrial-2H-5.jpg\"><img loading=\"lazy\" decoding=\"async\" width=\"359\" height=\"240\" src=\"http:\/\/armstrongyregion.com.ar\/diario\/wp-content\/uploads\/2023\/12\/Lanzamiento-Area-Industrial-2H-5.jpg\" alt=\"\" class=\"wp-image-41170\" srcset=\"https:\/\/armstrongyregion.com.ar\/diario\/wp-content\/uploads\/2023\/12\/Lanzamiento-Area-Industrial-2H-5.jpg 359w, https:\/\/armstrongyregion.com.ar\/diario\/wp-content\/uploads\/2023\/12\/Lanzamiento-Area-Industrial-2H-5-300x201.jpg 300w\" sizes=\"auto, (max-width: 359px) 100vw, 359px\" \/><\/a><\/figure>\n\n\n\n<p>Cerca de las 20:30, Salvador Di Stefano, el reconocido economista y analista de negocios, dio una nutrida charla sobre la coyuntura pol\u00edtica, econ\u00f3mica y social del pa\u00eds y lo que le deparar\u00e1 a Argentina el pr\u00f3ximo 2024 en el marco de una din\u00e1mica y entretenida participaci\u00f3n con los invitados que disfrutaban de escuchar al disertante.<\/p>\n\n\n\n<p>Adem\u00e1s, se llev\u00f3 a cabo una importante acci\u00f3n junto al Centro Comercial, Industrial y Rural de Armstrong. Se trat\u00f3 de un acuerdo que tiene como fin otorgar un espacio dentro de 2H, que estar\u00e1 destinado a la formaci\u00f3n y desarrollo empresarial que ser\u00e1 suscripto por diferentes entidades de car\u00e1cter formativo para empresas. En el lugar se har\u00e1 un auditorio y un sal\u00f3n de usos m\u00faltiples, donde se llevar\u00e1n a cabo cursos de capacitaci\u00f3n y habr\u00e1 disponibilidad de un espacio con sala de reuniones y sal\u00f3n de conferencias para las empresas miembro.<\/p>\n\n\n\n<p>Gonzalo Capra, coordinador a cargo del proyecto, expres\u00f3 \u201cla firma del convenio representa traer al desarrollo industrial un tipo de servicio, posibilidad de expansi\u00f3n y crecimiento para que las empresas puedan desarrollarse en el marco del \u00c1rea Industrial 2H, realmente es una acci\u00f3n que nutre y potencia al proyecto\u201d.<\/p>\n\n\n\n<p>Por su parte Santiago Feely, director de LIFE concluy\u00f3 \u201cestamos sorprendidos por el inter\u00e9s que ya provoc\u00f3 este parque industrial. A pesar de la sequ\u00eda y el contexto econ\u00f3mico, muchas empresas, especialmente de la metalmec\u00e1nica y el resto de la cadena agroindustrial, nos han solicitado reservas de tierra para formar parte de 2H\u201d.<\/p>\n\n\n\n<p>As\u00ed fue como el 2023 cerr\u00f3 con el \u00faltimo gran evento y lanzamiento por parte de la desarrolladora, que ya piensa y se prepara para cumplir con los objetivos propuestos para el prometedor 2024.<\/p>\n","protected":false},"excerpt":{"rendered":"<p>En el marco de un gran evento que tuvo lugar en la localidad de Armstrong, el d\u00eda de ayer se dio a conocer un nuevo lanzamiento de LIFE Desarrollos. Se trata de la pr\u00f3xima unidad de negocios vinculada al rubro industrial que se desarrollar\u00e1 en la localidad. El equipo de LIFE present\u00f3 su \u00faltimo proyecto: <a href=\"https:\/\/armstrongyregion.com.ar\/diario\/life-desarrollos-despide-el-ano-con-el-lanzamiento-de-2h-el-nuevo-proyecto-industrial\/\" title=\"Read more\" >&#8230;<\/a><\/p>\n","protected":false},"author":1,"featured_media":41164,"comment_status":"open","ping_status":"open","sticky":false,"template":"","format":"image","meta":{"_jetpack_memberships_contains_paid_content":false,"footnotes":"","jetpack_publicize_message":"","jetpack_publicize_feature_enabled":true,"jetpack_social_post_already_shared":true,"jetpack_social_options":{"image_generator_settings":{"template":"highway","default_image_id":0,"enabled":false},"version":2}},"categories":[8,1,2,7,3],"tags":[154,100,10110,16,22,10111,8777,10109,51,639],"class_list":["post-41163","post","type-post","status-publish","format-image","has-post-thumbnail","hentry","category-deliberando","category-diario-armstrong","category-locales","category-politica","category-region","tag-ano","tag-con","tag-despide","tag-el","tag-industrial","tag-lanzamiento-2h","tag-lic-graciela-de-la-casa","tag-life-desarrollos","tag-nuevo","tag-proyecto","post_format-post-format-image"],"jetpack_publicize_connections":[],"jetpack_featured_media_url":"https:\/\/armstrongyregion.com.ar\/diario\/wp-content\/uploads\/2023\/12\/Brindis2H.jpg","jetpack_shortlink":"https:\/\/wp.me\/p62QDO-aHV","jetpack_sharing_enabled":true,"amp_enabled":true,"_links":{"self":[{"href":"https:\/\/armstrongyregion.com.ar\/diario\/wp-json\/wp\/v2\/posts\/41163","targetHints":{"allow":["GET"]}}],"collection":[{"href":"https:\/\/armstrongyregion.com.ar\/diario\/wp-json\/wp\/v2\/posts"}],"about":[{"href":"https:\/\/armstrongyregion.com.ar\/diario\/wp-json\/wp\/v2\/types\/post"}],"author":[{"embeddable":true,"href":"https:\/\/armstrongyregion.com.ar\/diario\/wp-json\/wp\/v2\/users\/1"}],"replies":[{"embeddable":true,"href":"https:\/\/armstrongyregion.com.ar\/diario\/wp-json\/wp\/v2\/comments?post=41163"}],"version-history":[{"count":1,"href":"https:\/\/armstrongyregion.com.ar\/diario\/wp-json\/wp\/v2\/posts\/41163\/revisions"}],"predecessor-version":[{"id":41171,"href":"https:\/\/armstrongyregion.com.ar\/diario\/wp-json\/wp\/v2\/posts\/41163\/revisions\/41171"}],"wp:featuredmedia":[{"embeddable":true,"href":"https:\/\/armstrongyregion.com.ar\/diario\/wp-json\/wp\/v2\/media\/41164"}],"wp:attachment":[{"href":"https:\/\/armstrongyregion.com.ar\/diario\/wp-json\/wp\/v2\/media?parent=41163"}],"wp:term":[{"taxonomy":"category","embeddable":true,"href":"https:\/\/armstrongyregion.com.ar\/diario\/wp-json\/wp\/v2\/categories?post=41163"},{"taxonomy":"post_tag","embeddable":true,"href":"https:\/\/armstrongyregion.com.ar\/diario\/wp-json\/wp\/v2\/tags?post=41163"}],"curies":[{"name":"wp","href":"https:\/\/api.w.org\/{rel}","templated":true}]}}