{"id":41155,"date":"2023-12-22T23:46:21","date_gmt":"2023-12-22T23:46:21","guid":{"rendered":"https:\/\/armstrongyregion.com.ar\/diario\/?p=41155"},"modified":"2023-12-22T23:46:24","modified_gmt":"2023-12-22T23:46:24","slug":"convocatoria-asamblea-ordinaria-asociacion-civil-radioaficionados-de-armstrong-y-zona","status":"publish","type":"post","link":"https:\/\/armstrongyregion.com.ar\/diario\/convocatoria-asamblea-ordinaria-asociacion-civil-radioaficionados-de-armstrong-y-zona\/","title":{"rendered":"Convocatoria Asamblea Ordinaria Asociaci\u00f3n Civil Radioaficionados de Armstrong y zona."},"content":{"rendered":"\n<figure class=\"wp-block-image size-full\"><a href=\"http:\/\/armstrongyregion.com.ar\/diario\/wp-content\/uploads\/2023\/12\/asociacion-radioaficionados-.jpg\"><img loading=\"lazy\" decoding=\"async\" width=\"683\" height=\"455\" src=\"http:\/\/armstrongyregion.com.ar\/diario\/wp-content\/uploads\/2023\/12\/asociacion-radioaficionados-.jpg\" alt=\"\" class=\"wp-image-41157\" srcset=\"https:\/\/armstrongyregion.com.ar\/diario\/wp-content\/uploads\/2023\/12\/asociacion-radioaficionados-.jpg 683w, https:\/\/armstrongyregion.com.ar\/diario\/wp-content\/uploads\/2023\/12\/asociacion-radioaficionados--300x200.jpg 300w\" sizes=\"auto, (max-width: 683px) 100vw, 683px\" \/><\/a><figcaption class=\"wp-element-caption\">Imagen Ilustrativa.<\/figcaption><\/figure>\n\n\n\n<p>CONVOCATORIA<br>Asamblea General Ordinaria<\/p>\n\n\n\n<p>Armstrong, 22 de diciembre de 2023.<\/p>\n\n\n\n<p>Se\u00f1ores Asociados:<\/p>\n\n\n\n<p>Se convoca a los se\u00f1ores asociados a Asamblea General Ordinaria conforme al art\u00edculo<br>37, a celebrarse el d\u00eda 15 de enero de 2024, a las 20hs., en nuestra instalaci\u00f3n en calle Cuffia<br>n\u00b01420, de la ciudad de Armstrong, Departamento Belgrano, Provincia de Santa Fe para tratar el<br>siguiente:<\/p>\n\n\n\n<p>ORDEN DEL DIA:<br>1) Elecci\u00f3n de un socio para que presida la Asamblea. &#8211;<br>2) Designaci\u00f3n de dos asamble\u00edstas para que conjuntamente con el presidente y secretario<br>aprueben y firmen el Acta de Asamblea<br>3) Consideraci\u00f3n de la Memoria Anual, Balance General e Informe del Sindico<br>correspondiente al ejercicio N\u00b0 5, finalizado al 1 de julio de 2023.-<\/p>\n","protected":false},"excerpt":{"rendered":"<p>CONVOCATORIAAsamblea General Ordinaria Armstrong, 22 de diciembre de 2023. Se\u00f1ores Asociados: Se convoca a los se\u00f1ores asociados a Asamblea General Ordinaria conforme al art\u00edculo37, a celebrarse el d\u00eda 15 de enero de 2024, a las 20hs., en nuestra instalaci\u00f3n en calle Cuffian\u00b01420, de la ciudad de Armstrong, Departamento Belgrano, Provincia de Santa Fe para tratar <a href=\"https:\/\/armstrongyregion.com.ar\/diario\/convocatoria-asamblea-ordinaria-asociacion-civil-radioaficionados-de-armstrong-y-zona\/\" title=\"Read more\" >&#8230;<\/a><\/p>\n","protected":false},"author":1,"featured_media":41157,"comment_status":"open","ping_status":"open","sticky":false,"template":"","format":"image","meta":{"_jetpack_memberships_contains_paid_content":false,"footnotes":"","jetpack_publicize_message":"","jetpack_publicize_feature_enabled":true,"jetpack_social_post_already_shared":true,"jetpack_social_options":{"image_generator_settings":{"template":"highway","default_image_id":0,"enabled":false},"version":2}},"categories":[1],"tags":[1346,1280,792,451,8777,9092,3599],"class_list":["post-41155","post","type-post","status-publish","format-image","has-post-thumbnail","hentry","category-diario-armstrong","tag-asamblea","tag-asociacion","tag-civil","tag-convocatoria","tag-lic-graciela-de-la-casa","tag-ordinaria-2","tag-radioaficionados","post_format-post-format-image"],"jetpack_publicize_connections":[],"jetpack_featured_media_url":"https:\/\/armstrongyregion.com.ar\/diario\/wp-content\/uploads\/2023\/12\/asociacion-radioaficionados-.jpg","jetpack_shortlink":"https:\/\/wp.me\/p62QDO-aHN","jetpack_sharing_enabled":true,"amp_enabled":true,"_links":{"self":[{"href":"https:\/\/armstrongyregion.com.ar\/diario\/wp-json\/wp\/v2\/posts\/41155","targetHints":{"allow":["GET"]}}],"collection":[{"href":"https:\/\/armstrongyregion.com.ar\/diario\/wp-json\/wp\/v2\/posts"}],"about":[{"href":"https:\/\/armstrongyregion.com.ar\/diario\/wp-json\/wp\/v2\/types\/post"}],"author":[{"embeddable":true,"href":"https:\/\/armstrongyregion.com.ar\/diario\/wp-json\/wp\/v2\/users\/1"}],"replies":[{"embeddable":true,"href":"https:\/\/armstrongyregion.com.ar\/diario\/wp-json\/wp\/v2\/comments?post=41155"}],"version-history":[{"count":1,"href":"https:\/\/armstrongyregion.com.ar\/diario\/wp-json\/wp\/v2\/posts\/41155\/revisions"}],"predecessor-version":[{"id":41158,"href":"https:\/\/armstrongyregion.com.ar\/diario\/wp-json\/wp\/v2\/posts\/41155\/revisions\/41158"}],"wp:featuredmedia":[{"embeddable":true,"href":"https:\/\/armstrongyregion.com.ar\/diario\/wp-json\/wp\/v2\/media\/41157"}],"wp:attachment":[{"href":"https:\/\/armstrongyregion.com.ar\/diario\/wp-json\/wp\/v2\/media?parent=41155"}],"wp:term":[{"taxonomy":"category","embeddable":true,"href":"https:\/\/armstrongyregion.com.ar\/diario\/wp-json\/wp\/v2\/categories?post=41155"},{"taxonomy":"post_tag","embeddable":true,"href":"https:\/\/armstrongyregion.com.ar\/diario\/wp-json\/wp\/v2\/tags?post=41155"}],"curies":[{"name":"wp","href":"https:\/\/api.w.org\/{rel}","templated":true}]}}