{"id":41140,"date":"2023-12-22T04:51:15","date_gmt":"2023-12-22T04:51:15","guid":{"rendered":"https:\/\/armstrongyregion.com.ar\/diario\/?p=41140"},"modified":"2023-12-22T04:51:18","modified_gmt":"2023-12-22T04:51:18","slug":"armstrong-finalizaron-los-cursos-de-oficios","status":"publish","type":"post","link":"https:\/\/armstrongyregion.com.ar\/diario\/armstrong-finalizaron-los-cursos-de-oficios\/","title":{"rendered":"Armstrong. Finalizaron los cursos de oficios."},"content":{"rendered":"\n<figure class=\"wp-block-image size-full\"><a href=\"http:\/\/armstrongyregion.com.ar\/diario\/wp-content\/uploads\/2023\/12\/clecla-1-.jpg\"><img loading=\"lazy\" decoding=\"async\" width=\"675\" height=\"450\" src=\"http:\/\/armstrongyregion.com.ar\/diario\/wp-content\/uploads\/2023\/12\/clecla-1-.jpg\" alt=\"\" class=\"wp-image-41141\" srcset=\"https:\/\/armstrongyregion.com.ar\/diario\/wp-content\/uploads\/2023\/12\/clecla-1-.jpg 675w, https:\/\/armstrongyregion.com.ar\/diario\/wp-content\/uploads\/2023\/12\/clecla-1--300x200.jpg 300w\" sizes=\"auto, (max-width: 675px) 100vw, 675px\" \/><\/a><\/figure>\n\n\n\n<p>El mi\u00e9rcoles 20 de diciembre en el auditorio Delmo Dar\u00f3 se entregaron los certificados a quienes<br>participaron de los diferentes cursos de oficios ofrecidos por la Municipalidad de Armstrong junto al<br>Centro de Capacitaci\u00f3n Laboral N\u00b0 111 (CECLA), cuyo Director es el MMO Rub\u00e9n Iturra.<br>En la oportunidad, las autoridades municipales y los profesores entregaron un total de 76<br>certificados de finalizaci\u00f3n de los cursos, y un segundo certificado que otorga el CECLA avalado por<br>el Ministerio de Educaci\u00f3n de la Provincia de Santa Fe.<\/p>\n\n\n\n<figure class=\"wp-block-image size-full\"><a href=\"http:\/\/armstrongyregion.com.ar\/diario\/wp-content\/uploads\/2023\/12\/cecla-2-.jpg\"><img loading=\"lazy\" decoding=\"async\" width=\"675\" height=\"450\" src=\"http:\/\/armstrongyregion.com.ar\/diario\/wp-content\/uploads\/2023\/12\/cecla-2-.jpg\" alt=\"\" class=\"wp-image-41142\" srcset=\"https:\/\/armstrongyregion.com.ar\/diario\/wp-content\/uploads\/2023\/12\/cecla-2-.jpg 675w, https:\/\/armstrongyregion.com.ar\/diario\/wp-content\/uploads\/2023\/12\/cecla-2--300x200.jpg 300w\" sizes=\"auto, (max-width: 675px) 100vw, 675px\" \/><\/a><\/figure>\n\n\n\n<p><br>Una de las caracter\u00edsticas principales de estas capacitaciones te\u00f3rico-pr\u00e1cticas es que fueron<br>cuatrimestrales y\/o anuales lo que ofrece una r\u00e1pida salida laboral.<\/p>\n\n\n\n<figure class=\"wp-block-image size-full\"><a href=\"http:\/\/armstrongyregion.com.ar\/diario\/wp-content\/uploads\/2023\/12\/cecla-4-.jpg\"><img loading=\"lazy\" decoding=\"async\" width=\"675\" height=\"450\" src=\"http:\/\/armstrongyregion.com.ar\/diario\/wp-content\/uploads\/2023\/12\/cecla-4-.jpg\" alt=\"\" class=\"wp-image-41144\" srcset=\"https:\/\/armstrongyregion.com.ar\/diario\/wp-content\/uploads\/2023\/12\/cecla-4-.jpg 675w, https:\/\/armstrongyregion.com.ar\/diario\/wp-content\/uploads\/2023\/12\/cecla-4--300x200.jpg 300w\" sizes=\"auto, (max-width: 675px) 100vw, 675px\" \/><\/a><\/figure>\n\n\n\n<p><br>Recibieron sus diplomas los egresados de:<\/p>\n\n\n\n<figure class=\"wp-block-image size-full\"><a href=\"http:\/\/armstrongyregion.com.ar\/diario\/wp-content\/uploads\/2023\/12\/cecla-3-.jpg\"><img loading=\"lazy\" decoding=\"async\" width=\"675\" height=\"450\" src=\"http:\/\/armstrongyregion.com.ar\/diario\/wp-content\/uploads\/2023\/12\/cecla-3-.jpg\" alt=\"\" class=\"wp-image-41143\" srcset=\"https:\/\/armstrongyregion.com.ar\/diario\/wp-content\/uploads\/2023\/12\/cecla-3-.jpg 675w, https:\/\/armstrongyregion.com.ar\/diario\/wp-content\/uploads\/2023\/12\/cecla-3--300x200.jpg 300w\" sizes=\"auto, (max-width: 675px) 100vw, 675px\" \/><\/a><\/figure>\n\n\n\n<ul class=\"wp-block-list\">\n<li>Pasteler\u00eda. Prof. Ver\u00f3nica Santos. Algunos de sus asistentes ya crearon su<br>microemprendimiento como pasteleras.<\/li>\n\n\n\n<li>Cocina sin tacc. Prof. Romina Orellana. Destinado especialmente a familias o personas con<br>celiaqu\u00eda. Se agradece al C.T. El Topero por haber facilitado sus instalaciones para el<br>desarrollo del mismo.<\/li>\n\n\n\n<li>Cocina saludable y vegetariana. Prof. Romina Orellana.<\/li>\n\n\n\n<li>Mozo\/Camarero de sal\u00f3n. Prof. V\u00edctor Gonzalez. Sus participantes ya est\u00e1n trabajando.<br>Tambi\u00e9n tuvieron la oportunidad de capacitarse como baristas, especialistas en el arte de<br>servir caf\u00e9, pr\u00e1ctica que realizaron en el bar La Terminal, y en el bar Beerlin aprendieron a<br>ser bartender.<\/li>\n\n\n\n<li>Instalaciones el\u00e9ctricas domiciliarias. Prof. Adri\u00e1n Reinoso. Realizaron pr\u00e1cticas en<br>Armstrong y Las Parejas. Armaron tableros e hicieron instalaciones el\u00e9ctricas en viviendas.<\/li>\n\n\n\n<li>Instalaciones domiciliarias de gas. Prof. Neri Panigatti. Practicaron en varios lugares,<br>destacando el trabajo en Club Hurac\u00e1n. Este curso se hab\u00eda iniciado en 2022. En este caso, se<br>les entreg\u00f3 tambi\u00e9n el certificado anal\u00edtico que les permite tramitar su Matr\u00edcula Profesional<br>en la empresa Litoral Gas.<\/li>\n\n\n\n<li>Mantenimiento de edificios. Prof. Jorge Duca. Tuvieron pr\u00e1cticas en distintos domicilios,<br>destacando el trabajo de construcci\u00f3n en seco realizado en las instalaciones del Registro<br>Civil de nuestra ciudad. Contin\u00faa en el 2024.<\/li>\n\n\n\n<li>Instalaci\u00f3n y mantenimiento de aires acondicionados y heladeras. Prof. Joel Delgado.<br>Realizaron muchas pr\u00e1cticas en comercios, viviendas y solucionaron problemas de equipos.<\/li>\n<\/ul>\n","protected":false},"excerpt":{"rendered":"<p>El mi\u00e9rcoles 20 de diciembre en el auditorio Delmo Dar\u00f3 se entregaron los certificados a quienesparticiparon de los diferentes cursos de oficios ofrecidos por la Municipalidad de Armstrong junto alCentro de Capacitaci\u00f3n Laboral N\u00b0 111 (CECLA), cuyo Director es el MMO Rub\u00e9n Iturra.En la oportunidad, las autoridades municipales y los profesores entregaron un total de <a href=\"https:\/\/armstrongyregion.com.ar\/diario\/armstrong-finalizaron-los-cursos-de-oficios\/\" title=\"Read more\" >&#8230;<\/a><\/p>\n","protected":false},"author":1,"featured_media":41141,"comment_status":"open","ping_status":"open","sticky":false,"template":"","format":"image","meta":{"_jetpack_memberships_contains_paid_content":false,"footnotes":"","jetpack_publicize_message":"","jetpack_publicize_feature_enabled":true,"jetpack_social_post_already_shared":true,"jetpack_social_options":{"image_generator_settings":{"template":"highway","default_image_id":0,"enabled":false},"version":2}},"categories":[8,1,2,7,3],"tags":[20,1255,10104,9769],"class_list":["post-41140","post","type-post","status-publish","format-image","has-post-thumbnail","hentry","category-deliberando","category-diario-armstrong","category-locales","category-politica","category-region","tag-armstrong","tag-cursos","tag-de-oficios-lic-graciela-de-la-casa","tag-finalizaron","post_format-post-format-image"],"jetpack_publicize_connections":[],"jetpack_featured_media_url":"https:\/\/armstrongyregion.com.ar\/diario\/wp-content\/uploads\/2023\/12\/clecla-1-.jpg","jetpack_shortlink":"https:\/\/wp.me\/p62QDO-aHy","jetpack_sharing_enabled":true,"amp_enabled":true,"_links":{"self":[{"href":"https:\/\/armstrongyregion.com.ar\/diario\/wp-json\/wp\/v2\/posts\/41140","targetHints":{"allow":["GET"]}}],"collection":[{"href":"https:\/\/armstrongyregion.com.ar\/diario\/wp-json\/wp\/v2\/posts"}],"about":[{"href":"https:\/\/armstrongyregion.com.ar\/diario\/wp-json\/wp\/v2\/types\/post"}],"author":[{"embeddable":true,"href":"https:\/\/armstrongyregion.com.ar\/diario\/wp-json\/wp\/v2\/users\/1"}],"replies":[{"embeddable":true,"href":"https:\/\/armstrongyregion.com.ar\/diario\/wp-json\/wp\/v2\/comments?post=41140"}],"version-history":[{"count":1,"href":"https:\/\/armstrongyregion.com.ar\/diario\/wp-json\/wp\/v2\/posts\/41140\/revisions"}],"predecessor-version":[{"id":41145,"href":"https:\/\/armstrongyregion.com.ar\/diario\/wp-json\/wp\/v2\/posts\/41140\/revisions\/41145"}],"wp:featuredmedia":[{"embeddable":true,"href":"https:\/\/armstrongyregion.com.ar\/diario\/wp-json\/wp\/v2\/media\/41141"}],"wp:attachment":[{"href":"https:\/\/armstrongyregion.com.ar\/diario\/wp-json\/wp\/v2\/media?parent=41140"}],"wp:term":[{"taxonomy":"category","embeddable":true,"href":"https:\/\/armstrongyregion.com.ar\/diario\/wp-json\/wp\/v2\/categories?post=41140"},{"taxonomy":"post_tag","embeddable":true,"href":"https:\/\/armstrongyregion.com.ar\/diario\/wp-json\/wp\/v2\/tags?post=41140"}],"curies":[{"name":"wp","href":"https:\/\/api.w.org\/{rel}","templated":true}]}}