{"id":41133,"date":"2023-12-20T21:13:15","date_gmt":"2023-12-20T21:13:15","guid":{"rendered":"https:\/\/armstrongyregion.com.ar\/diario\/?p=41133"},"modified":"2023-12-20T21:13:17","modified_gmt":"2023-12-20T21:13:17","slug":"pullaro-encabezo-la-primera-reunion-de-la-junta-provincial-de-proteccion-civil","status":"publish","type":"post","link":"https:\/\/armstrongyregion.com.ar\/diario\/pullaro-encabezo-la-primera-reunion-de-la-junta-provincial-de-proteccion-civil\/","title":{"rendered":"Pullaro encabez\u00f3 la primera reuni\u00f3n de la Junta Provincial de Protecci\u00f3n Civil."},"content":{"rendered":"\n<figure class=\"wp-block-image size-full\"><a href=\"http:\/\/armstrongyregion.com.ar\/diario\/wp-content\/uploads\/2023\/12\/pullaro-proteccion-civil-.jpg\"><img loading=\"lazy\" decoding=\"async\" width=\"420\" height=\"280\" src=\"http:\/\/armstrongyregion.com.ar\/diario\/wp-content\/uploads\/2023\/12\/pullaro-proteccion-civil-.jpg\" alt=\"\" class=\"wp-image-41134\" srcset=\"https:\/\/armstrongyregion.com.ar\/diario\/wp-content\/uploads\/2023\/12\/pullaro-proteccion-civil-.jpg 420w, https:\/\/armstrongyregion.com.ar\/diario\/wp-content\/uploads\/2023\/12\/pullaro-proteccion-civil--300x200.jpg 300w\" sizes=\"auto, (max-width: 420px) 100vw, 420px\" \/><\/a><\/figure>\n\n\n\n<h2 class=\"wp-block-heading\">Re\u00fane a integrantes del gobierno y de la sociedad civil, para trabajar coordinadamente en medidas y acciones por la emergencia h\u00eddrica. \u201cQueremos llevar tranquilidad a los vecinos de la provincia, que su gobierno est\u00e1 trabajando para tener una respuesta adecuada antes los efectos del fen\u00f3meno de El Ni\u00f1o\u201d, manifest\u00f3 el secretario de Protecci\u00f3n Civil y Gesti\u00f3n de Riesgo, Marcos Escajadillo.<\/h2>\n\n\n\n<p>El gobernador Maximiliano Pullaro encabez\u00f3 este mi\u00e9rcoles la primera reuni\u00f3n de la Junta Provincial de Protecci\u00f3n Civil, con el prop\u00f3sito de continuar avanzando en acciones para mitigar las consecuencias de la Emergencia H\u00eddrica, junto a las \u00e1reas de Justicia y Seguridad, Salud, Educaci\u00f3n, Econom\u00eda, y Ambiente y Cambio Clim\u00e1tico.<\/p>\n\n\n\n<p>Al respecto, el secretario de Protecci\u00f3n Civil y Gesti\u00f3n de Riesgo, Marcos Escajadillo, destac\u00f3 que \u201choy se da un paso fundamental en las respuestas y acciones, no s\u00f3lo del Gobierno de la provincia sino de instituciones y organizaciones no gubernamentales que tienen injerencia en la ayuda a la sociedad\u201d, quienes mostraron \u201cpredisposici\u00f3n para trabajar en conjunto\u201d.<br>\u201cQuiero llevar tranquilidad a los vecinos de la provincia, que su gobierno est\u00e1 trabajando para tener una respuesta adecuada ante los efectos del fen\u00f3meno del Ni\u00f1o\u201d, manifest\u00f3 Escajadillo; y convoc\u00f3 a \u201cextremar medidas de precauci\u00f3n y prevenci\u00f3n cuando hay alerta meteorol\u00f3gica\u201d.<\/p>\n\n\n\n<p>Por \u00faltimo, el secretario precis\u00f3 que pr\u00f3ximamente \u201cnos reuniremos con intendentes y presidentes comunales, con la idea de fomentar la creaci\u00f3n de las juntas locales de Protecci\u00f3n Civil, para determinar qu\u00e9 riesgo tiene cada localidad y si est\u00e1 preparada ante cualquier emergencia, y con que cuenta para hacerle frente, y superar de la mejor manera las dificultades\u201d.<\/p>\n\n\n\n<p>En el marco de la declaraci\u00f3n de Emergencia H\u00eddrica Provincial, Pullaro dispuso la creaci\u00f3n de la Junta Provincial de Protecci\u00f3n Civil y del Comit\u00e9 Operativo Interministerial de la Emergencia. Asimismo, los equipos t\u00e9cnicos de la Secretar\u00eda coordinan la atenci\u00f3n y respuesta con las Juntas Locales, y eval\u00faan da\u00f1os y necesidades.<\/p>\n\n\n\n<figure class=\"wp-block-image\"><img decoding=\"async\" src=\"https:\/\/ci3.googleusercontent.com\/meips\/ADKq_NZR5xlyraAOXdvx3twarxp3NVrZ3zQ4asX2-Z31FjB2HJIZeoM8IB1gpQEqo7P0MuSAo2p2xRk6eaEl7QIa99aEXudfY4lkTVu5z2-_DoPHSBSe-YdTfi6vh8B747b3HFOemhJP5gagaFmpsBw=s0-d-e1-ft#https:\/\/www.santafe.gob.ar\/noticias\/recursos\/fotos\/2023\/12\/2023-12-20NID_279453O_2.jpeg\" alt=\"\"\/><\/figure>\n\n\n\n<p><strong>PRESENTES<\/strong><br>Participaron del encuentro las ministras de Salud, Silvia Ciancio; de Igualdad y Desarrollo Humano, Mar\u00eda Victoria Tejeda, y los ministros de Educaci\u00f3n, Jos\u00e9 Goity; de Justicia y Seguridad, Pablo Cococcioni; de Gobierno e Innovaci\u00f3n P\u00fablica, Fabi\u00e1n Bast\u00eda; de Ambiente y Cambio Clim\u00e1tico, Enrique Est\u00e9vez; y de Econom\u00eda, Pablo Olivares; el secretario general de la provincia, Juan Cruz C\u00e1ndido; la directora de C\u00e1ritas Santa Fe, Martha Guadalupe Greppi; el coordinador general de Cruz Roja, Osvaldo Ferrero; el presidente Comisi\u00f3n Nacional de Excombatientes de Malvinas, Adolfo Schweighofer; integrantes del Ej\u00e9rcito, Bomberos Voluntarios, Gendarmer\u00eda y Polic\u00eda Federal.<\/p>\n","protected":false},"excerpt":{"rendered":"<p>Re\u00fane a integrantes del gobierno y de la sociedad civil, para trabajar coordinadamente en medidas y acciones por la emergencia h\u00eddrica. \u201cQueremos llevar tranquilidad a los vecinos de la provincia, que su gobierno est\u00e1 trabajando para tener una respuesta adecuada antes los efectos del fen\u00f3meno de El Ni\u00f1o\u201d, manifest\u00f3 el secretario de Protecci\u00f3n Civil y <a href=\"https:\/\/armstrongyregion.com.ar\/diario\/pullaro-encabezo-la-primera-reunion-de-la-junta-provincial-de-proteccion-civil\/\" title=\"Read more\" >&#8230;<\/a><\/p>\n","protected":false},"author":1,"featured_media":41134,"comment_status":"open","ping_status":"open","sticky":false,"template":"","format":"image","meta":{"_jetpack_memberships_contains_paid_content":false,"footnotes":"","jetpack_publicize_message":"","jetpack_publicize_feature_enabled":true,"jetpack_social_post_already_shared":true,"jetpack_social_options":{"image_generator_settings":{"template":"highway","default_image_id":0,"enabled":false},"version":2}},"categories":[8,1,2,7],"tags":[10103,1810,10101,10102,2008,2846,462],"class_list":["post-41133","post","type-post","status-publish","format-image","has-post-thumbnail","hentry","category-deliberando","category-diario-armstrong","category-locales","category-politica","tag-defensa-civil","tag-encabezo","tag-junta","tag-junta-pcial","tag-primera","tag-pullaro","tag-reunion","post_format-post-format-image"],"jetpack_publicize_connections":[],"jetpack_featured_media_url":"https:\/\/armstrongyregion.com.ar\/diario\/wp-content\/uploads\/2023\/12\/pullaro-proteccion-civil-.jpg","jetpack_shortlink":"https:\/\/wp.me\/p62QDO-aHr","jetpack_sharing_enabled":true,"amp_enabled":true,"_links":{"self":[{"href":"https:\/\/armstrongyregion.com.ar\/diario\/wp-json\/wp\/v2\/posts\/41133","targetHints":{"allow":["GET"]}}],"collection":[{"href":"https:\/\/armstrongyregion.com.ar\/diario\/wp-json\/wp\/v2\/posts"}],"about":[{"href":"https:\/\/armstrongyregion.com.ar\/diario\/wp-json\/wp\/v2\/types\/post"}],"author":[{"embeddable":true,"href":"https:\/\/armstrongyregion.com.ar\/diario\/wp-json\/wp\/v2\/users\/1"}],"replies":[{"embeddable":true,"href":"https:\/\/armstrongyregion.com.ar\/diario\/wp-json\/wp\/v2\/comments?post=41133"}],"version-history":[{"count":1,"href":"https:\/\/armstrongyregion.com.ar\/diario\/wp-json\/wp\/v2\/posts\/41133\/revisions"}],"predecessor-version":[{"id":41135,"href":"https:\/\/armstrongyregion.com.ar\/diario\/wp-json\/wp\/v2\/posts\/41133\/revisions\/41135"}],"wp:featuredmedia":[{"embeddable":true,"href":"https:\/\/armstrongyregion.com.ar\/diario\/wp-json\/wp\/v2\/media\/41134"}],"wp:attachment":[{"href":"https:\/\/armstrongyregion.com.ar\/diario\/wp-json\/wp\/v2\/media?parent=41133"}],"wp:term":[{"taxonomy":"category","embeddable":true,"href":"https:\/\/armstrongyregion.com.ar\/diario\/wp-json\/wp\/v2\/categories?post=41133"},{"taxonomy":"post_tag","embeddable":true,"href":"https:\/\/armstrongyregion.com.ar\/diario\/wp-json\/wp\/v2\/tags?post=41133"}],"curies":[{"name":"wp","href":"https:\/\/api.w.org\/{rel}","templated":true}]}}