{"id":41130,"date":"2023-12-20T21:08:51","date_gmt":"2023-12-20T21:08:51","guid":{"rendered":"https:\/\/armstrongyregion.com.ar\/diario\/?p=41130"},"modified":"2023-12-20T21:08:54","modified_gmt":"2023-12-20T21:08:54","slug":"destacan-el-rol-de-los-profesionales-de-la-salud-en-el-diagnostico-del-caso-de-encefalitis-equina-del-oeste","status":"publish","type":"post","link":"https:\/\/armstrongyregion.com.ar\/diario\/destacan-el-rol-de-los-profesionales-de-la-salud-en-el-diagnostico-del-caso-de-encefalitis-equina-del-oeste\/","title":{"rendered":"Destacan el rol de los profesionales de la salud en el diagn\u00f3stico del caso de Encefalitis Equina del Oeste."},"content":{"rendered":"\n<figure class=\"wp-block-table\"><table><tbody><tr><td><\/td><\/tr><\/tbody><\/table><\/figure>\n\n\n\n<figure class=\"wp-block-image size-full\"><a href=\"http:\/\/armstrongyregion.com.ar\/diario\/wp-content\/uploads\/2023\/12\/caso-encefalitis-equina-.jpg\"><img loading=\"lazy\" decoding=\"async\" width=\"603\" height=\"432\" src=\"http:\/\/armstrongyregion.com.ar\/diario\/wp-content\/uploads\/2023\/12\/caso-encefalitis-equina-.jpg\" alt=\"\" class=\"wp-image-41131\" srcset=\"https:\/\/armstrongyregion.com.ar\/diario\/wp-content\/uploads\/2023\/12\/caso-encefalitis-equina-.jpg 603w, https:\/\/armstrongyregion.com.ar\/diario\/wp-content\/uploads\/2023\/12\/caso-encefalitis-equina--300x215.jpg 300w\" sizes=\"auto, (max-width: 603px) 100vw, 603px\" \/><\/a><\/figure>\n\n\n\n<h2 class=\"wp-block-heading\">\u201cSon nuevas enfermedades que aparecen y que Reconquista haya sido la primera en el pa\u00eds en diagnosticarla es una buena noticia\u201d, valor\u00f3 la secretaria de Salud, Andrea Uboldi durante una conferencia de prensa en la ciudad del norte provincial.<\/h2>\n\n\n\n<p>Luego de la confirmaci\u00f3n de un caso de Encefalitis Equina del Oeste (EEO) en el norte santafesino, la secretaria de Salud de la Provincia, Andrea Uboldi, junto a la directora provincial de Epidemiolog\u00eda, Carolina Cud\u00f3s, y el director del Hospital Regional de Reconquista, Juan Carlos Zanuttini, brindaron una conferencia de prensa en Reconquista donde destacaron el trabajo de los profesionales de la salud que permitieron llegar al diagn\u00f3stico.<\/p>\n\n\n\n<p>En la oportunidad, Uboldi, valor\u00f3 \u201cel rol de los profesionales de esta instituci\u00f3n p\u00fablica que han permitido, a trav\u00e9s de las muestras adecuadas, poder tener el apellido del diagn\u00f3stico de esta persona que evoluciona favorablemente\u201d.<\/p>\n\n\n\n<p>Luego, aclar\u00f3 que \u201ces una enfermedad que puede transmitirse infrecuentemente de los animales al hombre\u201d y \u201cno se contagia de persona a persona por lo cual el paciente internado no implic\u00f3 un riesgo ni para el personal ni para los otros pacientes. Son nuevas enfermedades que aparecen y que Reconquista haya sido la primera en el pa\u00eds en diagnosticarla es una buena noticia\u201d, a\u00f1adi\u00f3 la secretaria.&nbsp;<\/p>\n\n\n\n<p>Por \u00faltimo, Uboldi destac\u00f3 que \u201cla mayor\u00eda de las personas que se infectan no necesitan internarse, pero aquellos que se internan graves si son adecuadamente derivados y tratados, como ocurri\u00f3 con este caso, seguramente vayan a tener mejores resultados. \u00c9sta es la tranquilidad que hay que llevarle a la poblaci\u00f3n de esta red que est\u00e1 funcionando en el norte de nuestra provincia\u201d.<\/p>\n\n\n\n<p><strong>CARACTER\u00cdSTICAS<\/strong><br>A su turno, Cud\u00f3s explic\u00f3 que \u201cel paciente comienza con fiebre muy alta, cansancio en el cuerpo, dolor muscular\u201d y explic\u00f3 que \u201ca los pacientes que solamente tengan esos s\u00edntomas no los podemos estudiar porque hay un mont\u00f3n de enfermedades con s\u00edntomas similares\u201d, en tanto que otros pacientes \u201cpueden presentar cefalea intensa, estados de confusi\u00f3n o irritabilidad, mareos, o sea, estados de compromiso neurol\u00f3gico. En esos casos se los estudia por esta enfermedad, adem\u00e1s de otras enfermedades\u201d.<br>Por su parte, Zanuttini, record\u00f3 que \u201cel paciente lleg\u00f3 con fiebre, mareo, dolor de cabeza, muy confundido y con p\u00e9rdida de la ubicaci\u00f3n en tiempo y espacio. Al ingresarlo, pasa a terapia intensiva, se hacen los estudios correspondientes, entra al respirador, y all\u00ed se piensa que podr\u00eda ser una encefalitis equina\u201d.<\/p>\n\n\n\n<p>\u201cTenemos que felicitar a estos m\u00e9dicos por haber tenido la precauci\u00f3n o haber pensado en esta enfermedad y gracias a eso se enviaron los estudios al Instituto Maiztegui que confirm\u00f3 el caso. Luego, el director del hospital a\u00f1adi\u00f3 que \u201cel paciente evolucion\u00f3 bien y est\u00e1 a punto de ser dado de alta\u201d.&nbsp;<\/p>\n\n\n\n<p>De la conferencia tambi\u00e9n particip\u00f3 la infect\u00f3loga del hospital, Lucila Frey.<\/p>\n","protected":false},"excerpt":{"rendered":"<p>\u201cSon nuevas enfermedades que aparecen y que Reconquista haya sido la primera en el pa\u00eds en diagnosticarla es una buena noticia\u201d, valor\u00f3 la secretaria de Salud, Andrea Uboldi durante una conferencia de prensa en la ciudad del norte provincial. Luego de la confirmaci\u00f3n de un caso de Encefalitis Equina del Oeste (EEO) en el norte <a href=\"https:\/\/armstrongyregion.com.ar\/diario\/destacan-el-rol-de-los-profesionales-de-la-salud-en-el-diagnostico-del-caso-de-encefalitis-equina-del-oeste\/\" title=\"Read more\" >&#8230;<\/a><\/p>\n","protected":false},"author":1,"featured_media":41131,"comment_status":"open","ping_status":"open","sticky":false,"template":"","format":"image","meta":{"_jetpack_memberships_contains_paid_content":false,"footnotes":"","jetpack_publicize_message":"","jetpack_publicize_feature_enabled":true,"jetpack_social_post_already_shared":true,"jetpack_social_options":{"image_generator_settings":{"template":"highway","default_image_id":0,"enabled":false},"version":2}},"categories":[8,1,2,7,4,3],"tags":[5016,297,2162,10100,8777,3852,4394],"class_list":["post-41130","post","type-post","status-publish","format-image","has-post-thumbnail","hentry","category-deliberando","category-diario-armstrong","category-locales","category-politica","category-prevencion-salud","category-region","tag-armstrong-y-region","tag-caso","tag-destacan","tag-encefalitis-equina","tag-lic-graciela-de-la-casa","tag-profesionales","tag-rol","post_format-post-format-image"],"jetpack_publicize_connections":[],"jetpack_featured_media_url":"https:\/\/armstrongyregion.com.ar\/diario\/wp-content\/uploads\/2023\/12\/caso-encefalitis-equina-.jpg","jetpack_shortlink":"https:\/\/wp.me\/p62QDO-aHo","jetpack_sharing_enabled":true,"amp_enabled":true,"_links":{"self":[{"href":"https:\/\/armstrongyregion.com.ar\/diario\/wp-json\/wp\/v2\/posts\/41130","targetHints":{"allow":["GET"]}}],"collection":[{"href":"https:\/\/armstrongyregion.com.ar\/diario\/wp-json\/wp\/v2\/posts"}],"about":[{"href":"https:\/\/armstrongyregion.com.ar\/diario\/wp-json\/wp\/v2\/types\/post"}],"author":[{"embeddable":true,"href":"https:\/\/armstrongyregion.com.ar\/diario\/wp-json\/wp\/v2\/users\/1"}],"replies":[{"embeddable":true,"href":"https:\/\/armstrongyregion.com.ar\/diario\/wp-json\/wp\/v2\/comments?post=41130"}],"version-history":[{"count":1,"href":"https:\/\/armstrongyregion.com.ar\/diario\/wp-json\/wp\/v2\/posts\/41130\/revisions"}],"predecessor-version":[{"id":41132,"href":"https:\/\/armstrongyregion.com.ar\/diario\/wp-json\/wp\/v2\/posts\/41130\/revisions\/41132"}],"wp:featuredmedia":[{"embeddable":true,"href":"https:\/\/armstrongyregion.com.ar\/diario\/wp-json\/wp\/v2\/media\/41131"}],"wp:attachment":[{"href":"https:\/\/armstrongyregion.com.ar\/diario\/wp-json\/wp\/v2\/media?parent=41130"}],"wp:term":[{"taxonomy":"category","embeddable":true,"href":"https:\/\/armstrongyregion.com.ar\/diario\/wp-json\/wp\/v2\/categories?post=41130"},{"taxonomy":"post_tag","embeddable":true,"href":"https:\/\/armstrongyregion.com.ar\/diario\/wp-json\/wp\/v2\/tags?post=41130"}],"curies":[{"name":"wp","href":"https:\/\/api.w.org\/{rel}","templated":true}]}}