{"id":41127,"date":"2023-12-19T04:03:35","date_gmt":"2023-12-19T04:03:35","guid":{"rendered":"https:\/\/armstrongyregion.com.ar\/diario\/?p=41127"},"modified":"2023-12-19T04:03:38","modified_gmt":"2023-12-19T04:03:38","slug":"se-reprogramo-la-fiesta-armstrong-tierra-mia","status":"publish","type":"post","link":"https:\/\/armstrongyregion.com.ar\/diario\/se-reprogramo-la-fiesta-armstrong-tierra-mia\/","title":{"rendered":"Se reprogram\u00f3 la fiesta Armstrong Tierra M\u00eda."},"content":{"rendered":"\n<figure class=\"wp-block-image size-full\"><a href=\"http:\/\/armstrongyregion.com.ar\/diario\/wp-content\/uploads\/2023\/12\/ATM.jpg\"><img loading=\"lazy\" decoding=\"async\" width=\"318\" height=\"320\" src=\"http:\/\/armstrongyregion.com.ar\/diario\/wp-content\/uploads\/2023\/12\/ATM.jpg\" alt=\"\" class=\"wp-image-41128\" srcset=\"https:\/\/armstrongyregion.com.ar\/diario\/wp-content\/uploads\/2023\/12\/ATM.jpg 318w, https:\/\/armstrongyregion.com.ar\/diario\/wp-content\/uploads\/2023\/12\/ATM-298x300.jpg 298w, https:\/\/armstrongyregion.com.ar\/diario\/wp-content\/uploads\/2023\/12\/ATM-150x150.jpg 150w\" sizes=\"auto, (max-width: 318px) 100vw, 318px\" \/><\/a><\/figure>\n\n\n\n<p><strong>Con motivo de las inclemencias clim\u00e1ticas, la Municipalidad de Armstrong reprogram\u00f3 la fiesta<br>\u201cArmstrong Tierra M\u00eda\u201d para los d\u00edas viernes 22 y s\u00e1bado 23 de diciembre, ambos d\u00edas desde las<br>20:30 hs. en Plaza San Mart\u00edn.<\/strong><\/p>\n\n\n\n<p>La nueva programaci\u00f3n qued\u00f3 establecida de la siguiente manera:<br>Viernes 22: Entrega de las menciones a los Deportistas Destacados 2023, propuestos por los clubes<br>de la ciudad; Talleres municipales de danzas Cl\u00e1sicas y Jazz \u201cMovimientos del Alma\u201d, y de danzas<br>\u00e1rabes a cargo de la Prof. Faty Ay\u00fan; Danzas cl\u00e1sicas de Club Norte \u201cSo\u00f1ar con los Pies\u201d; Folclore de<br>ni\u00f1os de Fundaci\u00f3n Bemba Color\u00e1; Los Salieris de Charly; Ballet Huayna Suty dirigido por el Prof.<br>Pablo Colazo; Ensamble Folcl\u00f3rico y Ensamble de Vientos del Conservatorio de M\u00fasica Municipal; y<br>el cierre con el Grupo musical La Gaitana.<br>S\u00e1bado 23: Tri Campeona Provincial de Malambo Mar\u00eda Jos\u00e9 Rodr\u00edguez y la pareja de Sandra Barles y<br>Ricardo Maldonado e infantiles del Grupo de Danzas Folcl\u00f3ricas Argentinas \u201cFrancisco Maldonado\u201d;<br>Iniciaci\u00f3n musical, Coro de Ni\u00f1os, Coro de Adultos y Banda Infanto Juvenil del Conservatorio<br>Municipal; Ballets infantil y juvenil del C. T. El Tropero; Grupo \u201cCruz del Sur\u201d; Para los m\u00e1s chicos \u201cLa<br>Granja est\u00e1 de Fiesta\u201d; Grupo \u201cCalambre Instrumental\u201d; Taller Municipal de Danzas Flamencas \u201cAlba<br>Gitana\u201d; Grupo \u201cPalo Santo Litoral\u201d; Grupo de Danzas Latinoamericanas \u201cWarmi\u201d; Talleres de tango<br>y salsa de Fundaci\u00f3n Bemba Color\u00e1\u201d; y un final a toda fiesta con el reconocido grupo Los Lirios.<br>En este caso no se realizar\u00e1 el tradicional desfile por las calles de la ciudad.<br>Viernes y s\u00e1bado se podr\u00e1 apreciar la creatividad y trabajo de microemprendedores junto a Colores<br>y Sabores Locales, y la Feria Regional de Artesanos y Emprendedores que llegan desde todo el pa\u00eds<br>con sus distintas propuestas.<br>Sobre la explanada de la Estaci\u00f3n M\u00e1s se podr\u00e1 recorrer la muestra est\u00e1tica de maquinaria agr\u00edcola<br>de empresas locales.<br>Se ofrecer\u00e1n servicios de buffet que estar\u00e1n a cargo de instituciones deportivas de la ciudad, clubes<br>Norte, Barraca, Mickey, Defensores y Hurac\u00e1n, y un stand con alimentos libres de gluten, sin tacc, de<br>\u201cLa Cocina de Su\u201d, los cl\u00e1sicos tragos tropicales y pochoclos.<br>Si bien se dispondr\u00e1n sillas de manera gratuita, se invita a acercarse con reposeras, banquitos o lo<br>que consideren m\u00e1s c\u00f3modo para pasar dos noches inolvidables junto a la familia y amigos.<\/p>\n","protected":false},"excerpt":{"rendered":"<p>Con motivo de las inclemencias clim\u00e1ticas, la Municipalidad de Armstrong reprogram\u00f3 la fiesta\u201cArmstrong Tierra M\u00eda\u201d para los d\u00edas viernes 22 y s\u00e1bado 23 de diciembre, ambos d\u00edas desde las20:30 hs. en Plaza San Mart\u00edn. La nueva programaci\u00f3n qued\u00f3 establecida de la siguiente manera:Viernes 22: Entrega de las menciones a los Deportistas Destacados 2023, propuestos por <a href=\"https:\/\/armstrongyregion.com.ar\/diario\/se-reprogramo-la-fiesta-armstrong-tierra-mia\/\" title=\"Read more\" >&#8230;<\/a><\/p>\n","protected":false},"author":1,"featured_media":41128,"comment_status":"open","ping_status":"open","sticky":false,"template":"","format":"image","meta":{"_jetpack_memberships_contains_paid_content":false,"footnotes":"","jetpack_publicize_message":"","jetpack_publicize_feature_enabled":true,"jetpack_social_post_already_shared":true,"jetpack_social_options":{"image_generator_settings":{"template":"highway","default_image_id":0,"enabled":false},"version":2}},"categories":[6,8,1,2,7,3],"tags":[10099,5016,620,31,8777,10098,86],"class_list":["post-41127","post","type-post","status-publish","format-image","has-post-thumbnail","hentry","category-cultura-entretenimiento","category-deliberando","category-diario-armstrong","category-locales","category-politica","category-region","tag-armstrong-tierra-mia","tag-armstrong-y-region","tag-fiesta","tag-la","tag-lic-graciela-de-la-casa","tag-reprogramo","tag-se","post_format-post-format-image"],"jetpack_publicize_connections":[],"jetpack_featured_media_url":"https:\/\/armstrongyregion.com.ar\/diario\/wp-content\/uploads\/2023\/12\/ATM.jpg","jetpack_shortlink":"https:\/\/wp.me\/p62QDO-aHl","jetpack_sharing_enabled":true,"amp_enabled":true,"_links":{"self":[{"href":"https:\/\/armstrongyregion.com.ar\/diario\/wp-json\/wp\/v2\/posts\/41127","targetHints":{"allow":["GET"]}}],"collection":[{"href":"https:\/\/armstrongyregion.com.ar\/diario\/wp-json\/wp\/v2\/posts"}],"about":[{"href":"https:\/\/armstrongyregion.com.ar\/diario\/wp-json\/wp\/v2\/types\/post"}],"author":[{"embeddable":true,"href":"https:\/\/armstrongyregion.com.ar\/diario\/wp-json\/wp\/v2\/users\/1"}],"replies":[{"embeddable":true,"href":"https:\/\/armstrongyregion.com.ar\/diario\/wp-json\/wp\/v2\/comments?post=41127"}],"version-history":[{"count":1,"href":"https:\/\/armstrongyregion.com.ar\/diario\/wp-json\/wp\/v2\/posts\/41127\/revisions"}],"predecessor-version":[{"id":41129,"href":"https:\/\/armstrongyregion.com.ar\/diario\/wp-json\/wp\/v2\/posts\/41127\/revisions\/41129"}],"wp:featuredmedia":[{"embeddable":true,"href":"https:\/\/armstrongyregion.com.ar\/diario\/wp-json\/wp\/v2\/media\/41128"}],"wp:attachment":[{"href":"https:\/\/armstrongyregion.com.ar\/diario\/wp-json\/wp\/v2\/media?parent=41127"}],"wp:term":[{"taxonomy":"category","embeddable":true,"href":"https:\/\/armstrongyregion.com.ar\/diario\/wp-json\/wp\/v2\/categories?post=41127"},{"taxonomy":"post_tag","embeddable":true,"href":"https:\/\/armstrongyregion.com.ar\/diario\/wp-json\/wp\/v2\/tags?post=41127"}],"curies":[{"name":"wp","href":"https:\/\/api.w.org\/{rel}","templated":true}]}}