{"id":41124,"date":"2023-12-19T04:00:49","date_gmt":"2023-12-19T04:00:49","guid":{"rendered":"https:\/\/armstrongyregion.com.ar\/diario\/?p=41124"},"modified":"2023-12-19T04:00:51","modified_gmt":"2023-12-19T04:00:51","slug":"plan-bandera-una-bateria-de-medidas-y-acciones-para-luchar-contra-el-delito","status":"publish","type":"post","link":"https:\/\/armstrongyregion.com.ar\/diario\/plan-bandera-una-bateria-de-medidas-y-acciones-para-luchar-contra-el-delito\/","title":{"rendered":"Plan Bandera: una bater\u00eda de medidas y acciones para luchar contra el delito."},"content":{"rendered":"\n<figure class=\"wp-block-image size-full\"><a href=\"http:\/\/armstrongyregion.com.ar\/diario\/wp-content\/uploads\/2023\/12\/plan-bandera-.jpg\"><img loading=\"lazy\" decoding=\"async\" width=\"749\" height=\"500\" src=\"http:\/\/armstrongyregion.com.ar\/diario\/wp-content\/uploads\/2023\/12\/plan-bandera-.jpg\" alt=\"\" class=\"wp-image-41125\" srcset=\"https:\/\/armstrongyregion.com.ar\/diario\/wp-content\/uploads\/2023\/12\/plan-bandera-.jpg 749w, https:\/\/armstrongyregion.com.ar\/diario\/wp-content\/uploads\/2023\/12\/plan-bandera--300x200.jpg 300w\" sizes=\"auto, (max-width: 749px) 100vw, 749px\" \/><\/a><\/figure>\n\n\n\n<h2 class=\"wp-block-heading\">El gobernador Maximiliano Pullaro y la ministra de Seguridad de la Naci\u00f3n, Patricia Bullrich, anunciaron medidas coordinadas entre fuerzas provinciales y nacionales para la prevenci\u00f3n y combate del crimen y el delito organizado.<\/h2>\n\n\n\n<p>Con un acto que se realiz\u00f3 esta tarde en el Monumento a la Bandera, ante la formaci\u00f3n de efectivos de fuerzas de seguridad provinciales y nacionales, el gobernador Maximiliano Pullaro y la ministra de Seguridad de la Naci\u00f3n, Patricia Bullrich pusieron en marcha una serie de acciones y medidas coordinadas para luchar contra el delito.&nbsp;<\/p>\n\n\n\n<p>Se trat\u00f3 del lanzamiento del \u201cPlan Bandera\u201d, que coordinar\u00e1 los esfuerzos de Provincia y Naci\u00f3n, en colaboraci\u00f3n con las autoridades de la ciudad, \u201cpara mejorar de a poco y de manera sostenida los \u00edndices de inseguridad y violencia\u201d, dijo Pullaro.<\/p>\n\n\n\n<figure class=\"wp-block-image\"><img decoding=\"async\" src=\"https:\/\/ci3.googleusercontent.com\/meips\/ADKq_NZKC6yvReRf7FcIX_P6AL5iuBtWLYuTnWF-rvxQ8MqAlAYkAXVQ26Nihljbtc9DSVHwbM9jaIaReSjbuRyKobJjHzbRyGGZeP8H7bpIFbWajtPihfkC40hY5fryh5nYAtnaTpWFFa9XvMw56cM=s0-d-e1-ft#https:\/\/www.santafe.gob.ar\/noticias\/recursos\/fotos\/2023\/12\/2023-12-18NID_279442O_2.jpeg\" alt=\"\"\/><\/figure>\n\n\n\n<p>La actividad cont\u00f3 con la participaci\u00f3n tambi\u00e9n del intendente Pablo Javkin, la vicegobernadora Gisela Scaglia y el ministro de Justicia y Seguridad, Pablo Cococcioni.&nbsp;<\/p>\n\n\n\n<p>\u201cNuestro desaf\u00edo es tener el control absoluto de cada hombre y mujer de las fuerzas provinciales y federales, con quienes vamos a tener un comando operativo conjunto de amplia cobertura en el territorio. Las fuerzas federales van a ser un refuerzo a las tareas de prevenci\u00f3n de las fuerzas provinciales\u201d, se\u00f1al\u00f3 el gobernador, que resalt\u00f3 que adem\u00e1s \u201cest\u00e1n las unidades operativas, investigativas y de inteligencia criminal que van a llevar adelante un trabajo coordinado con la Justicia federal y provincial en las diferentes investigaciones\u201d.<\/p>\n\n\n\n<p>Tras se\u00f1alar que en los \u00faltimos a\u00f1os \u201cse abandon\u00f3 a Rosario\u201d, destac\u00f3 que \u201cse necesitan muchos m\u00f3viles operativos, y no los 20 con los que se inici\u00f3 la gesti\u00f3n. En una semana llevamos el n\u00famero a 80 y vamos a trabajar para superar los 100 antes de fin de a\u00f1o y 200 en el primer trimestre de 2024\u201d, ampli\u00f3.<\/p>\n\n\n\n<figure class=\"wp-block-image\"><img decoding=\"async\" src=\"https:\/\/ci3.googleusercontent.com\/meips\/ADKq_Nbj73kRvwfxDGPS1GWJYG65iNDoPjSLY7dk9ZT6r5J60AGUHjmewIAxi8APRxC9fXwTITnvNEzhyEfrmQ3ywbNY4JfdKFmrjAe9iybnTwRFxTy5zi0OdCI5fGCYkjH7lsXM0k0jm5cRVGMamUs=s0-d-e1-ft#https:\/\/www.santafe.gob.ar\/noticias\/recursos\/fotos\/2023\/12\/2023-12-18NID_279442O_3.jpeg\" alt=\"\"\/><\/figure>\n\n\n\n<p><strong>TRABAJO ARTICULADO<\/strong><br>La ministra Patricia Bullrich destac\u00f3 la decisi\u00f3n de Naci\u00f3n de dar batalla al crimen organizado y la delincuencia, y asegur\u00f3 que \u201cvamos a cambiar el art\u00edculo 34 del C\u00f3digo Penal para que la leg\u00edtima defensa del C\u00f3digo Penal no sea la tradicional, sino reforzada para los miembros de las fuerzas de Seguridad, que en muchos casos est\u00e1n detenidos de manera injusta por el solo hecho de haber llevado adelante la tarea que el Estado les encomienda\u201d.<\/p>\n\n\n\n<p>Si bien no dio el n\u00famero de efectivos de fuerzas federales que trabajar\u00e1n en Rosario y la regi\u00f3n, anticip\u00f3 que llegar\u00e1n agentes del grupo motorizado \u201cLinces\u201d de Gendarmer\u00eda Nacional, y que pondr\u00e1 en marcha un programa de detecci\u00f3n de correos privados y encomiendas para interceptar drogas.&nbsp;<\/p>\n\n\n\n<figure class=\"wp-block-image\"><img decoding=\"async\" src=\"https:\/\/ci3.googleusercontent.com\/meips\/ADKq_NbHdlVvNceD89Ys8e0eG2id1Li49yDjxMYZc_bu5JMNyzNTe02LCKKVDTclD0KZqdZUlYJ-AxFFc8D93MU-MBOBcvhoFZIDuDQ49awL4pkNKB-kqAxQU_XP6rS7C5nBNMQEAgdn7Ot7tpg83Os=s0-d-e1-ft#https:\/\/www.santafe.gob.ar\/noticias\/recursos\/fotos\/2023\/12\/2023-12-18NID_279442O_4.jpeg\" alt=\"\"\/><\/figure>\n\n\n\n<p>Tambi\u00e9n anunci\u00f3 un programa de \u201creducci\u00f3n de armas\u201d, que desde hace tiempo no se lleva adelante con energ\u00eda.<\/p>\n\n\n\n<p>Entre otras medidas, anunci\u00f3 el regreso de la inteligencia criminal, abandonada desde hace tiempo en la regi\u00f3n. \u201cVamos a tener un grupo elite de investigadores de las cuatro fuerzas federales\u201d para llevar a cabo pesquisas de \u201ccalidad\u201d, indic\u00f3 Bullrich.<\/p>\n\n\n\n<p>Entre otras medidas, se\u00f1al\u00f3 la decisi\u00f3n de poner en marcha un programa de denuncias an\u00f3nimas del Ministerio de Seguridad de la Naci\u00f3n \u201cpara trabajar en conjunto para la destrucci\u00f3n de los b\u00fankeres y lugares de venta\u201d, y pol\u00edticas de control sobre precursores qu\u00edmicos para evitar la elaboraci\u00f3n de drogas.<\/p>\n","protected":false},"excerpt":{"rendered":"<p>El gobernador Maximiliano Pullaro y la ministra de Seguridad de la Naci\u00f3n, Patricia Bullrich, anunciaron medidas coordinadas entre fuerzas provinciales y nacionales para la prevenci\u00f3n y combate del crimen y el delito organizado. Con un acto que se realiz\u00f3 esta tarde en el Monumento a la Bandera, ante la formaci\u00f3n de efectivos de fuerzas de <a href=\"https:\/\/armstrongyregion.com.ar\/diario\/plan-bandera-una-bateria-de-medidas-y-acciones-para-luchar-contra-el-delito\/\" title=\"Read more\" >&#8230;<\/a><\/p>\n","protected":false},"author":1,"featured_media":41125,"comment_status":"open","ping_status":"open","sticky":false,"template":"","format":"image","meta":{"_jetpack_memberships_contains_paid_content":false,"footnotes":"","jetpack_publicize_message":"","jetpack_publicize_feature_enabled":true,"jetpack_social_post_already_shared":true,"jetpack_social_options":{"image_generator_settings":{"template":"highway","default_image_id":0,"enabled":false},"version":2}},"categories":[8,1,2,7,3],"tags":[5016,1894,10096,1161,19,4274,16,8777,3364,81,177],"class_list":["post-41124","post","type-post","status-publish","format-image","has-post-thumbnail","hentry","category-deliberando","category-diario-armstrong","category-locales","category-politica","category-region","tag-armstrong-y-region","tag-bandera","tag-bateria","tag-contra","tag-de","tag-delito","tag-el","tag-lic-graciela-de-la-casa","tag-medidas","tag-para","tag-plan","post_format-post-format-image"],"jetpack_publicize_connections":[],"jetpack_featured_media_url":"https:\/\/armstrongyregion.com.ar\/diario\/wp-content\/uploads\/2023\/12\/plan-bandera-.jpg","jetpack_shortlink":"https:\/\/wp.me\/p62QDO-aHi","jetpack_sharing_enabled":true,"amp_enabled":true,"_links":{"self":[{"href":"https:\/\/armstrongyregion.com.ar\/diario\/wp-json\/wp\/v2\/posts\/41124","targetHints":{"allow":["GET"]}}],"collection":[{"href":"https:\/\/armstrongyregion.com.ar\/diario\/wp-json\/wp\/v2\/posts"}],"about":[{"href":"https:\/\/armstrongyregion.com.ar\/diario\/wp-json\/wp\/v2\/types\/post"}],"author":[{"embeddable":true,"href":"https:\/\/armstrongyregion.com.ar\/diario\/wp-json\/wp\/v2\/users\/1"}],"replies":[{"embeddable":true,"href":"https:\/\/armstrongyregion.com.ar\/diario\/wp-json\/wp\/v2\/comments?post=41124"}],"version-history":[{"count":1,"href":"https:\/\/armstrongyregion.com.ar\/diario\/wp-json\/wp\/v2\/posts\/41124\/revisions"}],"predecessor-version":[{"id":41126,"href":"https:\/\/armstrongyregion.com.ar\/diario\/wp-json\/wp\/v2\/posts\/41124\/revisions\/41126"}],"wp:featuredmedia":[{"embeddable":true,"href":"https:\/\/armstrongyregion.com.ar\/diario\/wp-json\/wp\/v2\/media\/41125"}],"wp:attachment":[{"href":"https:\/\/armstrongyregion.com.ar\/diario\/wp-json\/wp\/v2\/media?parent=41124"}],"wp:term":[{"taxonomy":"category","embeddable":true,"href":"https:\/\/armstrongyregion.com.ar\/diario\/wp-json\/wp\/v2\/categories?post=41124"},{"taxonomy":"post_tag","embeddable":true,"href":"https:\/\/armstrongyregion.com.ar\/diario\/wp-json\/wp\/v2\/tags?post=41124"}],"curies":[{"name":"wp","href":"https:\/\/api.w.org\/{rel}","templated":true}]}}