{"id":41119,"date":"2023-12-18T18:44:13","date_gmt":"2023-12-18T18:44:13","guid":{"rendered":"https:\/\/armstrongyregion.com.ar\/diario\/?p=41119"},"modified":"2023-12-18T18:44:15","modified_gmt":"2023-12-18T18:44:15","slug":"emergencia-hidrica-provincia-brinda-asistencia-integral-a-las-zonas-afectadas","status":"publish","type":"post","link":"https:\/\/armstrongyregion.com.ar\/diario\/emergencia-hidrica-provincia-brinda-asistencia-integral-a-las-zonas-afectadas\/","title":{"rendered":"Emergencia H\u00eddrica: Provincia brinda asistencia integral a las zonas afectadas."},"content":{"rendered":"\n<figure class=\"wp-block-image size-full\"><a href=\"http:\/\/armstrongyregion.com.ar\/diario\/wp-content\/uploads\/2023\/12\/eMERGENCIA-HIDRICA-18-12-23-.jpg\"><img loading=\"lazy\" decoding=\"async\" width=\"480\" height=\"270\" src=\"http:\/\/armstrongyregion.com.ar\/diario\/wp-content\/uploads\/2023\/12\/eMERGENCIA-HIDRICA-18-12-23-.jpg\" alt=\"\" class=\"wp-image-41120\" srcset=\"https:\/\/armstrongyregion.com.ar\/diario\/wp-content\/uploads\/2023\/12\/eMERGENCIA-HIDRICA-18-12-23-.jpg 480w, https:\/\/armstrongyregion.com.ar\/diario\/wp-content\/uploads\/2023\/12\/eMERGENCIA-HIDRICA-18-12-23--300x169.jpg 300w\" sizes=\"auto, (max-width: 480px) 100vw, 480px\" \/><\/a><\/figure>\n\n\n\n<h2 class=\"wp-block-heading\">A trav\u00e9s de los diferentes ministerios y \u00e1reas, el Gobierno provincial asiste con equipamiento, infraestructura, financiamiento y equipos sociales y de salud a las zonas afectadas. Solicitan especialmente a la poblaci\u00f3n respetar los protocolos por alertas clim\u00e1ticos. \u201cEl gobernador Maximiliano Pullaro instruy\u00f3 una gesti\u00f3n de cercan\u00eda\u201d, remarc\u00f3 el secretario de Protecci\u00f3n Civil, Marcos Escajadillo.<\/h2>\n\n\n\n<p>Autoridades provinciales y municipales brindaron detalles de la situaci\u00f3n en el marco de la emergencia h\u00eddrica que afecta a diferentes \u00e1reas de Santa Fe, y de las acciones y protocolos que se est\u00e1n llevando adelante.&nbsp;<\/p>\n\n\n\n<p>De la conferencia desarrollada este lunes en Casa de Gobierno participaron el secretario de Protecci\u00f3n Civil de la Provincia, Marcos Escajadillo; los intendentes de Santa Fe, Juan Pablo Poletti, y de Santo Tom\u00e9, Miguel Weiss Ackerley; el senador por el Departamento La Capital, Paco Garibaldi; y el secretario de Gobierno, Municipios y Comunas, Horacio Ciancio.<\/p>\n\n\n\n<p>En primer turno, Escajadillo hizo especial \u00e9nfasis en que \u201cpor indicaci\u00f3n del gobernador Pullaro, hace 25 d\u00edas antes de iniciar la gesti\u00f3n, sab\u00edamos del fen\u00f3meno de El Ni\u00f1o que estaba presente, que lo \u00edbamos a tener presente durante el mes de diciembre, y por eso convoc\u00f3 a todos los equipos de trabajo para generar todo un esquema, protocolos y sobre todo estar diagramando una gesti\u00f3n de cercan\u00eda\u201d.&nbsp;<\/p>\n\n\n\n<p>El funcionario indic\u00f3 que \u201cdesde el inicio de gesti\u00f3n ya ten\u00edamos fen\u00f3menos de tormenta de lluvias en distintos lugares de la provincia. Comenz\u00f3 con El Tr\u00e9bol, una localidad de departamento San Mart\u00edn, con lluvias superiores a los 230 mil\u00edmetros, con un 70% del ejido urbano inundado; sigui\u00f3 en Villa Ocampo, con m\u00e1s de 320 mil\u00edmetros. Por eso acompa\u00f1amos a todos los municipios y comunas, no solamente con asistencia en cuanto a lo social y salud, sino tambi\u00e9n equipamiento, infraestructura y todo lo que sea necesario para minimizar sus efectos\u201d.&nbsp;<\/p>\n\n\n\n<p>Adem\u00e1s, record\u00f3 que \u201cel gobernador reuni\u00f3 el domingo a todo el equipo de gesti\u00f3n, del que participaron en un zoom con las autoridades de localidades afectadas\u201d.&nbsp;<\/p>\n\n\n\n<p><strong>Protocolos<\/strong><\/p>\n\n\n\n<p>Escajadillo pidi\u00f3 \u201cresponsabilidad al momento de salir a la ruta, salir solo si es necesario y extremar todas las medidas de precauci\u00f3n, porque el fen\u00f3meno de El Ni\u00f1o no s\u00f3lo viene con lluvia sino tambi\u00e9n con vientos fuertes\u201d. En esta misma l\u00ednea, hizo referencia a \u201cla autorizaci\u00f3n de los eventos al aire libre, tema en el que estamos trabajando con las autoridades locales. A veces se tienen que tomar algunas decisiones que no son gratas porque todo tiene un gasto, pero tenemos que privilegiar algo tan importante como es la vida de las personas\u201d, subray\u00f3. &nbsp;&nbsp;<\/p>\n\n\n\n<p>Por su parte, Horacio Ciancio agreg\u00f3 que \u201cel protocolo est\u00e1 funcionando activamente, con una comunicaci\u00f3n constante entre el \u00e1rea de Protecci\u00f3n Civil, Municipios y Comunas, y los distintos ministerios que intervienen de acuerdo a la dificultad que presente el caso, fundamentalmente Desarrollo Social, Salud y Obras P\u00fablicas\u201d. Asegur\u00f3 que \u201cel gobierno est\u00e1 presente con la decisi\u00f3n de acompa\u00f1ar financieramente, situaci\u00f3n que se va a dar hoy: nos hemos reunido la Comisi\u00f3n de Obras Menores para aprobar los expedientes que ingresen hasta el mediod\u00eda pidiendo justamente la ayuda por emergencia clim\u00e1tica\u201d, confirm\u00f3 Ciancio.&nbsp;<\/p>\n\n\n\n<figure class=\"wp-block-image\"><img decoding=\"async\" src=\"https:\/\/ci3.googleusercontent.com\/meips\/ADKq_NYt5HPOOk3fG9f2axnze_npsNzwJP06z0LUqFyoQz3WB_EIX_o0868pyx_iWWEX6QRJ23ZTC7_LZLplLRqtf2HLcrn7MUCuBGhCwiuzN40k7Lv5j0pWEcJCfV9UIgA02E0GKPoRSL01yuCO2C4=s0-d-e1-ft#https:\/\/www.santafe.gov.ar\/noticias\/recursos\/fotos\/2023\/12\/2023-12-18NID_279438O_2.jpeg\" alt=\"\"\/><\/figure>\n\n\n\n<p><strong>Trabajo conjunto<\/strong><\/p>\n\n\n\n<p>El intendente de Santa Fe, en tanto, destac\u00f3 \u201cla actitud del gobierno provincial, en particular, de Marcos (Escajadillo) y del gobernador (Pullaro), que el domingo estuvo todo el tiempo comunicado telef\u00f3nicamente conmigo y ayer tuvimos un zoom con \u00e9l\u201d, y se\u00f1al\u00f3 que \u201cestamos soportando con bombas que nos da la provincia, que vamos articulando\u201d, expres\u00f3 Poletti.<\/p>\n\n\n\n<p>Weiss Ackerley, por su parte, se sum\u00f3 al mencionar que \u201cel martes pasado la gesti\u00f3n del gobernador Pullaro nos convoc\u00f3 a una reuni\u00f3n y en menos de 24 horas est\u00e1bamos mejorando el sistema de bombeo de nuestra ciudad, gracias al arribo de electrobombas que nos provey\u00f3 la provincia\u201d, e indic\u00f3 que \u201cven\u00edamos trabajando con el equipo provincial antes de asumir para poder tener esta r\u00e1pida respuesta y dar soluciones\u201d.<\/p>\n\n\n\n<p>El senador Garibaldi fue contundente al destacar que \u201cno hay ning\u00fan tipo de discriminaci\u00f3n por color pol\u00edtico en la provincia de Santa Fe desde hace una semana, fundamental para responder a una situaci\u00f3n clim\u00e1tica que sab\u00edamos que se ven\u00eda, que hoy ya la tenemos y va a continuar por largo tiempo\u201d. Luego, asever\u00f3 que \u201ctodo lo que hay que hacer, todo lo que se pueda hacer se est\u00e1 haciendo, hay asistencia del gobierno provincial, hay presencia\u201d, concluy\u00f3.<\/p>\n","protected":false},"excerpt":{"rendered":"<p>A trav\u00e9s de los diferentes ministerios y \u00e1reas, el Gobierno provincial asiste con equipamiento, infraestructura, financiamiento y equipos sociales y de salud a las zonas afectadas. Solicitan especialmente a la poblaci\u00f3n respetar los protocolos por alertas clim\u00e1ticos. \u201cEl gobernador Maximiliano Pullaro instruy\u00f3 una gesti\u00f3n de cercan\u00eda\u201d, remarc\u00f3 el secretario de Protecci\u00f3n Civil, Marcos Escajadillo. Autoridades <a href=\"https:\/\/armstrongyregion.com.ar\/diario\/emergencia-hidrica-provincia-brinda-asistencia-integral-a-las-zonas-afectadas\/\" title=\"Read more\" >&#8230;<\/a><\/p>\n","protected":false},"author":1,"featured_media":41120,"comment_status":"open","ping_status":"open","sticky":false,"template":"","format":"image","meta":{"_jetpack_memberships_contains_paid_content":false,"footnotes":"","jetpack_publicize_message":"","jetpack_publicize_feature_enabled":true,"jetpack_social_post_already_shared":true,"jetpack_social_options":{"image_generator_settings":{"template":"highway","default_image_id":0,"enabled":false},"version":2}},"categories":[8,1,2,7],"tags":[33,10095,8878,3060,2625,10093,965,8640,10094],"class_list":["post-41119","post","type-post","status-publish","format-image","has-post-thumbnail","hentry","category-deliberando","category-diario-armstrong","category-locales","category-politica","tag-a","tag-afectadas","tag-asistencia","tag-brinda","tag-emergencia","tag-hidrica","tag-integral","tag-provincia-2","tag-zonas","post_format-post-format-image"],"jetpack_publicize_connections":[],"jetpack_featured_media_url":"https:\/\/armstrongyregion.com.ar\/diario\/wp-content\/uploads\/2023\/12\/eMERGENCIA-HIDRICA-18-12-23-.jpg","jetpack_shortlink":"https:\/\/wp.me\/p62QDO-aHd","jetpack_sharing_enabled":true,"amp_enabled":true,"_links":{"self":[{"href":"https:\/\/armstrongyregion.com.ar\/diario\/wp-json\/wp\/v2\/posts\/41119","targetHints":{"allow":["GET"]}}],"collection":[{"href":"https:\/\/armstrongyregion.com.ar\/diario\/wp-json\/wp\/v2\/posts"}],"about":[{"href":"https:\/\/armstrongyregion.com.ar\/diario\/wp-json\/wp\/v2\/types\/post"}],"author":[{"embeddable":true,"href":"https:\/\/armstrongyregion.com.ar\/diario\/wp-json\/wp\/v2\/users\/1"}],"replies":[{"embeddable":true,"href":"https:\/\/armstrongyregion.com.ar\/diario\/wp-json\/wp\/v2\/comments?post=41119"}],"version-history":[{"count":1,"href":"https:\/\/armstrongyregion.com.ar\/diario\/wp-json\/wp\/v2\/posts\/41119\/revisions"}],"predecessor-version":[{"id":41121,"href":"https:\/\/armstrongyregion.com.ar\/diario\/wp-json\/wp\/v2\/posts\/41119\/revisions\/41121"}],"wp:featuredmedia":[{"embeddable":true,"href":"https:\/\/armstrongyregion.com.ar\/diario\/wp-json\/wp\/v2\/media\/41120"}],"wp:attachment":[{"href":"https:\/\/armstrongyregion.com.ar\/diario\/wp-json\/wp\/v2\/media?parent=41119"}],"wp:term":[{"taxonomy":"category","embeddable":true,"href":"https:\/\/armstrongyregion.com.ar\/diario\/wp-json\/wp\/v2\/categories?post=41119"},{"taxonomy":"post_tag","embeddable":true,"href":"https:\/\/armstrongyregion.com.ar\/diario\/wp-json\/wp\/v2\/tags?post=41119"}],"curies":[{"name":"wp","href":"https:\/\/api.w.org\/{rel}","templated":true}]}}