{"id":41111,"date":"2023-12-18T18:30:18","date_gmt":"2023-12-18T18:30:18","guid":{"rendered":"https:\/\/armstrongyregion.com.ar\/diario\/?p=41111"},"modified":"2023-12-18T18:30:21","modified_gmt":"2023-12-18T18:30:21","slug":"rasetto-en-reunion-con-pullaro-ante-la-emergencia-hidrica","status":"publish","type":"post","link":"https:\/\/armstrongyregion.com.ar\/diario\/rasetto-en-reunion-con-pullaro-ante-la-emergencia-hidrica\/","title":{"rendered":"Rasetto en reuni\u00f3n con Pullaro ante la emergencia h\u00eddrica."},"content":{"rendered":"\n<figure class=\"wp-block-image size-full\"><a href=\"http:\/\/armstrongyregion.com.ar\/diario\/wp-content\/uploads\/2023\/12\/Emergencia-Hidrica.jpg\"><img loading=\"lazy\" decoding=\"async\" width=\"320\" height=\"241\" src=\"http:\/\/armstrongyregion.com.ar\/diario\/wp-content\/uploads\/2023\/12\/Emergencia-Hidrica.jpg\" alt=\"\" class=\"wp-image-41112\" srcset=\"https:\/\/armstrongyregion.com.ar\/diario\/wp-content\/uploads\/2023\/12\/Emergencia-Hidrica.jpg 320w, https:\/\/armstrongyregion.com.ar\/diario\/wp-content\/uploads\/2023\/12\/Emergencia-Hidrica-300x226.jpg 300w\" sizes=\"auto, (max-width: 320px) 100vw, 320px\" \/><\/a><\/figure>\n\n\n\n<p>El senador provincial por el departamento Iriondo, Hugo Jes\u00fas Rasetto, particip\u00f3 hoy<br>de una reuni\u00f3n virtual con el gobernador Maximiliano Pullaro, miembros del gabinete<br>provincial, senadores y representantes de distintas localidades, con el fin de evaluar la<br>situaci\u00f3n de emergencia provocada por las fuertes lluvias y vientos que afectaron a<br>gran parte del territorio santafesino en los \u00faltimos d\u00edas.<br>En la reuni\u00f3n se analizaron las necesidades de los vecinos que sufrieron da\u00f1os<br>materiales y se dise\u00f1\u00f3 un plan de acci\u00f3n para brindar asistencia y soluciones a corto y<br>mediano plazo.<br>\u00abAnte las fuertes lluvias y vientos que azotaron nuestra provincia en los \u00faltimos d\u00edas,<br>hoy participamos de una reuni\u00f3n virtual con el gobernador Maxi Pullaro, parte del<br>gabinete, senadores y representantes de distintas localidades, para conocer la<br>situaci\u00f3n y elaborar un plan de acci\u00f3n que atienda las urgencias de los vecinos<br>afectados. Ante situaciones como estas debemos trabajar entre todos para encontrar<br>soluciones\u00bb, expres\u00f3 el senador Rasetto.<br>Cabe destacar que el jueves pasado, la legislatura dio sanci\u00f3n a la Ley de Emergencia<br>H\u00eddrica y Zona de Desastre, la cual declara hasta el 31 de diciembre de 2024 en<br>estado de emergencia h\u00eddrica y zona de desastre a la totalidad del territorio provincial.<\/p>\n","protected":false},"excerpt":{"rendered":"<p>El senador provincial por el departamento Iriondo, Hugo Jes\u00fas Rasetto, particip\u00f3 hoyde una reuni\u00f3n virtual con el gobernador Maximiliano Pullaro, miembros del gabineteprovincial, senadores y representantes de distintas localidades, con el fin de evaluar lasituaci\u00f3n de emergencia provocada por las fuertes lluvias y vientos que afectaron agran parte del territorio santafesino en los \u00faltimos d\u00edas.En <a href=\"https:\/\/armstrongyregion.com.ar\/diario\/rasetto-en-reunion-con-pullaro-ante-la-emergencia-hidrica\/\" title=\"Read more\" >&#8230;<\/a><\/p>\n","protected":false},"author":1,"featured_media":41112,"comment_status":"open","ping_status":"open","sticky":false,"template":"","format":"image","meta":{"_jetpack_memberships_contains_paid_content":false,"footnotes":"","jetpack_publicize_message":"","jetpack_publicize_feature_enabled":true,"jetpack_social_post_already_shared":true,"jetpack_social_options":{"image_generator_settings":{"template":"highway","default_image_id":0,"enabled":false},"version":2}},"categories":[8,1,2,7,3],"tags":[607,100,2625,15,10093,8777,2846,8607,462],"class_list":["post-41111","post","type-post","status-publish","format-image","has-post-thumbnail","hentry","category-deliberando","category-diario-armstrong","category-locales","category-politica","category-region","tag-ante","tag-con","tag-emergencia","tag-en","tag-hidrica","tag-lic-graciela-de-la-casa","tag-pullaro","tag-raseto","tag-reunion","post_format-post-format-image"],"jetpack_publicize_connections":[],"jetpack_featured_media_url":"https:\/\/armstrongyregion.com.ar\/diario\/wp-content\/uploads\/2023\/12\/Emergencia-Hidrica.jpg","jetpack_shortlink":"https:\/\/wp.me\/p62QDO-aH5","jetpack_sharing_enabled":true,"amp_enabled":true,"_links":{"self":[{"href":"https:\/\/armstrongyregion.com.ar\/diario\/wp-json\/wp\/v2\/posts\/41111","targetHints":{"allow":["GET"]}}],"collection":[{"href":"https:\/\/armstrongyregion.com.ar\/diario\/wp-json\/wp\/v2\/posts"}],"about":[{"href":"https:\/\/armstrongyregion.com.ar\/diario\/wp-json\/wp\/v2\/types\/post"}],"author":[{"embeddable":true,"href":"https:\/\/armstrongyregion.com.ar\/diario\/wp-json\/wp\/v2\/users\/1"}],"replies":[{"embeddable":true,"href":"https:\/\/armstrongyregion.com.ar\/diario\/wp-json\/wp\/v2\/comments?post=41111"}],"version-history":[{"count":1,"href":"https:\/\/armstrongyregion.com.ar\/diario\/wp-json\/wp\/v2\/posts\/41111\/revisions"}],"predecessor-version":[{"id":41113,"href":"https:\/\/armstrongyregion.com.ar\/diario\/wp-json\/wp\/v2\/posts\/41111\/revisions\/41113"}],"wp:featuredmedia":[{"embeddable":true,"href":"https:\/\/armstrongyregion.com.ar\/diario\/wp-json\/wp\/v2\/media\/41112"}],"wp:attachment":[{"href":"https:\/\/armstrongyregion.com.ar\/diario\/wp-json\/wp\/v2\/media?parent=41111"}],"wp:term":[{"taxonomy":"category","embeddable":true,"href":"https:\/\/armstrongyregion.com.ar\/diario\/wp-json\/wp\/v2\/categories?post=41111"},{"taxonomy":"post_tag","embeddable":true,"href":"https:\/\/armstrongyregion.com.ar\/diario\/wp-json\/wp\/v2\/tags?post=41111"}],"curies":[{"name":"wp","href":"https:\/\/api.w.org\/{rel}","templated":true}]}}