{"id":41108,"date":"2023-12-18T03:56:02","date_gmt":"2023-12-18T03:56:02","guid":{"rendered":"https:\/\/armstrongyregion.com.ar\/diario\/?p=41108"},"modified":"2023-12-18T03:56:04","modified_gmt":"2023-12-18T03:56:04","slug":"bullrich-llega-este-lunes-a-rosario-para-presentar-un-nuevo-plan-de-seguridad-junto-a-pullaro-y-javkin","status":"publish","type":"post","link":"https:\/\/armstrongyregion.com.ar\/diario\/bullrich-llega-este-lunes-a-rosario-para-presentar-un-nuevo-plan-de-seguridad-junto-a-pullaro-y-javkin\/","title":{"rendered":"Bullrich llega este lunes a Rosario para presentar un nuevo plan de seguridad junto a Pullaro y Javkin."},"content":{"rendered":"\n<p><\/p>\n\n\n\n<figure class=\"wp-block-image size-full\"><a href=\"http:\/\/armstrongyregion.com.ar\/diario\/wp-content\/uploads\/2023\/12\/javkinpullarobullrich_1.jpg_1756841869.jpg\"><img loading=\"lazy\" decoding=\"async\" width=\"400\" height=\"225\" src=\"http:\/\/armstrongyregion.com.ar\/diario\/wp-content\/uploads\/2023\/12\/javkinpullarobullrich_1.jpg_1756841869.jpg\" alt=\"\" class=\"wp-image-41109\" srcset=\"https:\/\/armstrongyregion.com.ar\/diario\/wp-content\/uploads\/2023\/12\/javkinpullarobullrich_1.jpg_1756841869.jpg 400w, https:\/\/armstrongyregion.com.ar\/diario\/wp-content\/uploads\/2023\/12\/javkinpullarobullrich_1.jpg_1756841869-300x169.jpg 300w\" sizes=\"auto, (max-width: 400px) 100vw, 400px\" \/><\/a><figcaption class=\"wp-element-caption\">Javkin, Pullaro y Bullrich se reunieron la semana pasada.<\/figcaption><\/figure>\n\n\n\n<h2 class=\"wp-block-heading\">La ministra de Seguridad de la Naci\u00f3n\u00a0comprometer\u00e1 a la Prefectura, a la Gendarmer\u00eda, a la Polic\u00eda Federal y a la Polic\u00eda de Seguridad Aeroportuaria (PSA) para combatir de manera conjunta el avance del crimen organizado en la ciudad. Se realizar\u00e1 un acto oficial en el Monumento a la Bandera\u00a0a las 14:30<\/h2>\n\n\n\n<p>La ministra de Seguridad de la Naci\u00f3n&nbsp;<strong>Patricia Bullrich estar\u00e1 este lunes a Rosario para reunirse con el gobernador de Santa Fe, Maximiliano Pullaro, y el intendente Pablo Javkin<\/strong>&nbsp;con el fin de dar a conocer los lineamientos del denominado plan \u00abBandera\u00bb, que buscar\u00e1 intensificar el combate contra el delito en la ciudad mediante el&nbsp;trabajo coordinado entre todas las fuerzas de seguridad.<\/p>\n\n\n\n<p>En ese marco se realizar\u00e1 a las 14:30 un acto en el Monumento a la Bandera en el que, adem\u00e1s de los tres funcionarios, tambi\u00e9n participar\u00e1n integrantes de los ministerios de Seguridad nacional y provincial.<\/p>\n\n\n\n<p>Bullrich comprometer\u00e1 a la&nbsp;<strong>Prefectura, a la Gendarmer\u00eda, a la Polic\u00eda Federal y a la Polic\u00eda de Seguridad Aeroportuaria (<\/strong><strong>PSA)<\/strong>&nbsp;para combatir de manera conjunta el avance del crimen organizado en la ciudad.<\/p>\n\n\n\n<p>Su llegada a la ciudad tendr\u00e1 lugar luego de una semana en la que, en distintos hechos, se dejaron&nbsp;<a href=\"https:\/\/www.rosario3.com\/policiales\/Medio-centenar-de-allanamientos-por-atentados-y-amenazas-al-gobernador-Maximiliano-Pullaro-20231214-0010.html\" target=\"_blank\" rel=\"noreferrer noopener\">amenazas contra el gobernador Pullaro<\/a>&nbsp;mientras se llevaban a cabo allanamientos,&nbsp;<a href=\"https:\/\/www.rosario3.com\/policiales\/Volvieron-a-encontrar-un-bunker-de-droga-en-el-pabellon-9-de-Pinero-requisado-tres-veces-en-tres-dias-20231214-0037.html\" target=\"_blank\" rel=\"noreferrer noopener\">operativos de control en c\u00e1rceles<\/a>&nbsp;provinciales y traslados de presos.<\/p>\n\n\n\n<p>Los jefes de las cuatro fuerzas federales tendr\u00e1n una&nbsp;<strong>intervenci\u00f3n directa en la ciudad<\/strong>, aunque todav\u00eda no se conocen&nbsp;los detalles sobre c\u00f3mo ser\u00e1 la coordinaci\u00f3n entre los agentes y cu\u00e1ntos llegar\u00e1n para trabajar en los operativos.<\/p>\n\n\n\n<p>Tras la presentaci\u00f3n conjunta la ministra de Seguridad tiene pensado visitar alguno de los barrios m\u00e1s \u00abcalientes\u00bb de Rosario.<\/p>\n\n\n\n<p>La ministra de Seguridad nacional&nbsp;<a href=\"https:\/\/www.rosario3.com\/informaciongeneral\/Bullrich-estara-el-lunes-en-Rosario-para-desplegar-los-operativos-de-seguridad-junto-al-gobernador-Pullaro-20231214-0054.html\" target=\"_blank\" rel=\"noreferrer noopener\">recibi\u00f3 a Javkin y a Pullaro<\/a>&nbsp;el jueves de la semana pasada para discutir la cr\u00edtica situaci\u00f3n de inseguridad que atraviesa Rosario.<\/p>\n\n\n\n<p>\u00abNo venimos a exigir nada, Nacion ver\u00e1. Sentimos que Patricia va a colaborar, porque as\u00ed se comprometi\u00f3 y as\u00ed lo hizo cuando fue ministra. Ac\u00e1 venimos a coordinar y sentarnos en una mesa juntos y a pedirle que al comando operativo especial conjunto lo pueda conducir, como marca la Ley de Seguridad Interior, el gobernador de la provincia de Santa Fe\u00bb, dijo el mandatario provincial antes de ingresar a esa reuni\u00f3n.<\/p>\n\n\n\n<p>Rosario3.com<\/p>\n","protected":false},"excerpt":{"rendered":"<p>La ministra de Seguridad de la Naci\u00f3n\u00a0comprometer\u00e1 a la Prefectura, a la Gendarmer\u00eda, a la Polic\u00eda Federal y a la Polic\u00eda de Seguridad Aeroportuaria (PSA) para combatir de manera conjunta el avance del crimen organizado en la ciudad. Se realizar\u00e1 un acto oficial en el Monumento a la Bandera\u00a0a las 14:30 La ministra de Seguridad <a href=\"https:\/\/armstrongyregion.com.ar\/diario\/bullrich-llega-este-lunes-a-rosario-para-presentar-un-nuevo-plan-de-seguridad-junto-a-pullaro-y-javkin\/\" title=\"Read more\" >&#8230;<\/a><\/p>\n","protected":false},"author":1,"featured_media":41109,"comment_status":"open","ping_status":"open","sticky":false,"template":"","format":"image","meta":{"_jetpack_memberships_contains_paid_content":false,"footnotes":"","jetpack_publicize_message":"","jetpack_publicize_feature_enabled":true,"jetpack_social_post_already_shared":true,"jetpack_social_options":{"image_generator_settings":{"template":"highway","default_image_id":0,"enabled":false},"version":2}},"categories":[8,1,2,7,3],"tags":[5016,9519,9749,8777,10092,2846,858,86,919],"class_list":["post-41108","post","type-post","status-publish","format-image","has-post-thumbnail","hentry","category-deliberando","category-diario-armstrong","category-locales","category-politica","category-region","tag-armstrong-y-region","tag-bullrich","tag-javkin","tag-lic-graciela-de-la-casa","tag-pasada","tag-pullaro","tag-reunieron","tag-se","tag-semana","post_format-post-format-image"],"jetpack_publicize_connections":[],"jetpack_featured_media_url":"https:\/\/armstrongyregion.com.ar\/diario\/wp-content\/uploads\/2023\/12\/javkinpullarobullrich_1.jpg_1756841869.jpg","jetpack_shortlink":"https:\/\/wp.me\/p62QDO-aH2","jetpack_sharing_enabled":true,"amp_enabled":true,"_links":{"self":[{"href":"https:\/\/armstrongyregion.com.ar\/diario\/wp-json\/wp\/v2\/posts\/41108","targetHints":{"allow":["GET"]}}],"collection":[{"href":"https:\/\/armstrongyregion.com.ar\/diario\/wp-json\/wp\/v2\/posts"}],"about":[{"href":"https:\/\/armstrongyregion.com.ar\/diario\/wp-json\/wp\/v2\/types\/post"}],"author":[{"embeddable":true,"href":"https:\/\/armstrongyregion.com.ar\/diario\/wp-json\/wp\/v2\/users\/1"}],"replies":[{"embeddable":true,"href":"https:\/\/armstrongyregion.com.ar\/diario\/wp-json\/wp\/v2\/comments?post=41108"}],"version-history":[{"count":1,"href":"https:\/\/armstrongyregion.com.ar\/diario\/wp-json\/wp\/v2\/posts\/41108\/revisions"}],"predecessor-version":[{"id":41110,"href":"https:\/\/armstrongyregion.com.ar\/diario\/wp-json\/wp\/v2\/posts\/41108\/revisions\/41110"}],"wp:featuredmedia":[{"embeddable":true,"href":"https:\/\/armstrongyregion.com.ar\/diario\/wp-json\/wp\/v2\/media\/41109"}],"wp:attachment":[{"href":"https:\/\/armstrongyregion.com.ar\/diario\/wp-json\/wp\/v2\/media?parent=41108"}],"wp:term":[{"taxonomy":"category","embeddable":true,"href":"https:\/\/armstrongyregion.com.ar\/diario\/wp-json\/wp\/v2\/categories?post=41108"},{"taxonomy":"post_tag","embeddable":true,"href":"https:\/\/armstrongyregion.com.ar\/diario\/wp-json\/wp\/v2\/tags?post=41108"}],"curies":[{"name":"wp","href":"https:\/\/api.w.org\/{rel}","templated":true}]}}