{"id":41105,"date":"2023-12-18T03:30:29","date_gmt":"2023-12-18T03:30:29","guid":{"rendered":"https:\/\/armstrongyregion.com.ar\/diario\/?p=41105"},"modified":"2023-12-18T03:30:31","modified_gmt":"2023-12-18T03:30:31","slug":"el-senado-aprobo-importantes-proyectos-enviados-por-el-poder-ejecutivo","status":"publish","type":"post","link":"https:\/\/armstrongyregion.com.ar\/diario\/el-senado-aprobo-importantes-proyectos-enviados-por-el-poder-ejecutivo\/","title":{"rendered":"El Senado aprob\u00f3 importantes proyectos enviados por el Poder Ejecutivo."},"content":{"rendered":"\n<figure class=\"wp-block-image size-full\"><a href=\"http:\/\/armstrongyregion.com.ar\/diario\/wp-content\/uploads\/2023\/12\/Senadores-1-.jpg\"><img loading=\"lazy\" decoding=\"async\" width=\"512\" height=\"304\" src=\"http:\/\/armstrongyregion.com.ar\/diario\/wp-content\/uploads\/2023\/12\/Senadores-1-.jpg\" alt=\"\" class=\"wp-image-41106\" srcset=\"https:\/\/armstrongyregion.com.ar\/diario\/wp-content\/uploads\/2023\/12\/Senadores-1-.jpg 512w, https:\/\/armstrongyregion.com.ar\/diario\/wp-content\/uploads\/2023\/12\/Senadores-1--300x178.jpg 300w\" sizes=\"auto, (max-width: 512px) 100vw, 512px\" \/><\/a><\/figure>\n\n\n\n<h2 class=\"wp-block-heading\"><strong>En la Sesi\u00f3n Extraordinaria de este jueves, se dio media sanci\u00f3n a los Mensajes para aprobar la Ley de Ejecuci\u00f3n de la Pena Privativa de la Libertad, declaraci\u00f3n de Emergencia H\u00eddrica y Emergencia en Seguridad y adhesi\u00f3n a la ley nacional de \u201cnarcomenudeo\u201d, entre otras<\/strong>.<\/h2>\n\n\n\n<p>Al hacer uso de la palabra, el senador Rub\u00e9n Pirola (Las Colonias) resalt\u00f3 el consenso alcanzado por el Senado para darle pronto tratamiento a dicho proyecto y los distintos Mensajes enviados por el gobierno provincial.&nbsp;<em>\u201cTodas las leyes pueden ser perfectibles, pero creemos que estas que aprobamos son una base para que el gobierno pueda llevar acciones en todo el territorio provincial. Entendemos que pudimos aportar nuestra mirada y eso nos compromete a seguir trabajando por todos los santafesinos\u201d,<\/em>&nbsp;manifest\u00f3.<\/p>\n\n\n\n<p>Tambi\u00e9n fue aprobado con media sanci\u00f3n el Mensaje N\u00b0 5067: Anteproyecto de Ley de Gastos Reservados. Al respecto, el senador por Julio Garibaldi (La Capital) destac\u00f3&nbsp;<em>\u201cla cantidad, la calidad y la profundidad de los proyectos tratados\u201d<\/em>&nbsp;e hizo \u00e9nfasis en la cuesti\u00f3n de los gastos reservados.&nbsp;<em>\u201cCreemos que el estado debe ser efectivo y trabajar, pero tambi\u00e9n rendir cuentas para evitar usos discrecionales de fondos p\u00fablicos\u201d<\/em>, se\u00f1al\u00f3. As\u00ed como tambi\u00e9n la autorizaci\u00f3n a los Municipios y Comunas de la Provincia para afectar al pago de gastos corrientes, los saldos pendientes, no solicitados, del Fondo para la Construcci\u00f3n de Obras y Adquisici\u00f3n de Equipamientos y Rodados. Vale se\u00f1alar que esta \u00faltima es una normativa impulsada por la totalidad de los senadores.<\/p>\n\n\n\n<p><em>\u201cCon esta excepcionalidad no estamos obligando a los municipios y comunas a utilizar esos fondos en gastos corrientes, pero le estamos dando la posibilidad de que los puedan destinar r\u00e1pidamente a dar respuestas a las demandas que los presidentes comunales e intendentes reciben a diario en sus comunidades en estos tiempos de tantas dificultades\u201d,<\/em>&nbsp;argument\u00f3 el senador Felipe Michlig (San Crist\u00f3bal) al fundamentarlo. Vale mencionar que la C\u00e1mara Alta aprob\u00f3 tambi\u00e9n -de manera un\u00e1nime- una Declaraci\u00f3n para rechazar y repudiar las amenazas vertidas hacia el gobernador Maximiliano Pullaro y su familia en los \u00faltimos d\u00edas.<\/p>\n\n\n\n<p><strong>Sanciones definitivas<\/strong><\/p>\n\n\n\n<p>La sesi\u00f3n de este jueves tambi\u00e9n posibilit\u00f3 darle tratamiento y aprobaci\u00f3n a proyectos previamente aprobados por la C\u00e1mara de Diputadas y Diputados. Estos, por consiguiente, lograron sanci\u00f3n definitiva y fueron comunicados al Poder Ejecutivo. Uno de ellos se trata del Mensaje N\u00b0 5043, es decir, la modificaci\u00f3n de la Ley 13.501, que autoriza al Autoriza al PE y\/o Empresas, Sociedades y otros Entes P\u00fablicos a emitir letras, pagar\u00e9s o medios suced\u00e1neos de pago y\/o a realizar operaciones de financiamiento por un valor nominal en circulaci\u00f3n de hasta $20.000.000.000 o su equivalente en moneda extranjera. As\u00ed como tambi\u00e9n la regulaci\u00f3n del juego en l\u00ednea. Esta establece una normativa para el desarrollo y explotaci\u00f3n de la actividad de juegos de azar, apuestas deportivas y pron\u00f3sticos deportivos, en l\u00ednea o con modalidad virtual, que se lleven a cabo a trav\u00e9s de medios, plataformas digitales, electr\u00f3nicas, inform\u00e1ticas, telem\u00e1ticas, interactivas, de telecomunicaci\u00f3n, y los que en el futuro se desarrollen.<\/p>\n\n\n\n<p><strong>Palabras de bienvenida<\/strong><\/p>\n\n\n\n<p>Al comienzo de la Sesi\u00f3n, la vicegobernadora Gisela Scaglia se tom\u00f3 unos minutos para dejar un mensaje de cara a su gesti\u00f3n como titular de la C\u00e1mara Alta.&nbsp;<em>\u201cEspero que sean nuestros cuatro a\u00f1os de trabajo conjunto. Creo que le debemos a la gente un di\u00e1logo parlamentario entre todos los partidos pol\u00edticos y encontrar la soluci\u00f3n a los problemas de la provincia\u201d,<\/em>&nbsp;indic\u00f3.<em>&nbsp;\u201cLos invito en esta casa, en este Cuerpo, a que dialoguemos mucho, a que encontremos en el di\u00e1logo nuestra forma de hacer pol\u00edtica\u201d,<\/em>&nbsp;a\u00f1adi\u00f3.<\/p>\n\n\n\n<figure class=\"wp-block-image is-resized\"><img loading=\"lazy\" decoding=\"async\" src=\"https:\/\/enelrecinto.com.ar\/wp-content\/uploads\/2023\/12\/img_0822-scaled.jpg\" alt=\"\" class=\"wp-image-14705\" width=\"843\" height=\"562\"\/><\/figure>\n\n\n\n<p>Tras darle la bienvenida a los nuevos senadores que integran la C\u00e1mara, complet\u00f3:<em>&nbsp;\u201cS\u00e9 que tenemos una ardua tarea, pero espero que sean cuatro grandiosos a\u00f1os en los que podamos un v\u00ednculo estrecho y convivir como lo demandan estos 40 a\u00f1os de democracia\u201d.&nbsp;<\/em>Por su parte, el senador Felipe Michlig tom\u00f3 la palabra en nombre del bloque Unidos para Cambiar Santa Fe y le dio la bienvenida tanto a la vicegobernadora como a los nuevos senadores que juraron y asumieron sus cargos hace una semana.&nbsp;<em>\u201cNo nos caben dudas de que estar\u00e1n a la altura\u201d,<\/em>&nbsp;afirm\u00f3.<\/p>\n\n\n\n<p>En el mismo sentido, Rub\u00e9n Pirola se pronunci\u00f3 en nombre del bloque Partido Justicialista: les dio la bienvenida y destac\u00f3 la labor de todas las \u00e1reas que forman parte del funcionamiento legislativo.<em>\u00a0\u201cSiempre vamos a aportar desde nuestra mirada para enriquecer cada pol\u00edtica p\u00fablica que se definan en estos cuatro a\u00f1os y defender a nuestra provincia\u201d<\/em>, asegur\u00f3. Asimismo se manifest\u00f3 el senador Ra\u00fal Gramajo, quien integra el bloque Unite. Tras darles la bienvenida a la vicegobernadora y a los nuevos senadores resalt\u00f3 que la de Senadores debe\u00a0<em>\u201cseguir siendo una C\u00e1mara abierta al di\u00e1logo para resolver los problemas de los santafesinos\u201d.<\/em><\/p>\n\n\n\n<p>Enelrecinto.com<\/p>\n\n\n\n<p><\/p>\n","protected":false},"excerpt":{"rendered":"<p>En la Sesi\u00f3n Extraordinaria de este jueves, se dio media sanci\u00f3n a los Mensajes para aprobar la Ley de Ejecuci\u00f3n de la Pena Privativa de la Libertad, declaraci\u00f3n de Emergencia H\u00eddrica y Emergencia en Seguridad y adhesi\u00f3n a la ley nacional de \u201cnarcomenudeo\u201d, entre otras. Al hacer uso de la palabra, el senador Rub\u00e9n Pirola <a href=\"https:\/\/armstrongyregion.com.ar\/diario\/el-senado-aprobo-importantes-proyectos-enviados-por-el-poder-ejecutivo\/\" title=\"Read more\" >&#8230;<\/a><\/p>\n","protected":false},"author":1,"featured_media":41106,"comment_status":"open","ping_status":"open","sticky":false,"template":"","format":"image","meta":{"_jetpack_memberships_contains_paid_content":false,"footnotes":"","jetpack_publicize_message":"","jetpack_publicize_feature_enabled":true,"jetpack_social_post_already_shared":true,"jetpack_social_options":{"image_generator_settings":{"template":"highway","default_image_id":0,"enabled":false},"version":2}},"categories":[8,1,2,7,3],"tags":[2460,5016,16,901,8777,8598,10091],"class_list":["post-41105","post","type-post","status-publish","format-image","has-post-thumbnail","hentry","category-deliberando","category-diario-armstrong","category-locales","category-politica","category-region","tag-aprobo","tag-armstrong-y-region","tag-el","tag-importantes","tag-lic-graciela-de-la-casa","tag-proyectos-2","tag-senado-2","post_format-post-format-image"],"jetpack_publicize_connections":[],"jetpack_featured_media_url":"https:\/\/armstrongyregion.com.ar\/diario\/wp-content\/uploads\/2023\/12\/Senadores-1-.jpg","jetpack_shortlink":"https:\/\/wp.me\/p62QDO-aGZ","jetpack_sharing_enabled":true,"amp_enabled":true,"_links":{"self":[{"href":"https:\/\/armstrongyregion.com.ar\/diario\/wp-json\/wp\/v2\/posts\/41105","targetHints":{"allow":["GET"]}}],"collection":[{"href":"https:\/\/armstrongyregion.com.ar\/diario\/wp-json\/wp\/v2\/posts"}],"about":[{"href":"https:\/\/armstrongyregion.com.ar\/diario\/wp-json\/wp\/v2\/types\/post"}],"author":[{"embeddable":true,"href":"https:\/\/armstrongyregion.com.ar\/diario\/wp-json\/wp\/v2\/users\/1"}],"replies":[{"embeddable":true,"href":"https:\/\/armstrongyregion.com.ar\/diario\/wp-json\/wp\/v2\/comments?post=41105"}],"version-history":[{"count":1,"href":"https:\/\/armstrongyregion.com.ar\/diario\/wp-json\/wp\/v2\/posts\/41105\/revisions"}],"predecessor-version":[{"id":41107,"href":"https:\/\/armstrongyregion.com.ar\/diario\/wp-json\/wp\/v2\/posts\/41105\/revisions\/41107"}],"wp:featuredmedia":[{"embeddable":true,"href":"https:\/\/armstrongyregion.com.ar\/diario\/wp-json\/wp\/v2\/media\/41106"}],"wp:attachment":[{"href":"https:\/\/armstrongyregion.com.ar\/diario\/wp-json\/wp\/v2\/media?parent=41105"}],"wp:term":[{"taxonomy":"category","embeddable":true,"href":"https:\/\/armstrongyregion.com.ar\/diario\/wp-json\/wp\/v2\/categories?post=41105"},{"taxonomy":"post_tag","embeddable":true,"href":"https:\/\/armstrongyregion.com.ar\/diario\/wp-json\/wp\/v2\/tags?post=41105"}],"curies":[{"name":"wp","href":"https:\/\/api.w.org\/{rel}","templated":true}]}}