{"id":41102,"date":"2023-12-18T03:25:31","date_gmt":"2023-12-18T03:25:31","guid":{"rendered":"https:\/\/armstrongyregion.com.ar\/diario\/?p=41102"},"modified":"2023-12-18T03:25:33","modified_gmt":"2023-12-18T03:25:33","slug":"goity-con-rectores-de-universidades-vamos-a-mejorar-la-calidad-educativa-en-santa-fe","status":"publish","type":"post","link":"https:\/\/armstrongyregion.com.ar\/diario\/goity-con-rectores-de-universidades-vamos-a-mejorar-la-calidad-educativa-en-santa-fe\/","title":{"rendered":"Goity con rectores de universidades: \u201cVamos a mejorar la calidad educativa en Santa Fe\u201d"},"content":{"rendered":"\n<figure class=\"wp-block-image size-full\"><a href=\"http:\/\/armstrongyregion.com.ar\/diario\/wp-content\/uploads\/2023\/12\/Goyti-1-.jpg\"><img loading=\"lazy\" decoding=\"async\" width=\"570\" height=\"320\" src=\"http:\/\/armstrongyregion.com.ar\/diario\/wp-content\/uploads\/2023\/12\/Goyti-1-.jpg\" alt=\"\" class=\"wp-image-41103\" srcset=\"https:\/\/armstrongyregion.com.ar\/diario\/wp-content\/uploads\/2023\/12\/Goyti-1-.jpg 570w, https:\/\/armstrongyregion.com.ar\/diario\/wp-content\/uploads\/2023\/12\/Goyti-1--300x168.jpg 300w\" sizes=\"auto, (max-width: 570px) 100vw, 570px\" \/><\/a><\/figure>\n\n\n\n<h2 class=\"wp-block-heading\">El ministro de Educaci\u00f3n de Santa Fe se reuni\u00f3 con los rectores de la UNL, Enrique Mammarella, y de la UNR, Franco Bartolacci, para definir acciones colaborativas en materia de educaci\u00f3n superior. \u201cEl gobernador Pullaro nos indic\u00f3 poner \u00e9nfasis en fortalecer los procesos de aprendizajes\u201d, subray\u00f3 Goity.<\/h2>\n\n\n\n<p>Con el objetivo de articular con universidades santafesinas pol\u00edticas p\u00fablicas que se llevar\u00e1n adelante en los pr\u00f3ximos a\u00f1os en materia de educaci\u00f3n superior, el ministro de Educaci\u00f3n de la Provincia, Jos\u00e9 Goity, mantuvo esta semana encuentros con los rectores de la Universidad Nacional del Litoral (UNL), Enrique Mammarella, y de la Universidad Nacional de Rosario (UNR), Franco Bartolacci.<\/p>\n\n\n\n<p>\u201cApuntamos a mejorar la calidad educativa, lograr aprendizajes de calidad y \u00fatiles que permitan a los j\u00f3venes iniciar la vida universitaria y consolidar su desarrollo profesional\u00bb, asegur\u00f3 Goity al terminar las reuniones para luego subrayar: \u00abPor indicaci\u00f3n del gobernador Maximiliano Pullaro, nuestra gesti\u00f3n pondr\u00e1 \u00e9nfasis en mejorar los procesos de aprendizajes\u201d. El Ministro tambi\u00e9n expres\u00f3 que \u201cse analizaron temas de una agenda com\u00fan vinculados con infraestructura, equipamiento y la articulaci\u00f3n entre el sistema educativo, la universidad y los estudios superiores\u201d.<\/p>\n\n\n\n<figure class=\"wp-block-image\"><img decoding=\"async\" src=\"https:\/\/ci3.googleusercontent.com\/meips\/ADKq_NbibHizKQdg2QM_gCRuEm4eEuf-Z7GfVlmNypU20lhJYKMDOfaBYHfV0KAdp83JXU52ZByo68JFpV3tyC9sB_It8MVjD7Eujul966ez-U2E1thofi-lQCWZX-X00BZ5tNCJBiP_4Sc4JTr_0x4=s0-d-e1-ft#https:\/\/www.santafe.gob.ar\/noticias\/recursos\/fotos\/2023\/12\/2023-12-17NID_279435O_2.jpeg\" alt=\"\"\/><\/figure>\n\n\n\n<p><strong>Trabajo conjunto<\/strong><\/p>\n\n\n\n<p>Al t\u00e9rmino del encuentro en Santa Fe, el rector Mammarella valor\u00f3 que \u201clo expresado por el Ministro de Educaci\u00f3n acerca de las directivas del Gobernador Pullaro en torno a \u2018poner \u00e9nfasis en mejorar los procesos de aprendizajes\u2019 es fundamental ya que la Universidad es el \u00faltimo escal\u00f3n del sistema educativo y sin la fortaleza del resto de los niveles, la Universidad no podr\u00eda funcionar\u201d.<\/p>\n\n\n\n<p>Por su parte, Bartolacci remarc\u00f3 que \u201cel trabajo conjunto, colaborativo y estrat\u00e9gico entre el sistema educativo jurisdiccional y las universidades es fundamental porque tenemos intereses comunes y potencial para trabajar articuladamente\u201d. Adem\u00e1s, el rector de UNR anticip\u00f3 que est\u00e1n \u201ctrabajando en proyectos que contribuyan a la formaci\u00f3n docente, a una mejor articulaci\u00f3n escuela media, universidad y mundo del trabajo y de esta forma multiplicar propuestas de acceso a la educaci\u00f3n en toda la provincia\u201d.<\/p>\n\n\n\n<figure class=\"wp-block-image\"><img decoding=\"async\" src=\"https:\/\/ci3.googleusercontent.com\/meips\/ADKq_NbNSHONmadfUg6IaF3eYt9farWwAP7rqnNd22HPYfqSR0ldXlK0VMLQRlDcsTGgb8hFYLo4Ua17wa5-7V8UX3Jlq28XRExHnkxZZre9z3dDMI9wHZemizt9UVQJ4j8R0gbQW6XopRRCGxzdZeI=s0-d-e1-ft#https:\/\/www.santafe.gob.ar\/noticias\/recursos\/fotos\/2023\/12\/2023-12-17NID_279435O_3.jpeg\" alt=\"\"\/><\/figure>\n\n\n\n<p><strong>Presencias en Santa Fe y Rosario<\/strong><\/p>\n\n\n\n<p>La primera de las reuniones se desarroll\u00f3 en la ciudad capital de Santa Fe y cont\u00f3 tambi\u00e9n con la presencia de la secretaria provincial de Educaci\u00f3n, Carolina Piedrabuena; la secretaria de Coordinaci\u00f3n y Gesti\u00f3n de Recursos, Mar\u00eda Mart\u00edn; la secretaria de Gesti\u00f3n Territorial, Daiana Gallo Ambrosis; la subsecretaria de Calidad Educativa, Mariana Migliaro; el secretario Acad\u00e9mico y de Innovaci\u00f3n Educativa de la UNL, Miguel Irigoyen, la decana de la Facultad de Humanidades y Ciencias de UNL, Laura Tarabella y el decano de la Facultad de Arquitectura, Dise\u00f1o y Urbanismo de UNL, Sergio Cosentino.<\/p>\n\n\n\n<p>El segundo encuentro tuvo lugar en Rosario y por parte de la UNR estuvieron tambi\u00e9n presentes la responsable del \u00c1rea de Acad\u00e9mica y Aprendizaje de la Universidad, Romina P\u00e9rez y la secretaria del \u00c1rea de Extensi\u00f3n y Territorio, Ianara Hummel.<\/p>\n\n\n\n<figure class=\"wp-block-image\"><img decoding=\"async\" src=\"https:\/\/ci3.googleusercontent.com\/meips\/ADKq_NZlz2fCFWH-jEHrigMSA5WsiN-1idLPg_qvWI-pjFskHImyKLBXVsZpiFq4QF_rIz4eQlAQA4E1-bRqxpkCpkJDYOu71mz1KXctxAtindo6VURqNvfDMVcnDG2FMSG7fQvtJ-SjPuSMweti5IY=s0-d-e1-ft#https:\/\/www.santafe.gob.ar\/noticias\/recursos\/fotos\/2023\/12\/2023-12-17NID_279435O_4.jpeg\" alt=\"\"\/><\/figure>\n\n\n\n<p><strong>No repitencia<\/strong><\/p>\n\n\n\n<p>La reuni\u00f3n con los rectores se concret\u00f3 apenas d\u00edas despu\u00e9s de que el ministro Goity y el gobernador Pullaro, el mismo lunes posterior a la asunci\u00f3n en su cargos, anunciaran la firma del decreto que puso fin a la no repitencia en la escuela secundaria, cumpliendo as\u00ed el compromiso adquirido con anterioridad en materia educativa. Con esa decisi\u00f3n se puso fin al avance continuo, que para Pullaro \u201cera un atajo para mostrar que los chicos terminaban la escuela cuando en realidad terminaban sin saber\u201d.<\/p>\n","protected":false},"excerpt":{"rendered":"<p>El ministro de Educaci\u00f3n de Santa Fe se reuni\u00f3 con los rectores de la UNL, Enrique Mammarella, y de la UNR, Franco Bartolacci, para definir acciones colaborativas en materia de educaci\u00f3n superior. \u201cEl gobernador Pullaro nos indic\u00f3 poner \u00e9nfasis en fortalecer los procesos de aprendizajes\u201d, subray\u00f3 Goity. Con el objetivo de articular con universidades santafesinas <a href=\"https:\/\/armstrongyregion.com.ar\/diario\/goity-con-rectores-de-universidades-vamos-a-mejorar-la-calidad-educativa-en-santa-fe\/\" title=\"Read more\" >&#8230;<\/a><\/p>\n","protected":false},"author":1,"featured_media":41103,"comment_status":"open","ping_status":"open","sticky":false,"template":"","format":"image","meta":{"_jetpack_memberships_contains_paid_content":false,"footnotes":"","jetpack_publicize_message":"","jetpack_publicize_feature_enabled":true,"jetpack_social_post_already_shared":true,"jetpack_social_options":{"image_generator_settings":{"template":"highway","default_image_id":0,"enabled":false},"version":2}},"categories":[6,8,1,2,7,3],"tags":[5016,19,10089,8777,343,86,9007],"class_list":["post-41102","post","type-post","status-publish","format-image","has-post-thumbnail","hentry","category-cultura-entretenimiento","category-deliberando","category-diario-armstrong","category-locales","category-politica","category-region","tag-armstrong-y-region","tag-de","tag-goity","tag-lic-graciela-de-la-casa","tag-reunio","tag-se","tag-universidades","post_format-post-format-image"],"jetpack_publicize_connections":[],"jetpack_featured_media_url":"https:\/\/armstrongyregion.com.ar\/diario\/wp-content\/uploads\/2023\/12\/Goyti-1-.jpg","jetpack_shortlink":"https:\/\/wp.me\/p62QDO-aGW","jetpack_sharing_enabled":true,"amp_enabled":true,"_links":{"self":[{"href":"https:\/\/armstrongyregion.com.ar\/diario\/wp-json\/wp\/v2\/posts\/41102","targetHints":{"allow":["GET"]}}],"collection":[{"href":"https:\/\/armstrongyregion.com.ar\/diario\/wp-json\/wp\/v2\/posts"}],"about":[{"href":"https:\/\/armstrongyregion.com.ar\/diario\/wp-json\/wp\/v2\/types\/post"}],"author":[{"embeddable":true,"href":"https:\/\/armstrongyregion.com.ar\/diario\/wp-json\/wp\/v2\/users\/1"}],"replies":[{"embeddable":true,"href":"https:\/\/armstrongyregion.com.ar\/diario\/wp-json\/wp\/v2\/comments?post=41102"}],"version-history":[{"count":1,"href":"https:\/\/armstrongyregion.com.ar\/diario\/wp-json\/wp\/v2\/posts\/41102\/revisions"}],"predecessor-version":[{"id":41104,"href":"https:\/\/armstrongyregion.com.ar\/diario\/wp-json\/wp\/v2\/posts\/41102\/revisions\/41104"}],"wp:featuredmedia":[{"embeddable":true,"href":"https:\/\/armstrongyregion.com.ar\/diario\/wp-json\/wp\/v2\/media\/41103"}],"wp:attachment":[{"href":"https:\/\/armstrongyregion.com.ar\/diario\/wp-json\/wp\/v2\/media?parent=41102"}],"wp:term":[{"taxonomy":"category","embeddable":true,"href":"https:\/\/armstrongyregion.com.ar\/diario\/wp-json\/wp\/v2\/categories?post=41102"},{"taxonomy":"post_tag","embeddable":true,"href":"https:\/\/armstrongyregion.com.ar\/diario\/wp-json\/wp\/v2\/tags?post=41102"}],"curies":[{"name":"wp","href":"https:\/\/api.w.org\/{rel}","templated":true}]}}