{"id":41088,"date":"2023-12-14T01:04:40","date_gmt":"2023-12-14T01:04:40","guid":{"rendered":"https:\/\/armstrongyregion.com.ar\/diario\/?p=41088"},"modified":"2023-12-14T01:04:43","modified_gmt":"2023-12-14T01:04:43","slug":"verdecchia-recibir-la-visita-del-ministro-de-produccion-en-la-primera-semana-de-gestion-del-nuevo-gobierno-provincial-es-un-fuerte-apoyo-a-nuestra-industria","status":"publish","type":"post","link":"https:\/\/armstrongyregion.com.ar\/diario\/verdecchia-recibir-la-visita-del-ministro-de-produccion-en-la-primera-semana-de-gestion-del-nuevo-gobierno-provincial-es-un-fuerte-apoyo-a-nuestra-industria\/","title":{"rendered":"Verdecchia: \u201cRecibir la visita del Ministro de Producci\u00f3n en la primera semana de gesti\u00f3n del nuevo Gobierno Provincial, es un fuerte apoyo a nuestra industria\u201d"},"content":{"rendered":"\n<figure class=\"wp-block-image size-full\"><a href=\"http:\/\/armstrongyregion.com.ar\/diario\/wp-content\/uploads\/2023\/12\/Puccini-1-.jpg\"><img loading=\"lazy\" decoding=\"async\" width=\"338\" height=\"225\" src=\"http:\/\/armstrongyregion.com.ar\/diario\/wp-content\/uploads\/2023\/12\/Puccini-1-.jpg\" alt=\"\" class=\"wp-image-41089\" srcset=\"https:\/\/armstrongyregion.com.ar\/diario\/wp-content\/uploads\/2023\/12\/Puccini-1-.jpg 338w, https:\/\/armstrongyregion.com.ar\/diario\/wp-content\/uploads\/2023\/12\/Puccini-1--300x200.jpg 300w\" sizes=\"auto, (max-width: 338px) 100vw, 338px\" \/><\/a><\/figure>\n\n\n\n<h2 class=\"wp-block-heading\">En la ciudad de Armstrong, el Ministro de Desarrollo Productivo de Santa Fe, Gustavo Puccini y el Senador Pablo Verdecchia, encabezaron una reuni\u00f3n de trabajo junto a empresarios del sector industrial del Departamento Belgrano.\u00a0<\/h2>\n\n\n\n<figure class=\"wp-block-image size-full\"><a href=\"http:\/\/armstrongyregion.com.ar\/diario\/wp-content\/uploads\/2023\/12\/puccini-2-.jpg\"><img loading=\"lazy\" decoding=\"async\" width=\"675\" height=\"450\" src=\"http:\/\/armstrongyregion.com.ar\/diario\/wp-content\/uploads\/2023\/12\/puccini-2-.jpg\" alt=\"\" class=\"wp-image-41090\" srcset=\"https:\/\/armstrongyregion.com.ar\/diario\/wp-content\/uploads\/2023\/12\/puccini-2-.jpg 675w, https:\/\/armstrongyregion.com.ar\/diario\/wp-content\/uploads\/2023\/12\/puccini-2--300x200.jpg 300w\" sizes=\"auto, (max-width: 675px) 100vw, 675px\" \/><\/a><\/figure>\n\n\n\n<p>En este primer contacto con representantes del sector privado, ambos funcionarios estrenados hace 3 d\u00edas en sus cargos, expusieron los ejes principales de las pol\u00edticas p\u00fablicas vinculadas a la producci\u00f3n que se impulsar\u00e1n desde la cartera productiva del Gobierno de la Prov. de Santa Fe.\u00a0<\/p>\n\n\n\n<figure class=\"wp-block-image size-full\"><a href=\"http:\/\/armstrongyregion.com.ar\/diario\/wp-content\/uploads\/2023\/12\/puccini-3-.jpg\"><img loading=\"lazy\" decoding=\"async\" width=\"675\" height=\"450\" src=\"http:\/\/armstrongyregion.com.ar\/diario\/wp-content\/uploads\/2023\/12\/puccini-3-.jpg\" alt=\"\" class=\"wp-image-41091\" srcset=\"https:\/\/armstrongyregion.com.ar\/diario\/wp-content\/uploads\/2023\/12\/puccini-3-.jpg 675w, https:\/\/armstrongyregion.com.ar\/diario\/wp-content\/uploads\/2023\/12\/puccini-3--300x200.jpg 300w\" sizes=\"auto, (max-width: 675px) 100vw, 675px\" \/><\/a><\/figure>\n\n\n\n<p>El Ministro Puccini estuvo acompa\u00f1ado por parte de su equipo de trabajo. Guillermo Beccani, Secretario de Industria;\u00a0 Mauricio Basso, Secretario de Infraestructura Productiva; y Pablo Bonetto, Director de Infraestructura y Fortalecimiento Industrial.\u00a0 Dichos funcionarios, tambi\u00e9n expusieron ante los empresarios los alcances, funciones y programas de sus secretar\u00edas.\u00a0<\/p>\n\n\n\n<figure class=\"wp-block-image size-full\"><a href=\"http:\/\/armstrongyregion.com.ar\/diario\/wp-content\/uploads\/2023\/12\/Puccini-4-.jpg\"><img loading=\"lazy\" decoding=\"async\" width=\"675\" height=\"450\" src=\"http:\/\/armstrongyregion.com.ar\/diario\/wp-content\/uploads\/2023\/12\/Puccini-4-.jpg\" alt=\"\" class=\"wp-image-41092\" srcset=\"https:\/\/armstrongyregion.com.ar\/diario\/wp-content\/uploads\/2023\/12\/Puccini-4-.jpg 675w, https:\/\/armstrongyregion.com.ar\/diario\/wp-content\/uploads\/2023\/12\/Puccini-4--300x200.jpg 300w\" sizes=\"auto, (max-width: 675px) 100vw, 675px\" \/><\/a><\/figure>\n\n\n\n<p>Vale recordar, que en el pasado mes de julio el flamante Gobernado Maximiliano Pullaro cerr\u00f3 su campa\u00f1a de cara a las PASO en Armstrong, ocasi\u00f3n en la cual se firm\u00f3 un compromiso p\u00fablico con el \u201cCampo y sus Industrias\u201d. Sobre este punto se refiri\u00f3 el Senador Verdecchia: \u201cHace unos meses atr\u00e1s, asumimos un fuerte compromiso con los sectores productivos, de gestionar para\u00a0 potenciar nuestro musculo productivo y lo empezamos a plasmar desde el d\u00eda 1\u201d.<\/p>\n\n\n\n<figure class=\"wp-block-image size-full\"><a href=\"http:\/\/armstrongyregion.com.ar\/diario\/wp-content\/uploads\/2023\/12\/puccini-5-.jpg\"><img loading=\"lazy\" decoding=\"async\" width=\"675\" height=\"450\" src=\"http:\/\/armstrongyregion.com.ar\/diario\/wp-content\/uploads\/2023\/12\/puccini-5-.jpg\" alt=\"\" class=\"wp-image-41093\" srcset=\"https:\/\/armstrongyregion.com.ar\/diario\/wp-content\/uploads\/2023\/12\/puccini-5-.jpg 675w, https:\/\/armstrongyregion.com.ar\/diario\/wp-content\/uploads\/2023\/12\/puccini-5--300x200.jpg 300w\" sizes=\"auto, (max-width: 675px) 100vw, 675px\" \/><\/a><\/figure>\n\n\n\n<p><br><a rel=\"noreferrer noopener\" href=\"https:\/\/www.instagram.com\/p\/C0z7rFxMKF0\/?igshid=MTc4MmM1YmI2Ng==\" target=\"_blank\">https:\/\/www.instagram.com\/p\/C0z7rFxMKF0\/?igshid=MTc4MmM1YmI2Ng==<\/a><\/p>\n","protected":false},"excerpt":{"rendered":"<p>En la ciudad de Armstrong, el Ministro de Desarrollo Productivo de Santa Fe, Gustavo Puccini y el Senador Pablo Verdecchia, encabezaron una reuni\u00f3n de trabajo junto a empresarios del sector industrial del Departamento Belgrano.\u00a0 En este primer contacto con representantes del sector privado, ambos funcionarios estrenados hace 3 d\u00edas en sus cargos, expusieron los ejes <a href=\"https:\/\/armstrongyregion.com.ar\/diario\/verdecchia-recibir-la-visita-del-ministro-de-produccion-en-la-primera-semana-de-gestion-del-nuevo-gobierno-provincial-es-un-fuerte-apoyo-a-nuestra-industria\/\" title=\"Read more\" >&#8230;<\/a><\/p>\n","protected":false},"author":1,"featured_media":41089,"comment_status":"open","ping_status":"open","sticky":false,"template":"","format":"image","meta":{"_jetpack_memberships_contains_paid_content":false,"footnotes":"","jetpack_publicize_message":"","jetpack_publicize_feature_enabled":true,"jetpack_social_post_already_shared":true,"jetpack_social_options":{"image_generator_settings":{"template":"highway","default_image_id":0,"enabled":false},"version":2}},"categories":[8,1,2,7,3],"tags":[53,10087,31,8777,10086,496,205,28],"class_list":["post-41088","post","type-post","status-publish","format-image","has-post-thumbnail","hentry","category-deliberando","category-diario-armstrong","category-locales","category-politica","category-region","tag-del","tag-gustavo-puccini","tag-la","tag-lic-graciela-de-la-casa","tag-ministro-de-produccion","tag-recibio","tag-verdecchia","tag-visita","post_format-post-format-image"],"jetpack_publicize_connections":[],"jetpack_featured_media_url":"https:\/\/armstrongyregion.com.ar\/diario\/wp-content\/uploads\/2023\/12\/Puccini-1-.jpg","jetpack_shortlink":"https:\/\/wp.me\/p62QDO-aGI","jetpack_sharing_enabled":true,"amp_enabled":true,"_links":{"self":[{"href":"https:\/\/armstrongyregion.com.ar\/diario\/wp-json\/wp\/v2\/posts\/41088","targetHints":{"allow":["GET"]}}],"collection":[{"href":"https:\/\/armstrongyregion.com.ar\/diario\/wp-json\/wp\/v2\/posts"}],"about":[{"href":"https:\/\/armstrongyregion.com.ar\/diario\/wp-json\/wp\/v2\/types\/post"}],"author":[{"embeddable":true,"href":"https:\/\/armstrongyregion.com.ar\/diario\/wp-json\/wp\/v2\/users\/1"}],"replies":[{"embeddable":true,"href":"https:\/\/armstrongyregion.com.ar\/diario\/wp-json\/wp\/v2\/comments?post=41088"}],"version-history":[{"count":1,"href":"https:\/\/armstrongyregion.com.ar\/diario\/wp-json\/wp\/v2\/posts\/41088\/revisions"}],"predecessor-version":[{"id":41094,"href":"https:\/\/armstrongyregion.com.ar\/diario\/wp-json\/wp\/v2\/posts\/41088\/revisions\/41094"}],"wp:featuredmedia":[{"embeddable":true,"href":"https:\/\/armstrongyregion.com.ar\/diario\/wp-json\/wp\/v2\/media\/41089"}],"wp:attachment":[{"href":"https:\/\/armstrongyregion.com.ar\/diario\/wp-json\/wp\/v2\/media?parent=41088"}],"wp:term":[{"taxonomy":"category","embeddable":true,"href":"https:\/\/armstrongyregion.com.ar\/diario\/wp-json\/wp\/v2\/categories?post=41088"},{"taxonomy":"post_tag","embeddable":true,"href":"https:\/\/armstrongyregion.com.ar\/diario\/wp-json\/wp\/v2\/tags?post=41088"}],"curies":[{"name":"wp","href":"https:\/\/api.w.org\/{rel}","templated":true}]}}