{"id":41079,"date":"2023-12-13T16:55:09","date_gmt":"2023-12-13T16:55:09","guid":{"rendered":"https:\/\/armstrongyregion.com.ar\/diario\/?p=41079"},"modified":"2023-12-13T16:55:12","modified_gmt":"2023-12-13T16:55:12","slug":"seguridad-vamos-a-responder-con-medidas-mas-energicas","status":"publish","type":"post","link":"https:\/\/armstrongyregion.com.ar\/diario\/seguridad-vamos-a-responder-con-medidas-mas-energicas\/","title":{"rendered":"Seguridad: \u201cVamos a responder con medidas m\u00e1s en\u00e9rgicas\u201d."},"content":{"rendered":"\n<figure class=\"wp-block-image size-full\"><a href=\"http:\/\/armstrongyregion.com.ar\/diario\/wp-content\/uploads\/2023\/12\/seguridad-sta.fe_.-1.jpg\"><img loading=\"lazy\" decoding=\"async\" width=\"480\" height=\"270\" src=\"http:\/\/armstrongyregion.com.ar\/diario\/wp-content\/uploads\/2023\/12\/seguridad-sta.fe_.-1.jpg\" alt=\"\" class=\"wp-image-41082\" srcset=\"https:\/\/armstrongyregion.com.ar\/diario\/wp-content\/uploads\/2023\/12\/seguridad-sta.fe_.-1.jpg 480w, https:\/\/armstrongyregion.com.ar\/diario\/wp-content\/uploads\/2023\/12\/seguridad-sta.fe_.-1-300x169.jpg 300w\" sizes=\"auto, (max-width: 480px) 100vw, 480px\" \/><\/a><\/figure>\n\n\n\n<h2 class=\"wp-block-heading\">El ministro de Seguridad, Pablo Cococcioni, fue contundente al hacer referencia a las dos balaceras registradas en las \u00faltimas horas en Rosario, con mensajes amenazantes al gobernador Maximiliano Pullaro. \u201cTenemos un programa de trabajo, y de ninguna manera, vamos a permitir que unos criminales nos muevan ni un mil\u00edmetro de nuestras acciones y objetivos\u201d, sentenci\u00f3.<\/h2>\n\n\n\n<p>El Gobierno de la provincia comenz\u00f3 este mi\u00e9rcoles con el traslado de 86 presos que estaban en comisar\u00edas de Rosario a dependencias del Servicio Penitenciario, y a reforzar el patrullaje preventivo, tal cual estaba previsto en las medidas anunciadas por el gobernador Maximiliano Pullaro.<\/p>\n\n\n\n<p>Se trata de acciones que se suman a los operativos realizados el martes en la c\u00e1rcel de Pi\u00f1ero, y a la resoluci\u00f3n tomada el lunes que establece un \u201cbloqueo administrativo\u201d en las fuerzas de seguridad para que todo personal de oficina se sume a las tareas de prevenci\u00f3n en calle.<\/p>\n\n\n\n<p>En la sede de la Comisar\u00eda 32, en Granadero Baigorria, el ministro de Justicia y Seguridad, Pablo Cococcioni detall\u00f3 el operativo de traslado de detenidos: \u201cEn lo inmediato vaciamos la Comisar\u00eda 15, que ten\u00eda 17 detenidos; la Comisar\u00eda 12, con 15 detenidos; la 32 que ten\u00eda 19 detenidos y luego procederemos a hacer lo propio en otra dependencia donde se van a extraer 35 detenidos m\u00e1s, lo que da como resultado un total de 86 personas que estaban custodiadas en comisar\u00edas y que a partir de hoy van a estar en c\u00e1rceles\u201d.<\/p>\n\n\n\n<p>Con respecto a las custodias fijas, el funcionario remarc\u00f3 que \u201cse est\u00e1n ejecutando las medidas anunciadas, y a partir de hoy a las 7 se levantaron 30 custodias fijas que estaban dispuestas por orden judicial y orden administrativo con lo cual se ha visto reforzado el patrullaje preventivo que era muy escaso y se restablecieron los servicios policiales para cooperar en este proceso\u201d.<\/p>\n\n\n\n<p><strong>Ni un paso atr\u00e1s<\/strong><\/p>\n\n\n\n<p>Sobre las balaceras efectuadas entre martes y mi\u00e9rcoles en Rosario -en un cajero autom\u00e1tico y en dependencias del Hospital de Emergencia Clemente Alvarez-, donde adem\u00e1s dejaron amenazas contra el gobernador Maximiliano Pullaro, Cococcioni enfatiz\u00f3 \u201cde ninguna manera vamos permitir que unos criminales nos muevan ni un mil\u00edmetro de las acciones estrat\u00e9gicas. Estas amenazas son claramente respuestas que estaban dentro de lo previsto porque el r\u00e9gimen penitenciario en estos 4 a\u00f1os fue debilitando los controles internos, se disolvieron los grupos de requisas , y claramente cuando uno ajusta dos o tres par\u00e1metros b\u00e1sicos, la reacci\u00f3n se produce; pero vamos a responder con medidas m\u00e1s en\u00e9rgicas todav\u00eda y vamos a darle seguridad a toda la provincia de Santa Fe\u201d.<\/p>\n\n\n\n<p>Por otra parte, el ministro detall\u00f3 medidas inmediatas que se est\u00e1n llevando adelante: operativos de cacheo, controles, requisas aleatorias en la v\u00eda p\u00fablica, prohibici\u00f3n de entrada de elementos al servicio penitenciario, restricci\u00f3n de horarios de visitas, horarios de patios y comunicaciones y otros derechos reglamentarios de los reclusos. \u201cSon todas medidas que cuentan con el respaldo del gobernador Maximiliano Pullaro\u201d, destac\u00f3. Y concluy\u00f3: \u201cNosotros vamos a adoptar todas las medidas necesarias para garantizar y recobrar la paz p\u00fablica en Rosario y en la provincia de Santa Fe, y estamos preparados para reaccionar con medidas m\u00e1s en\u00e9rgicas todav\u00eda\u201d.<\/p>\n","protected":false},"excerpt":{"rendered":"<p>El ministro de Seguridad, Pablo Cococcioni, fue contundente al hacer referencia a las dos balaceras registradas en las \u00faltimas horas en Rosario, con mensajes amenazantes al gobernador Maximiliano Pullaro. \u201cTenemos un programa de trabajo, y de ninguna manera, vamos a permitir que unos criminales nos muevan ni un mil\u00edmetro de nuestras acciones y objetivos\u201d, sentenci\u00f3. <a href=\"https:\/\/armstrongyregion.com.ar\/diario\/seguridad-vamos-a-responder-con-medidas-mas-energicas\/\" title=\"Read more\" >&#8230;<\/a><\/p>\n","protected":false},"author":1,"featured_media":41080,"comment_status":"open","ping_status":"open","sticky":false,"template":"","format":"image","meta":{"_jetpack_memberships_contains_paid_content":false,"footnotes":"","jetpack_publicize_message":"","jetpack_publicize_feature_enabled":true,"jetpack_social_post_already_shared":true,"jetpack_social_options":{"image_generator_settings":{"template":"highway","default_image_id":0,"enabled":false},"version":2}},"categories":[8,1,2,7,3],"tags":[33,100,10085,8777,40,3364,8991,3683],"class_list":["post-41079","post","type-post","status-publish","format-image","has-post-thumbnail","hentry","category-deliberando","category-diario-armstrong","category-locales","category-politica","category-region","tag-a","tag-con","tag-energicas","tag-lic-graciela-de-la-casa","tag-mas","tag-medidas","tag-seguridad-2","tag-vamos","post_format-post-format-image"],"jetpack_publicize_connections":[],"jetpack_featured_media_url":"https:\/\/armstrongyregion.com.ar\/diario\/wp-content\/uploads\/2023\/12\/seguridad-sta.fe_..jpg","jetpack_shortlink":"https:\/\/wp.me\/p62QDO-aGz","jetpack_sharing_enabled":true,"amp_enabled":true,"_links":{"self":[{"href":"https:\/\/armstrongyregion.com.ar\/diario\/wp-json\/wp\/v2\/posts\/41079","targetHints":{"allow":["GET"]}}],"collection":[{"href":"https:\/\/armstrongyregion.com.ar\/diario\/wp-json\/wp\/v2\/posts"}],"about":[{"href":"https:\/\/armstrongyregion.com.ar\/diario\/wp-json\/wp\/v2\/types\/post"}],"author":[{"embeddable":true,"href":"https:\/\/armstrongyregion.com.ar\/diario\/wp-json\/wp\/v2\/users\/1"}],"replies":[{"embeddable":true,"href":"https:\/\/armstrongyregion.com.ar\/diario\/wp-json\/wp\/v2\/comments?post=41079"}],"version-history":[{"count":2,"href":"https:\/\/armstrongyregion.com.ar\/diario\/wp-json\/wp\/v2\/posts\/41079\/revisions"}],"predecessor-version":[{"id":41084,"href":"https:\/\/armstrongyregion.com.ar\/diario\/wp-json\/wp\/v2\/posts\/41079\/revisions\/41084"}],"wp:featuredmedia":[{"embeddable":true,"href":"https:\/\/armstrongyregion.com.ar\/diario\/wp-json\/wp\/v2\/media\/41080"}],"wp:attachment":[{"href":"https:\/\/armstrongyregion.com.ar\/diario\/wp-json\/wp\/v2\/media?parent=41079"}],"wp:term":[{"taxonomy":"category","embeddable":true,"href":"https:\/\/armstrongyregion.com.ar\/diario\/wp-json\/wp\/v2\/categories?post=41079"},{"taxonomy":"post_tag","embeddable":true,"href":"https:\/\/armstrongyregion.com.ar\/diario\/wp-json\/wp\/v2\/tags?post=41079"}],"curies":[{"name":"wp","href":"https:\/\/api.w.org\/{rel}","templated":true}]}}