{"id":41064,"date":"2023-12-13T16:02:21","date_gmt":"2023-12-13T16:02:21","guid":{"rendered":"https:\/\/armstrongyregion.com.ar\/diario\/?p=41064"},"modified":"2023-12-13T16:04:09","modified_gmt":"2023-12-13T16:04:09","slug":"un-fuerte-temporal-volvio-a-castigar-al-trebol","status":"publish","type":"post","link":"https:\/\/armstrongyregion.com.ar\/diario\/un-fuerte-temporal-volvio-a-castigar-al-trebol\/","title":{"rendered":"Un fuerte temporal volvi\u00f3 a castigar al Tr\u00e9bol."},"content":{"rendered":"\n<figure class=\"wp-block-image size-full\"><a href=\"http:\/\/armstrongyregion.com.ar\/diario\/wp-content\/uploads\/2023\/12\/trebol-lluvia-copiosa.jpg\"><img loading=\"lazy\" decoding=\"async\" width=\"540\" height=\"300\" src=\"http:\/\/armstrongyregion.com.ar\/diario\/wp-content\/uploads\/2023\/12\/trebol-lluvia-copiosa.jpg\" alt=\"\" class=\"wp-image-41065\" srcset=\"https:\/\/armstrongyregion.com.ar\/diario\/wp-content\/uploads\/2023\/12\/trebol-lluvia-copiosa.jpg 540w, https:\/\/armstrongyregion.com.ar\/diario\/wp-content\/uploads\/2023\/12\/trebol-lluvia-copiosa-300x167.jpg 300w\" sizes=\"auto, (max-width: 540px) 100vw, 540px\" \/><\/a><\/figure>\n\n\n\n<h2 class=\"wp-block-heading\">Calles anegadas, barrios bajo agua y m\u00e1s de 200 familias con agua dentro de sus viviendas.<\/h2>\n\n\n\n<p>Nota a Mariano Corsalini.<\/p>\n\n\n\n<figure class=\"wp-block-audio\"><audio controls src=\"http:\/\/armstrongyregion.com.ar\/diario\/wp-content\/uploads\/2023\/12\/multimedia.audio_.a70a2f988749f68a.YXVkaW8gbW9uby5tcDM-1.mp3\"><\/audio><figcaption class=\"wp-element-caption\">Jefe Bomberos El Tr\u00e9bol.<\/figcaption><\/figure>\n\n\n\n<p><\/p>\n\n\n\n<p>Cuando los pron\u00f3sticos del tiempo indicaron que sobre las 2 de la madrugada habr\u00eda una tormenta sobre la regi\u00f3n del centro oeste santafesino, nadie supuso que al amanecer se iba a encontrar con el cuadro que se encontr\u00f3.<\/p>\n\n\n\n<p>Calles anegadas, barrios bajo agua y m\u00e1s de 200 familias con agua dentro de sus viviendas.<\/p>\n\n\n\n<p>En 3 horas, entre las 4 y las 7 de la ma\u00f1ana cayeron 200 mil\u00edmetros en El Tr\u00e9bol y unos 180 en Mar\u00eda Susana. El declive pronunciado que tiene el distrityo El tr\u00e9bol, de oeste a este, hizo que el agua que se junt\u00f3 en la zona rural, impactara contra el corredor vial N\u00ba 13, que muchas veces hace de contenci\u00f3n de agua cuando hay excesos h\u00eddricos y que la ruta colapsara.<\/p>\n\n\n\n<p>Al pasar el agua sobre la cinta asf\u00e1ltica, la situaci\u00f3n se complic\u00f3 en las calles, que vieron venir grandes masas de agua desde el oeste.<\/p>\n\n\n\n<p>Fue entonces, cuando la ciudad entera, colaps\u00f3 y el agua lleg\u00f3 a cada sector, anegando calles y entrando en viviendas.<\/p>\n\n\n\n<p>Desde protecci\u00f3n civil se activ\u00f3 el sistema de emergencias, evacuando a 40 personas que viv\u00edan cerca del Canal 12 de octubre, lindante a la ruta, que colaps\u00f3 por la gran masa de agua.<\/p>\n\n\n\n<p>Los clubes Trebolense y El expreso, habilitaron sus albergues para recibir evacuados, brindarles ropa de cama, sanitarios con agua caliente y ropa seca.<\/p>\n\n\n\n<p><strong>Airado reclamo municipal<\/strong><\/p>\n\n\n\n<p>La gesti\u00f3n que actualmente lleva adelante el Municipio de El Tr\u00e9bol, que asumi\u00f3 en 2021, hizo varios pedidos al Gobierno de Santa Fe.<\/p>\n\n\n\n<p>Desde el municipio, la Intendente Natalia Sanchez, reclam\u00f3 airadamente: \u201cNosotros hicimos el estudio topogr\u00e1fico en este a\u00f1o y medio, lo elevamos al gobierno provincial y Vialidad de Santa Fe lo rechazaron\u201d.<\/p>\n\n\n\n<p>Fuente: El Tr\u00e9bol Digital.<\/p>\n","protected":false},"excerpt":{"rendered":"<p>Calles anegadas, barrios bajo agua y m\u00e1s de 200 familias con agua dentro de sus viviendas. Nota a Mariano Corsalini. Cuando los pron\u00f3sticos del tiempo indicaron que sobre las 2 de la madrugada habr\u00eda una tormenta sobre la regi\u00f3n del centro oeste santafesino, nadie supuso que al amanecer se iba a encontrar con el cuadro <a href=\"https:\/\/armstrongyregion.com.ar\/diario\/un-fuerte-temporal-volvio-a-castigar-al-trebol\/\" title=\"Read more\" >&#8230;<\/a><\/p>\n","protected":false},"author":1,"featured_media":41065,"comment_status":"open","ping_status":"open","sticky":false,"template":"","format":"image","meta":{"_jetpack_memberships_contains_paid_content":false,"footnotes":"","jetpack_publicize_message":"","jetpack_publicize_feature_enabled":true,"jetpack_social_post_already_shared":true,"jetpack_social_options":{"image_generator_settings":{"template":"highway","default_image_id":0,"enabled":false},"version":2}},"categories":[8,1,2,7,3],"tags":[179,3167,8820,8777,3166,1041],"class_list":["post-41064","post","type-post","status-publish","format-image","has-post-thumbnail","hentry","category-deliberando","category-diario-armstrong","category-locales","category-politica","category-region","tag-al","tag-castigo","tag-fuerte-2","tag-lic-graciela-de-la-casa","tag-temporal","tag-trebol","post_format-post-format-image"],"jetpack_publicize_connections":[],"jetpack_featured_media_url":"https:\/\/armstrongyregion.com.ar\/diario\/wp-content\/uploads\/2023\/12\/trebol-lluvia-copiosa.jpg","jetpack_shortlink":"https:\/\/wp.me\/p62QDO-aGk","jetpack_sharing_enabled":true,"amp_enabled":true,"_links":{"self":[{"href":"https:\/\/armstrongyregion.com.ar\/diario\/wp-json\/wp\/v2\/posts\/41064","targetHints":{"allow":["GET"]}}],"collection":[{"href":"https:\/\/armstrongyregion.com.ar\/diario\/wp-json\/wp\/v2\/posts"}],"about":[{"href":"https:\/\/armstrongyregion.com.ar\/diario\/wp-json\/wp\/v2\/types\/post"}],"author":[{"embeddable":true,"href":"https:\/\/armstrongyregion.com.ar\/diario\/wp-json\/wp\/v2\/users\/1"}],"replies":[{"embeddable":true,"href":"https:\/\/armstrongyregion.com.ar\/diario\/wp-json\/wp\/v2\/comments?post=41064"}],"version-history":[{"count":2,"href":"https:\/\/armstrongyregion.com.ar\/diario\/wp-json\/wp\/v2\/posts\/41064\/revisions"}],"predecessor-version":[{"id":41069,"href":"https:\/\/armstrongyregion.com.ar\/diario\/wp-json\/wp\/v2\/posts\/41064\/revisions\/41069"}],"wp:featuredmedia":[{"embeddable":true,"href":"https:\/\/armstrongyregion.com.ar\/diario\/wp-json\/wp\/v2\/media\/41065"}],"wp:attachment":[{"href":"https:\/\/armstrongyregion.com.ar\/diario\/wp-json\/wp\/v2\/media?parent=41064"}],"wp:term":[{"taxonomy":"category","embeddable":true,"href":"https:\/\/armstrongyregion.com.ar\/diario\/wp-json\/wp\/v2\/categories?post=41064"},{"taxonomy":"post_tag","embeddable":true,"href":"https:\/\/armstrongyregion.com.ar\/diario\/wp-json\/wp\/v2\/tags?post=41064"}],"curies":[{"name":"wp","href":"https:\/\/api.w.org\/{rel}","templated":true}]}}