{"id":41041,"date":"2023-12-07T18:35:58","date_gmt":"2023-12-07T18:35:58","guid":{"rendered":"https:\/\/armstrongyregion.com.ar\/diario\/?p=41041"},"modified":"2023-12-07T18:36:01","modified_gmt":"2023-12-07T18:36:01","slug":"se-realizo-la-charla-las-fiestas-en-duelo","status":"publish","type":"post","link":"https:\/\/armstrongyregion.com.ar\/diario\/se-realizo-la-charla-las-fiestas-en-duelo\/","title":{"rendered":"Se realiz\u00f3 la charla: \u00abLas Fiestas en Duelo\u00bb"},"content":{"rendered":"\n<p><\/p>\n\n\n\n<figure class=\"wp-block-image size-large\"><a href=\"http:\/\/armstrongyregion.com.ar\/diario\/wp-content\/uploads\/2023\/12\/charla-Pauli-Moser-.jpeg\"><img loading=\"lazy\" decoding=\"async\" width=\"1024\" height=\"768\" src=\"http:\/\/armstrongyregion.com.ar\/diario\/wp-content\/uploads\/2023\/12\/charla-Pauli-Moser--1024x768.jpeg\" alt=\"\" class=\"wp-image-41042\" srcset=\"https:\/\/armstrongyregion.com.ar\/diario\/wp-content\/uploads\/2023\/12\/charla-Pauli-Moser--1024x768.jpeg 1024w, https:\/\/armstrongyregion.com.ar\/diario\/wp-content\/uploads\/2023\/12\/charla-Pauli-Moser--300x225.jpeg 300w, https:\/\/armstrongyregion.com.ar\/diario\/wp-content\/uploads\/2023\/12\/charla-Pauli-Moser--768x576.jpeg 768w, https:\/\/armstrongyregion.com.ar\/diario\/wp-content\/uploads\/2023\/12\/charla-Pauli-Moser--1536x1152.jpeg 1536w, https:\/\/armstrongyregion.com.ar\/diario\/wp-content\/uploads\/2023\/12\/charla-Pauli-Moser-.jpeg 1600w\" sizes=\"auto, (max-width: 1024px) 100vw, 1024px\" \/><\/a><\/figure>\n\n\n\n<p>\u201cConectarme con mis emociones, sentir, expresarme a trav\u00e9s del recuerdo del ser querido que ya no est\u00e1, es parte del proceso del duelo\u00bb&nbsp;<\/p>\n\n\n\n<p>Ayer, en el SUM de la Biblioteca Popular Sarmiento, se realiz\u00f3 la charla: \u00abLas Fiestas en Duelo\u00bb, a cargo de la psic\u00f3loga Paula Moser.\u00a0Alrededor de 60 personas, escuchando atentamente las palabras de la profesional.\u00a0<\/p>\n\n\n\n<p>Entre las tem\u00e1ticas debatidas, se habl\u00f3 sobre\u00a0\u00a0<strong>distintos tipos de duelo, las etapas, c\u00f3mo se afrontan y c\u00f3mo se sale de los mismos.<\/strong><\/p>\n\n\n\n<blockquote class=\"wp-block-quote is-layout-flow wp-block-quote-is-layout-flow\">\n<p>&nbsp;\u00abSanar, no es olvidar, es ir transformando el dolor en m\u00e1s amor\u00bb&nbsp;<\/p>\n<\/blockquote>\n\n\n\n<p>Adem\u00e1s, propuso algunas herramientas para la superaci\u00f3n como: hablar de lo que nos pas\u00f3;&nbsp;nombrar y recordar a nuestro ser querido en distintos momentos del d\u00eda, entre otros.&nbsp;Mencion\u00f3 la importancia de realizar actividades, de participar en distintos grupos de contenci\u00f3n, de recreaci\u00f3n y de la ayuda profesional.<\/p>\n\n\n\n<figure class=\"wp-block-image\"><img decoding=\"async\" src=\"https:\/\/www.celar.com.ar\/web\/images\/charla_duelo.jpeg\" alt=\"charla duelo\"\/><\/figure>\n\n\n\n<p>Finalmente, explic\u00f3 como acompa\u00f1ar a las personas que atraviesan un duelo en el aspecto familiar y en el profesional (desde la psicolog\u00eda y el acompa\u00f1amiento terap\u00e9utico).<\/p>\n","protected":false},"excerpt":{"rendered":"<p>\u201cConectarme con mis emociones, sentir, expresarme a trav\u00e9s del recuerdo del ser querido que ya no est\u00e1, es parte del proceso del duelo\u00bb&nbsp; Ayer, en el SUM de la Biblioteca Popular Sarmiento, se realiz\u00f3 la charla: \u00abLas Fiestas en Duelo\u00bb, a cargo de la psic\u00f3loga Paula Moser.\u00a0Alrededor de 60 personas, escuchando atentamente las palabras de <a href=\"https:\/\/armstrongyregion.com.ar\/diario\/se-realizo-la-charla-las-fiestas-en-duelo\/\" title=\"Read more\" >&#8230;<\/a><\/p>\n","protected":false},"author":1,"featured_media":41042,"comment_status":"open","ping_status":"open","sticky":false,"template":"","format":"image","meta":{"_jetpack_memberships_contains_paid_content":false,"footnotes":"","jetpack_publicize_message":"","jetpack_publicize_feature_enabled":true,"jetpack_social_post_already_shared":true,"jetpack_social_options":{"image_generator_settings":{"template":"highway","default_image_id":0,"enabled":false},"version":2}},"categories":[8,1,2,4,3],"tags":[10069,5016,432,9346,31,86],"class_list":["post-41041","post","type-post","status-publish","format-image","has-post-thumbnail","hentry","category-deliberando","category-diario-armstrong","category-locales","category-prevencion-salud","category-region","tag-las-fiestas-en-duelo","tag-armstrong-y-region","tag-charla","tag-graciela-de-la-casa","tag-la","tag-se","post_format-post-format-image"],"jetpack_publicize_connections":[],"jetpack_featured_media_url":"https:\/\/armstrongyregion.com.ar\/diario\/wp-content\/uploads\/2023\/12\/charla-Pauli-Moser-.jpeg","jetpack_shortlink":"https:\/\/wp.me\/p62QDO-aFX","jetpack_sharing_enabled":true,"amp_enabled":true,"_links":{"self":[{"href":"https:\/\/armstrongyregion.com.ar\/diario\/wp-json\/wp\/v2\/posts\/41041","targetHints":{"allow":["GET"]}}],"collection":[{"href":"https:\/\/armstrongyregion.com.ar\/diario\/wp-json\/wp\/v2\/posts"}],"about":[{"href":"https:\/\/armstrongyregion.com.ar\/diario\/wp-json\/wp\/v2\/types\/post"}],"author":[{"embeddable":true,"href":"https:\/\/armstrongyregion.com.ar\/diario\/wp-json\/wp\/v2\/users\/1"}],"replies":[{"embeddable":true,"href":"https:\/\/armstrongyregion.com.ar\/diario\/wp-json\/wp\/v2\/comments?post=41041"}],"version-history":[{"count":1,"href":"https:\/\/armstrongyregion.com.ar\/diario\/wp-json\/wp\/v2\/posts\/41041\/revisions"}],"predecessor-version":[{"id":41043,"href":"https:\/\/armstrongyregion.com.ar\/diario\/wp-json\/wp\/v2\/posts\/41041\/revisions\/41043"}],"wp:featuredmedia":[{"embeddable":true,"href":"https:\/\/armstrongyregion.com.ar\/diario\/wp-json\/wp\/v2\/media\/41042"}],"wp:attachment":[{"href":"https:\/\/armstrongyregion.com.ar\/diario\/wp-json\/wp\/v2\/media?parent=41041"}],"wp:term":[{"taxonomy":"category","embeddable":true,"href":"https:\/\/armstrongyregion.com.ar\/diario\/wp-json\/wp\/v2\/categories?post=41041"},{"taxonomy":"post_tag","embeddable":true,"href":"https:\/\/armstrongyregion.com.ar\/diario\/wp-json\/wp\/v2\/tags?post=41041"}],"curies":[{"name":"wp","href":"https:\/\/api.w.org\/{rel}","templated":true}]}}