{"id":41029,"date":"2023-12-07T17:59:31","date_gmt":"2023-12-07T17:59:31","guid":{"rendered":"https:\/\/armstrongyregion.com.ar\/diario\/?p=41029"},"modified":"2023-12-07T17:59:34","modified_gmt":"2023-12-07T17:59:34","slug":"armstrong-orden-del-dia-sesion-extraordinaria","status":"publish","type":"post","link":"https:\/\/armstrongyregion.com.ar\/diario\/armstrong-orden-del-dia-sesion-extraordinaria\/","title":{"rendered":"Armstrong. Orden del D\u00eda. Sesi\u00f3n Extraordinaria."},"content":{"rendered":"\n<figure class=\"wp-block-image size-full\"><a href=\"http:\/\/armstrongyregion.com.ar\/diario\/wp-content\/uploads\/2023\/12\/Foto-Concejo-autoridades-.jpg\"><img loading=\"lazy\" decoding=\"async\" width=\"453\" height=\"345\" src=\"http:\/\/armstrongyregion.com.ar\/diario\/wp-content\/uploads\/2023\/12\/Foto-Concejo-autoridades-.jpg\" alt=\"\" class=\"wp-image-41012\" srcset=\"https:\/\/armstrongyregion.com.ar\/diario\/wp-content\/uploads\/2023\/12\/Foto-Concejo-autoridades-.jpg 453w, https:\/\/armstrongyregion.com.ar\/diario\/wp-content\/uploads\/2023\/12\/Foto-Concejo-autoridades--300x228.jpg 300w\" sizes=\"auto, (max-width: 453px) 100vw, 453px\" \/><\/a><\/figure>\n\n\n\n<p>El d\u00eda S\u00e1bado 9\/12 se realizar\u00e1 la SESI\u00d3N EXTRAORDINARIA en la cual se llevar\u00e1 a cabo la Asunci\u00f3n del Intendente Interino.<\/p>\n\n\n\n<p><strong>IMPORTANTE<\/strong>: Presentaci\u00f3n en el Sal\u00f3n Municipal Delmo Dar\u00f3 a las 19 hs para comenzar la Sesi\u00f3n 19.30 hs.&nbsp;<\/p>\n","protected":false},"excerpt":{"rendered":"<p>El d\u00eda S\u00e1bado 9\/12 se realizar\u00e1 la SESI\u00d3N EXTRAORDINARIA en la cual se llevar\u00e1 a cabo la Asunci\u00f3n del Intendente Interino. IMPORTANTE: Presentaci\u00f3n en el Sal\u00f3n Municipal Delmo Dar\u00f3 a las 19 hs para comenzar la Sesi\u00f3n 19.30 hs.&nbsp;<\/p>\n","protected":false},"author":1,"featured_media":41012,"comment_status":"open","ping_status":"open","sticky":false,"template":"","format":"image","meta":{"_jetpack_memberships_contains_paid_content":false,"footnotes":"","jetpack_publicize_message":"","jetpack_publicize_feature_enabled":true,"jetpack_social_post_already_shared":true,"jetpack_social_options":{"image_generator_settings":{"template":"highway","default_image_id":0,"enabled":false},"version":2}},"categories":[8,1,2,7,3],"tags":[20,53,793,9215,8777,1570,2534],"class_list":["post-41029","post","type-post","status-publish","format-image","has-post-thumbnail","hentry","category-deliberando","category-diario-armstrong","category-locales","category-politica","category-region","tag-armstrong","tag-del","tag-dia","tag-extraordinaria","tag-lic-graciela-de-la-casa","tag-orden","tag-sesion","post_format-post-format-image"],"jetpack_publicize_connections":[],"jetpack_featured_media_url":"https:\/\/armstrongyregion.com.ar\/diario\/wp-content\/uploads\/2023\/12\/Foto-Concejo-autoridades-.jpg","jetpack_shortlink":"https:\/\/wp.me\/p62QDO-aFL","jetpack_sharing_enabled":true,"amp_enabled":true,"_links":{"self":[{"href":"https:\/\/armstrongyregion.com.ar\/diario\/wp-json\/wp\/v2\/posts\/41029","targetHints":{"allow":["GET"]}}],"collection":[{"href":"https:\/\/armstrongyregion.com.ar\/diario\/wp-json\/wp\/v2\/posts"}],"about":[{"href":"https:\/\/armstrongyregion.com.ar\/diario\/wp-json\/wp\/v2\/types\/post"}],"author":[{"embeddable":true,"href":"https:\/\/armstrongyregion.com.ar\/diario\/wp-json\/wp\/v2\/users\/1"}],"replies":[{"embeddable":true,"href":"https:\/\/armstrongyregion.com.ar\/diario\/wp-json\/wp\/v2\/comments?post=41029"}],"version-history":[{"count":1,"href":"https:\/\/armstrongyregion.com.ar\/diario\/wp-json\/wp\/v2\/posts\/41029\/revisions"}],"predecessor-version":[{"id":41030,"href":"https:\/\/armstrongyregion.com.ar\/diario\/wp-json\/wp\/v2\/posts\/41029\/revisions\/41030"}],"wp:featuredmedia":[{"embeddable":true,"href":"https:\/\/armstrongyregion.com.ar\/diario\/wp-json\/wp\/v2\/media\/41012"}],"wp:attachment":[{"href":"https:\/\/armstrongyregion.com.ar\/diario\/wp-json\/wp\/v2\/media?parent=41029"}],"wp:term":[{"taxonomy":"category","embeddable":true,"href":"https:\/\/armstrongyregion.com.ar\/diario\/wp-json\/wp\/v2\/categories?post=41029"},{"taxonomy":"post_tag","embeddable":true,"href":"https:\/\/armstrongyregion.com.ar\/diario\/wp-json\/wp\/v2\/tags?post=41029"}],"curies":[{"name":"wp","href":"https:\/\/api.w.org\/{rel}","templated":true}]}}