{"id":41026,"date":"2023-12-07T00:05:38","date_gmt":"2023-12-07T00:05:38","guid":{"rendered":"https:\/\/armstrongyregion.com.ar\/diario\/?p=41026"},"modified":"2023-12-07T00:05:41","modified_gmt":"2023-12-07T00:05:41","slug":"armstrong-ultima-feria-del-ano","status":"publish","type":"post","link":"https:\/\/armstrongyregion.com.ar\/diario\/armstrong-ultima-feria-del-ano\/","title":{"rendered":"Armstrong. \u00daltima feria del a\u00f1o."},"content":{"rendered":"\n<figure class=\"wp-block-image size-full\"><a href=\"http:\/\/armstrongyregion.com.ar\/diario\/wp-content\/uploads\/2023\/12\/SQ_feria__10DIC_2023.jpg\"><img loading=\"lazy\" decoding=\"async\" width=\"500\" height=\"500\" src=\"http:\/\/armstrongyregion.com.ar\/diario\/wp-content\/uploads\/2023\/12\/SQ_feria__10DIC_2023.jpg\" alt=\"\" class=\"wp-image-41027\" srcset=\"https:\/\/armstrongyregion.com.ar\/diario\/wp-content\/uploads\/2023\/12\/SQ_feria__10DIC_2023.jpg 500w, https:\/\/armstrongyregion.com.ar\/diario\/wp-content\/uploads\/2023\/12\/SQ_feria__10DIC_2023-300x300.jpg 300w, https:\/\/armstrongyregion.com.ar\/diario\/wp-content\/uploads\/2023\/12\/SQ_feria__10DIC_2023-150x150.jpg 150w\" sizes=\"auto, (max-width: 500px) 100vw, 500px\" \/><\/a><\/figure>\n\n\n\n<h2 class=\"wp-block-heading\"><strong>Este domingo 10 de diciembre ser\u00e1 la \u00faltima feria Sabores y Colores Locales en el Bracito Fuerte, desde las 16 hs. con una gran feria navide\u00f1a para que Pap\u00e1 Noel pueda elegir los regalos de toda la familia.<\/strong><\/h2>\n\n\n\n<p>Habr\u00e1 sorteos, buena m\u00fasica con DJ Gamal, la calesita \u201cEl Profe\u201d, los juegos del parque, y n\u00fameros art\u00edsticos: el taller folcl\u00f3rico \u201cAires de Tradici\u00f3n\u201d, zumba con la Profe Flor Bonetto, cumbia cruzada con \u201cCumbia, Pasi\u00f3n y Confianza\u201d, Claudia Salda\u00f1a y Q\u00b4Man\u00eda, para que todos bailemos.<\/p>\n\n\n\n<p>Buffet a cargo de Bomberos Voluntarios quienes tambi\u00e9n proponen \u201cBombero por un d\u00eda\u201d, con diferentes actividades para grandes y chicos.<\/p>\n\n\n\n<p>Ser\u00e1 el cierre anual en este espacio tradicional de la ciudad pero todos los emprendedores y artesanos que forman parte de la feria participar\u00e1n tambi\u00e9n de la fiesta Armstrong Tierra M\u00edas, los d\u00edas 16 y 17 de diciembre en Plaza San Mart\u00edn.<\/p>\n","protected":false},"excerpt":{"rendered":"<p>Este domingo 10 de diciembre ser\u00e1 la \u00faltima feria Sabores y Colores Locales en el Bracito Fuerte, desde las 16 hs. con una gran feria navide\u00f1a para que Pap\u00e1 Noel pueda elegir los regalos de toda la familia. Habr\u00e1 sorteos, buena m\u00fasica con DJ Gamal, la calesita \u201cEl Profe\u201d, los juegos del parque, y n\u00fameros <a href=\"https:\/\/armstrongyregion.com.ar\/diario\/armstrong-ultima-feria-del-ano\/\" title=\"Read more\" >&#8230;<\/a><\/p>\n","protected":false},"author":1,"featured_media":41027,"comment_status":"open","ping_status":"open","sticky":false,"template":"","format":"image","meta":{"_jetpack_memberships_contains_paid_content":false,"footnotes":"","jetpack_publicize_message":"","jetpack_publicize_feature_enabled":true,"jetpack_social_post_already_shared":true,"jetpack_social_options":{"image_generator_settings":{"template":"highway","default_image_id":0,"enabled":false},"version":2}},"categories":[8,1,2,7,3],"tags":[154,20,53,1725,8777,10067],"class_list":["post-41026","post","type-post","status-publish","format-image","has-post-thumbnail","hentry","category-deliberando","category-diario-armstrong","category-locales","category-politica","category-region","tag-ano","tag-armstrong","tag-del","tag-feria","tag-lic-graciela-de-la-casa","tag-ultima-3","post_format-post-format-image"],"jetpack_publicize_connections":[],"jetpack_featured_media_url":"https:\/\/armstrongyregion.com.ar\/diario\/wp-content\/uploads\/2023\/12\/SQ_feria__10DIC_2023.jpg","jetpack_shortlink":"https:\/\/wp.me\/p62QDO-aFI","jetpack_sharing_enabled":true,"amp_enabled":true,"_links":{"self":[{"href":"https:\/\/armstrongyregion.com.ar\/diario\/wp-json\/wp\/v2\/posts\/41026","targetHints":{"allow":["GET"]}}],"collection":[{"href":"https:\/\/armstrongyregion.com.ar\/diario\/wp-json\/wp\/v2\/posts"}],"about":[{"href":"https:\/\/armstrongyregion.com.ar\/diario\/wp-json\/wp\/v2\/types\/post"}],"author":[{"embeddable":true,"href":"https:\/\/armstrongyregion.com.ar\/diario\/wp-json\/wp\/v2\/users\/1"}],"replies":[{"embeddable":true,"href":"https:\/\/armstrongyregion.com.ar\/diario\/wp-json\/wp\/v2\/comments?post=41026"}],"version-history":[{"count":1,"href":"https:\/\/armstrongyregion.com.ar\/diario\/wp-json\/wp\/v2\/posts\/41026\/revisions"}],"predecessor-version":[{"id":41028,"href":"https:\/\/armstrongyregion.com.ar\/diario\/wp-json\/wp\/v2\/posts\/41026\/revisions\/41028"}],"wp:featuredmedia":[{"embeddable":true,"href":"https:\/\/armstrongyregion.com.ar\/diario\/wp-json\/wp\/v2\/media\/41027"}],"wp:attachment":[{"href":"https:\/\/armstrongyregion.com.ar\/diario\/wp-json\/wp\/v2\/media?parent=41026"}],"wp:term":[{"taxonomy":"category","embeddable":true,"href":"https:\/\/armstrongyregion.com.ar\/diario\/wp-json\/wp\/v2\/categories?post=41026"},{"taxonomy":"post_tag","embeddable":true,"href":"https:\/\/armstrongyregion.com.ar\/diario\/wp-json\/wp\/v2\/tags?post=41026"}],"curies":[{"name":"wp","href":"https:\/\/api.w.org\/{rel}","templated":true}]}}