{"id":41017,"date":"2023-12-06T01:28:47","date_gmt":"2023-12-06T01:28:47","guid":{"rendered":"https:\/\/armstrongyregion.com.ar\/diario\/?p=41017"},"modified":"2023-12-06T01:28:49","modified_gmt":"2023-12-06T01:28:49","slug":"juraron-los-nuevos-senadores-de-santa-fe-solamente-seis-lo-hicieron-por-primera-vez-entre-ellos-el-dr-pablo-verdecchia","status":"publish","type":"post","link":"https:\/\/armstrongyregion.com.ar\/diario\/juraron-los-nuevos-senadores-de-santa-fe-solamente-seis-lo-hicieron-por-primera-vez-entre-ellos-el-dr-pablo-verdecchia\/","title":{"rendered":"Juraron los nuevos senadores de Santa Fe: solamente seis lo hicieron por primera vez entre ellos el Dr. Pablo Verdecchia."},"content":{"rendered":"\n<figure class=\"wp-block-image size-full\"><a href=\"http:\/\/armstrongyregion.com.ar\/diario\/wp-content\/uploads\/2023\/12\/jura-senadores-.jpg\"><img loading=\"lazy\" decoding=\"async\" width=\"500\" height=\"376\" src=\"http:\/\/armstrongyregion.com.ar\/diario\/wp-content\/uploads\/2023\/12\/jura-senadores-.jpg\" alt=\"\" class=\"wp-image-41018\" srcset=\"https:\/\/armstrongyregion.com.ar\/diario\/wp-content\/uploads\/2023\/12\/jura-senadores-.jpg 500w, https:\/\/armstrongyregion.com.ar\/diario\/wp-content\/uploads\/2023\/12\/jura-senadores--300x226.jpg 300w\" sizes=\"auto, (max-width: 500px) 100vw, 500px\" \/><\/a><\/figure>\n\n\n\n<h2 class=\"wp-block-heading\">En la oportunidad, tambi\u00e9n se designaron a los nuevos Presidente Provisional, Vicepresidentes Provisionales, Secretario Administrativo, Secretario Legislativo y Subsecretaria.<\/h2>\n\n\n\n<p>La C\u00e1mara de Senadores realiz\u00f3 este martes la Sesi\u00f3n Preparatoria en la que prestaron juramento los senadores electos para el per\u00edodo que se extender\u00e1 desde lo que resta del a\u00f1o 2023 hasta 2027. La ceremonia se realiz\u00f3 en el recinto y fue presidida por la vicegobernadora Alejandra Rodenas.<\/p>\n\n\n\n<p>En el comienzo de la sesi\u00f3n, la Comisi\u00f3n Especial de Poderes aconsej\u00f3 avalar el Decreto de aprobaci\u00f3n de diplomas de los senadores y senadoras electos. La misma estuvo conformada por Felipe Michlig, Rodrigo Borla y Rub\u00e9n Pirola. Tras la votaci\u00f3n favorable del Cuerpo, se procedi\u00f3 a la jura de cada uno siguiendo el orden alfab\u00e9tico de los departamentos.<\/p>\n\n\n\n<p><strong>Se trat\u00f3 de una ceremonia con un alto grado de emotividad, principalmente por el importante recambio que experimentar\u00e1 el Cuerpo para los pr\u00f3ximos cuatro a\u00f1os. En ese sentido, esta Sesi\u00f3n Preparatoria tuvo como particularidad que seis senadores prestaron juramento por primera vez. Fue el caso de Pablo Verdecchia (Belgrano), Germ\u00e1n Baumgartner (Garay), Julio Garibaldi (La Capital), Ciro Seisas (Rosario), Oscar Dolzani (San Javier) y Esteban Motta (San Mart\u00edn).<\/strong><\/p>\n\n\n\n<p>Al momento de jurar, hicieron lo propio los otros trece senadores que renovaron su mandato en las \u00faltimas elecciones provinciales. Se trata de: Eduardo Rosconi (Caseros), Alcides Calvo (Castellanos), Germ\u00e1n Giacomino (Constituci\u00f3n), Lisandro Enrico (General L\u00f3pez) Orfilio Marc\u00f3n (General Obligado), Hugo Rasetto (Iriondo), Rub\u00e9n Pirola (Las Colonias), Ra\u00fal Gramajo (9 de Julio), Felipe Michlig (San Crist\u00f3bal), Leonardo Diana (San Jer\u00f3nimo), Rodrigo Borla (San Justo), Armando Traferri (San Lorenzo) y Osvaldo Sosa (Vera).<\/p>\n\n\n\n<p><strong>Nueva mesa directiva<\/strong><\/p>\n\n\n\n<p>La jornada de este martes tuvo como objetivo tambi\u00e9n designar la nueva mesa directiva del Cuerpo. De este modo, se vot\u00f3 por unanimidad que Felipe Michlig ocupe el rol de presidente provisional, Osvaldo Sosa el vicepresidente primero provisional y que el vicepresidente segundo provisional quede vacante.<\/p>\n\n\n\n<p>Asimismo, Agust\u00edn Lemos fue elegido como nuevo secretario legislativo, Patricia Boni como subsecretaria y Diego Maciel como secretario administrativo.<\/p>\n\n\n\n<p>En la oportunidad tambi\u00e9n se definieron los d\u00edas y horarios para sesionar. En ese sentido, se resolvi\u00f3 fijarlos para los jueves a las 15 o viernes a las 10 horas.<\/p>\n\n\n\n<p>Por otra parte, en la misma sesi\u00f3n ingres\u00f3 un pedido de licencia al cargo de senador por parte de Lisandro Enrico y la misma ser\u00e1 tratada en una sesi\u00f3n especial extraordinaria, que fue convocada para el domingo 10 a las 16.30 horas.<\/p>\n\n\n\n<p>Finalmente, se ley\u00f3 el decreto de convocatoria a Asamblea Legislativa \u201ccon el objeto de recibir el juramento constitucional de los ciudadanos electos gobernador y vicegobernadora de la provincia de Santa Fe\u201d. La misma se realizar\u00e1 el domingo 10 de diciembre a las 18 horas en el recinto de la C\u00e1mara de Diputados.<\/p>\n\n\n\n<p><a href=\"https:\/\/twitter.com\/share?text=Juraron%20los%20nuevos%20senadores%20de%20Santa%20Fe:%20solamente%20seis%20lo%20hicieron%20por%20primera%20vez&amp;url=https:\/\/www.elciudadanoweb.com\/juraron-los-nuevos-senadores-de-santa-fe-solamente-seis-lo-hicieron-por-primera-vez\/\"><\/a><\/p>\n","protected":false},"excerpt":{"rendered":"<p>En la oportunidad, tambi\u00e9n se designaron a los nuevos Presidente Provisional, Vicepresidentes Provisionales, Secretario Administrativo, Secretario Legislativo y Subsecretaria. La C\u00e1mara de Senadores realiz\u00f3 este martes la Sesi\u00f3n Preparatoria en la que prestaron juramento los senadores electos para el per\u00edodo que se extender\u00e1 desde lo que resta del a\u00f1o 2023 hasta 2027. La ceremonia se <a href=\"https:\/\/armstrongyregion.com.ar\/diario\/juraron-los-nuevos-senadores-de-santa-fe-solamente-seis-lo-hicieron-por-primera-vez-entre-ellos-el-dr-pablo-verdecchia\/\" title=\"Read more\" >&#8230;<\/a><\/p>\n","protected":false},"author":1,"featured_media":41018,"comment_status":"open","ping_status":"open","sticky":false,"template":"","format":"image","meta":{"_jetpack_memberships_contains_paid_content":false,"footnotes":"","jetpack_publicize_message":"","jetpack_publicize_feature_enabled":true,"jetpack_social_post_already_shared":true,"jetpack_social_options":{"image_generator_settings":{"template":"highway","default_image_id":0,"enabled":false},"version":2}},"categories":[8,1,2,7,3],"tags":[19,469,42,242,9244,1349],"class_list":["post-41017","post","type-post","status-publish","format-image","has-post-thumbnail","hentry","category-deliberando","category-diario-armstrong","category-locales","category-politica","category-region","tag-de","tag-juraron","tag-los","tag-nuevos","tag-santa-fe-2","tag-senadores","post_format-post-format-image"],"jetpack_publicize_connections":[],"jetpack_featured_media_url":"https:\/\/armstrongyregion.com.ar\/diario\/wp-content\/uploads\/2023\/12\/jura-senadores-.jpg","jetpack_shortlink":"https:\/\/wp.me\/p62QDO-aFz","jetpack_sharing_enabled":true,"amp_enabled":true,"_links":{"self":[{"href":"https:\/\/armstrongyregion.com.ar\/diario\/wp-json\/wp\/v2\/posts\/41017","targetHints":{"allow":["GET"]}}],"collection":[{"href":"https:\/\/armstrongyregion.com.ar\/diario\/wp-json\/wp\/v2\/posts"}],"about":[{"href":"https:\/\/armstrongyregion.com.ar\/diario\/wp-json\/wp\/v2\/types\/post"}],"author":[{"embeddable":true,"href":"https:\/\/armstrongyregion.com.ar\/diario\/wp-json\/wp\/v2\/users\/1"}],"replies":[{"embeddable":true,"href":"https:\/\/armstrongyregion.com.ar\/diario\/wp-json\/wp\/v2\/comments?post=41017"}],"version-history":[{"count":1,"href":"https:\/\/armstrongyregion.com.ar\/diario\/wp-json\/wp\/v2\/posts\/41017\/revisions"}],"predecessor-version":[{"id":41019,"href":"https:\/\/armstrongyregion.com.ar\/diario\/wp-json\/wp\/v2\/posts\/41017\/revisions\/41019"}],"wp:featuredmedia":[{"embeddable":true,"href":"https:\/\/armstrongyregion.com.ar\/diario\/wp-json\/wp\/v2\/media\/41018"}],"wp:attachment":[{"href":"https:\/\/armstrongyregion.com.ar\/diario\/wp-json\/wp\/v2\/media?parent=41017"}],"wp:term":[{"taxonomy":"category","embeddable":true,"href":"https:\/\/armstrongyregion.com.ar\/diario\/wp-json\/wp\/v2\/categories?post=41017"},{"taxonomy":"post_tag","embeddable":true,"href":"https:\/\/armstrongyregion.com.ar\/diario\/wp-json\/wp\/v2\/tags?post=41017"}],"curies":[{"name":"wp","href":"https:\/\/api.w.org\/{rel}","templated":true}]}}