{"id":41011,"date":"2023-12-06T01:02:44","date_gmt":"2023-12-06T01:02:44","guid":{"rendered":"https:\/\/armstrongyregion.com.ar\/diario\/?p=41011"},"modified":"2023-12-06T01:02:47","modified_gmt":"2023-12-06T01:02:47","slug":"asumieron-las-nuevas-autoridades-del-concejo-deliberante-de-armstrong","status":"publish","type":"post","link":"https:\/\/armstrongyregion.com.ar\/diario\/asumieron-las-nuevas-autoridades-del-concejo-deliberante-de-armstrong\/","title":{"rendered":"Asumieron las nuevas autoridades del Concejo Deliberante de Armstrong."},"content":{"rendered":"\n<figure class=\"wp-block-image size-full\"><a href=\"http:\/\/armstrongyregion.com.ar\/diario\/wp-content\/uploads\/2023\/12\/Foto-Concejo-autoridades-.jpg\"><img loading=\"lazy\" decoding=\"async\" width=\"453\" height=\"345\" src=\"http:\/\/armstrongyregion.com.ar\/diario\/wp-content\/uploads\/2023\/12\/Foto-Concejo-autoridades-.jpg\" alt=\"\" class=\"wp-image-41012\" srcset=\"https:\/\/armstrongyregion.com.ar\/diario\/wp-content\/uploads\/2023\/12\/Foto-Concejo-autoridades-.jpg 453w, https:\/\/armstrongyregion.com.ar\/diario\/wp-content\/uploads\/2023\/12\/Foto-Concejo-autoridades--300x228.jpg 300w\" sizes=\"auto, (max-width: 453px) 100vw, 453px\" \/><\/a><\/figure>\n\n\n\n<h2 class=\"wp-block-heading\">En un acto oficial, este lunes asumieron los ediles de la ciudad, para el per\u00edodo 2023- 2027.<\/h2>\n\n\n\n<p>Este lunes 4 de diciembre, el Auditorio Delmo Dar\u00f3 de Armstrong, abri\u00f3 sus puertas para realizar formalmente un acto de asunci\u00f3n para declarar a las nuevas autoridades del Concejo Deliberante de la ciudad.<\/p>\n\n\n\n<p><\/p>\n\n\n\n<p>La ceremonia comenz\u00f3 pasadas las 19,30hs, seg\u00fan lo dispuesto por el  Orden del D\u00eda. En el inicio, se izaron las banderas Argentina  a cargo del concejal Jes\u00fas Urqu\u00eda y la bandera Argentina por la concejal Luz Marina Fischer. El presidente del Concejo Deliberante, Ing. Guillermo Luzzi nuevamente fue reelecto para el cargo. Como es de puro conocimiento ser\u00e1 quien quede en el ejercicio de la intendencia ya que el Dr. Pablo Verdecchia fue ungido por el voto popular para el cargo de Senador en las elecciones de octubre. <\/p>\n\n\n\n<figure class=\"wp-block-audio\"><audio controls src=\"blob:https:\/\/armstrongyregion.com.ar\/7aeb7d8c-c904-49f1-b05c-84c250d8d82a\"><\/audio><figcaption class=\"wp-element-caption\">Nota Pte del Concejo Deliberante. Ing. Guillermo Luzzi.<\/figcaption><\/figure>\n\n\n\n<p>Posteriormente, los concejales entrantes realizaron el juramento correspondiente.  Renovaci\u00f3n por Armstrong renov\u00f3 su banca Emiliano Gramigna, por el oficialismo lo mismo hizo el Prof. Alejandro Pertusati y el nuevo ingreso fue la Dra. Carla Revigliono.<\/p>\n\n\n\n<p><p>El Pte. del Concejo Ing. Guillermo Luzzi tuvo unas palabras de despedida para el Concejal saliente Dr. Augusto Fischer.<\/p>    <\/p>\n\n\n\n<figure class=\"wp-block-image size-full\"><a href=\"http:\/\/armstrongyregion.com.ar\/diario\/wp-content\/uploads\/2023\/12\/Emito-concejal-24-27-.jpg\"><img loading=\"lazy\" decoding=\"async\" width=\"440\" height=\"359\" src=\"http:\/\/armstrongyregion.com.ar\/diario\/wp-content\/uploads\/2023\/12\/Emito-concejal-24-27-.jpg\" alt=\"\" class=\"wp-image-41013\" srcset=\"https:\/\/armstrongyregion.com.ar\/diario\/wp-content\/uploads\/2023\/12\/Emito-concejal-24-27-.jpg 440w, https:\/\/armstrongyregion.com.ar\/diario\/wp-content\/uploads\/2023\/12\/Emito-concejal-24-27--300x245.jpg 300w\" sizes=\"auto, (max-width: 440px) 100vw, 440px\" \/><\/a><\/figure>\n\n\n\n<figure class=\"wp-block-audio\"><audio controls src=\"blob:https:\/\/armstrongyregion.com.ar\/4883971e-9d2f-4926-b912-2aaddcaff0e3\"><\/audio><figcaption class=\"wp-element-caption\">Concejal Emiliano Gramigna renov\u00f3 su banca. <\/figcaption><\/figure>\n\n\n\n<p><\/p>\n\n\n\n<figure class=\"wp-block-image size-full\"><a href=\"http:\/\/armstrongyregion.com.ar\/diario\/wp-content\/uploads\/2023\/12\/Patas-24-27-.jpg\"><img loading=\"lazy\" decoding=\"async\" width=\"500\" height=\"375\" src=\"http:\/\/armstrongyregion.com.ar\/diario\/wp-content\/uploads\/2023\/12\/Patas-24-27-.jpg\" alt=\"\" class=\"wp-image-41014\" srcset=\"https:\/\/armstrongyregion.com.ar\/diario\/wp-content\/uploads\/2023\/12\/Patas-24-27-.jpg 500w, https:\/\/armstrongyregion.com.ar\/diario\/wp-content\/uploads\/2023\/12\/Patas-24-27--300x225.jpg 300w\" sizes=\"auto, (max-width: 500px) 100vw, 500px\" \/><\/a><\/figure>\n\n\n\n<figure class=\"wp-block-audio\"><audio controls src=\"blob:https:\/\/armstrongyregion.com.ar\/b7e3f130-5587-40f5-8980-8c7e225c011c\"><\/audio><figcaption class=\"wp-element-caption\">Concejal del Oficialismo Prof. Alejandro Pertusati renov\u00f3 su banca.<\/figcaption><\/figure>\n\n\n\n<p><\/p>\n\n\n\n<p><\/p>\n\n\n\n<figure class=\"wp-block-audio\"><audio controls src=\"blob:https:\/\/armstrongyregion.com.ar\/ddef585f-7ee0-40b5-801a-4db2189a76f0\"><\/audio><figcaption class=\"wp-element-caption\">Luz Marina Fischer. Bloque P.J.<\/figcaption><\/figure>\n\n\n\n<figure class=\"wp-block-image size-full\"><a href=\"http:\/\/armstrongyregion.com.ar\/diario\/wp-content\/uploads\/2023\/12\/Carla-Revigliono.jpg\"><img loading=\"lazy\" decoding=\"async\" width=\"500\" height=\"375\" src=\"http:\/\/armstrongyregion.com.ar\/diario\/wp-content\/uploads\/2023\/12\/Carla-Revigliono.jpg\" alt=\"\" class=\"wp-image-41015\" srcset=\"https:\/\/armstrongyregion.com.ar\/diario\/wp-content\/uploads\/2023\/12\/Carla-Revigliono.jpg 500w, https:\/\/armstrongyregion.com.ar\/diario\/wp-content\/uploads\/2023\/12\/Carla-Revigliono-300x225.jpg 300w\" sizes=\"auto, (max-width: 500px) 100vw, 500px\" \/><\/a><\/figure>\n\n\n\n<figure class=\"wp-block-audio\"><audio controls src=\"blob:https:\/\/armstrongyregion.com.ar\/85383f3a-1e61-425a-a563-8664b6da2df5\"><\/audio><figcaption class=\"wp-element-caption\">Dra. Carla Revigliono ingresa al legislativo per\u00edodo 2024-2027<\/figcaption><\/figure>\n\n\n\n<p><\/p>\n\n\n\n<p>Se decret\u00f3 que las sesiones ordinarias se realizar\u00e1n fijamente todos los martes a las 20 horas. Las bancas de los nuevos ediles son durante el per\u00edodo 2023- 2027.<\/p>\n","protected":false},"excerpt":{"rendered":"<p>En un acto oficial, este lunes asumieron los ediles de la ciudad, para el per\u00edodo 2023- 2027. Este lunes 4 de diciembre, el Auditorio Delmo Dar\u00f3 de Armstrong, abri\u00f3 sus puertas para realizar formalmente un acto de asunci\u00f3n para declarar a las nuevas autoridades del Concejo Deliberante de la ciudad. La ceremonia comenz\u00f3 pasadas las <a href=\"https:\/\/armstrongyregion.com.ar\/diario\/asumieron-las-nuevas-autoridades-del-concejo-deliberante-de-armstrong\/\" title=\"Read more\" >&#8230;<\/a><\/p>\n","protected":false},"author":1,"featured_media":41012,"comment_status":"open","ping_status":"open","sticky":false,"template":"","format":"image","meta":{"_jetpack_memberships_contains_paid_content":false,"footnotes":"","jetpack_publicize_message":"","jetpack_publicize_feature_enabled":true,"jetpack_social_post_already_shared":true,"jetpack_social_options":{"image_generator_settings":{"template":"highway","default_image_id":0,"enabled":false},"version":2}},"categories":[8,1,2,7,3],"tags":[20,9527,857,868,19,53,1115,23,8777,350],"class_list":["post-41011","post","type-post","status-publish","format-image","has-post-thumbnail","hentry","category-deliberando","category-diario-armstrong","category-locales","category-politica","category-region","tag-armstrong","tag-asumieron","tag-autoridades","tag-concejo","tag-de","tag-del","tag-deliberante","tag-las","tag-lic-graciela-de-la-casa","tag-nuevas","post_format-post-format-image"],"jetpack_publicize_connections":[],"jetpack_featured_media_url":"https:\/\/armstrongyregion.com.ar\/diario\/wp-content\/uploads\/2023\/12\/Foto-Concejo-autoridades-.jpg","jetpack_shortlink":"https:\/\/wp.me\/p62QDO-aFt","jetpack_sharing_enabled":true,"amp_enabled":true,"_links":{"self":[{"href":"https:\/\/armstrongyregion.com.ar\/diario\/wp-json\/wp\/v2\/posts\/41011","targetHints":{"allow":["GET"]}}],"collection":[{"href":"https:\/\/armstrongyregion.com.ar\/diario\/wp-json\/wp\/v2\/posts"}],"about":[{"href":"https:\/\/armstrongyregion.com.ar\/diario\/wp-json\/wp\/v2\/types\/post"}],"author":[{"embeddable":true,"href":"https:\/\/armstrongyregion.com.ar\/diario\/wp-json\/wp\/v2\/users\/1"}],"replies":[{"embeddable":true,"href":"https:\/\/armstrongyregion.com.ar\/diario\/wp-json\/wp\/v2\/comments?post=41011"}],"version-history":[{"count":1,"href":"https:\/\/armstrongyregion.com.ar\/diario\/wp-json\/wp\/v2\/posts\/41011\/revisions"}],"predecessor-version":[{"id":41016,"href":"https:\/\/armstrongyregion.com.ar\/diario\/wp-json\/wp\/v2\/posts\/41011\/revisions\/41016"}],"wp:featuredmedia":[{"embeddable":true,"href":"https:\/\/armstrongyregion.com.ar\/diario\/wp-json\/wp\/v2\/media\/41012"}],"wp:attachment":[{"href":"https:\/\/armstrongyregion.com.ar\/diario\/wp-json\/wp\/v2\/media?parent=41011"}],"wp:term":[{"taxonomy":"category","embeddable":true,"href":"https:\/\/armstrongyregion.com.ar\/diario\/wp-json\/wp\/v2\/categories?post=41011"},{"taxonomy":"post_tag","embeddable":true,"href":"https:\/\/armstrongyregion.com.ar\/diario\/wp-json\/wp\/v2\/tags?post=41011"}],"curies":[{"name":"wp","href":"https:\/\/api.w.org\/{rel}","templated":true}]}}