{"id":40992,"date":"2023-12-01T22:28:15","date_gmt":"2023-12-01T22:28:15","guid":{"rendered":"https:\/\/armstrongyregion.com.ar\/diario\/?p=40992"},"modified":"2023-12-01T22:28:17","modified_gmt":"2023-12-01T22:28:17","slug":"ultima-capacitacion-gratuita-del-ano","status":"publish","type":"post","link":"https:\/\/armstrongyregion.com.ar\/diario\/ultima-capacitacion-gratuita-del-ano\/","title":{"rendered":"\u00daltima capacitaci\u00f3n gratuita del a\u00f1o."},"content":{"rendered":"\n<figure class=\"wp-block-image size-full\"><a href=\"http:\/\/armstrongyregion.com.ar\/diario\/wp-content\/uploads\/2023\/12\/sq-capacitacion-comunicacion-y-diseno-2023.jpg\"><img loading=\"lazy\" decoding=\"async\" width=\"395\" height=\"399\" src=\"http:\/\/armstrongyregion.com.ar\/diario\/wp-content\/uploads\/2023\/12\/sq-capacitacion-comunicacion-y-diseno-2023.jpg\" alt=\"\" class=\"wp-image-40993\" srcset=\"https:\/\/armstrongyregion.com.ar\/diario\/wp-content\/uploads\/2023\/12\/sq-capacitacion-comunicacion-y-diseno-2023.jpg 395w, https:\/\/armstrongyregion.com.ar\/diario\/wp-content\/uploads\/2023\/12\/sq-capacitacion-comunicacion-y-diseno-2023-297x300.jpg 297w\" sizes=\"auto, (max-width: 395px) 100vw, 395px\" \/><\/a><\/figure>\n\n\n\n<p>Municipalidad de Armstrong informa que se realizar\u00e1 la \u00faltima capacitaci\u00f3n gratuita de 2023 en este<br>caso sobre Comunicaci\u00f3n y Dise\u00f1o, el d\u00eda mi\u00e9rcoles 6 de diciembre a las 19:30 hs. en el sal\u00f3n<br>auditorio Delmo Dar\u00f3.<\/p>\n\n\n\n<figure class=\"wp-block-image size-full\"><a href=\"http:\/\/armstrongyregion.com.ar\/diario\/wp-content\/uploads\/2023\/12\/sq-capacitacion-comunicacion-y-diseno-2023-2.jpg\"><img loading=\"lazy\" decoding=\"async\" width=\"395\" height=\"399\" src=\"http:\/\/armstrongyregion.com.ar\/diario\/wp-content\/uploads\/2023\/12\/sq-capacitacion-comunicacion-y-diseno-2023-2.jpg\" alt=\"\" class=\"wp-image-40995\" srcset=\"https:\/\/armstrongyregion.com.ar\/diario\/wp-content\/uploads\/2023\/12\/sq-capacitacion-comunicacion-y-diseno-2023-2.jpg 395w, https:\/\/armstrongyregion.com.ar\/diario\/wp-content\/uploads\/2023\/12\/sq-capacitacion-comunicacion-y-diseno-2023-2-297x300.jpg 297w\" sizes=\"auto, (max-width: 395px) 100vw, 395px\" \/><\/a><\/figure>\n\n\n\n<p><br>La capacitadora ser\u00e1 la profesional Florencia Robatti y la propuesta est\u00e1 dirigida a peque\u00f1os<br>emprendedores sean o no de la econom\u00eda social, comerciantes y p\u00fablico en general.<br>No es necesario inscribirse previamente. Se solicita llevar consigo papel y l\u00e1piz para tomar apuntes.<\/p>\n","protected":false},"excerpt":{"rendered":"<p>Municipalidad de Armstrong informa que se realizar\u00e1 la \u00faltima capacitaci\u00f3n gratuita de 2023 en estecaso sobre Comunicaci\u00f3n y Dise\u00f1o, el d\u00eda mi\u00e9rcoles 6 de diciembre a las 19:30 hs. en el sal\u00f3nauditorio Delmo Dar\u00f3. La capacitadora ser\u00e1 la profesional Florencia Robatti y la propuesta est\u00e1 dirigida a peque\u00f1osemprendedores sean o no de la econom\u00eda social, <a href=\"https:\/\/armstrongyregion.com.ar\/diario\/ultima-capacitacion-gratuita-del-ano\/\" title=\"Read more\" >&#8230;<\/a><\/p>\n","protected":false},"author":1,"featured_media":40993,"comment_status":"open","ping_status":"open","sticky":false,"template":"","format":"image","meta":{"_jetpack_memberships_contains_paid_content":false,"footnotes":"","jetpack_publicize_message":"","jetpack_publicize_feature_enabled":true,"jetpack_social_post_already_shared":true,"jetpack_social_options":{"image_generator_settings":{"template":"highway","default_image_id":0,"enabled":false},"version":2}},"categories":[6,8,1,2,7,3],"tags":[154,1292,53,2151,8777,10063],"class_list":["post-40992","post","type-post","status-publish","format-image","has-post-thumbnail","hentry","category-cultura-entretenimiento","category-deliberando","category-diario-armstrong","category-locales","category-politica","category-region","tag-ano","tag-capacitacion","tag-del","tag-gratuita","tag-lic-graciela-de-la-casa","tag-ultima-2","post_format-post-format-image"],"jetpack_publicize_connections":[],"jetpack_featured_media_url":"https:\/\/armstrongyregion.com.ar\/diario\/wp-content\/uploads\/2023\/12\/sq-capacitacion-comunicacion-y-diseno-2023.jpg","jetpack_shortlink":"https:\/\/wp.me\/p62QDO-aFa","jetpack_sharing_enabled":true,"amp_enabled":true,"_links":{"self":[{"href":"https:\/\/armstrongyregion.com.ar\/diario\/wp-json\/wp\/v2\/posts\/40992","targetHints":{"allow":["GET"]}}],"collection":[{"href":"https:\/\/armstrongyregion.com.ar\/diario\/wp-json\/wp\/v2\/posts"}],"about":[{"href":"https:\/\/armstrongyregion.com.ar\/diario\/wp-json\/wp\/v2\/types\/post"}],"author":[{"embeddable":true,"href":"https:\/\/armstrongyregion.com.ar\/diario\/wp-json\/wp\/v2\/users\/1"}],"replies":[{"embeddable":true,"href":"https:\/\/armstrongyregion.com.ar\/diario\/wp-json\/wp\/v2\/comments?post=40992"}],"version-history":[{"count":2,"href":"https:\/\/armstrongyregion.com.ar\/diario\/wp-json\/wp\/v2\/posts\/40992\/revisions"}],"predecessor-version":[{"id":40997,"href":"https:\/\/armstrongyregion.com.ar\/diario\/wp-json\/wp\/v2\/posts\/40992\/revisions\/40997"}],"wp:featuredmedia":[{"embeddable":true,"href":"https:\/\/armstrongyregion.com.ar\/diario\/wp-json\/wp\/v2\/media\/40993"}],"wp:attachment":[{"href":"https:\/\/armstrongyregion.com.ar\/diario\/wp-json\/wp\/v2\/media?parent=40992"}],"wp:term":[{"taxonomy":"category","embeddable":true,"href":"https:\/\/armstrongyregion.com.ar\/diario\/wp-json\/wp\/v2\/categories?post=40992"},{"taxonomy":"post_tag","embeddable":true,"href":"https:\/\/armstrongyregion.com.ar\/diario\/wp-json\/wp\/v2\/tags?post=40992"}],"curies":[{"name":"wp","href":"https:\/\/api.w.org\/{rel}","templated":true}]}}