{"id":40989,"date":"2023-12-01T22:24:30","date_gmt":"2023-12-01T22:24:30","guid":{"rendered":"https:\/\/armstrongyregion.com.ar\/diario\/?p=40989"},"modified":"2023-12-01T22:24:33","modified_gmt":"2023-12-01T22:24:33","slug":"el-senador-rasetto-promueve-la-valoracion-del-patrimonio-cultural-e-historico","status":"publish","type":"post","link":"https:\/\/armstrongyregion.com.ar\/diario\/el-senador-rasetto-promueve-la-valoracion-del-patrimonio-cultural-e-historico\/","title":{"rendered":"El senador Rasetto promueve la valoraci\u00f3n del Patrimonio Cultural e Hist\u00f3rico."},"content":{"rendered":"\n<figure class=\"wp-block-image size-full\"><a href=\"http:\/\/armstrongyregion.com.ar\/diario\/wp-content\/uploads\/2023\/12\/Castillo-de-fre-02.jpg\"><img loading=\"lazy\" decoding=\"async\" width=\"541\" height=\"541\" src=\"http:\/\/armstrongyregion.com.ar\/diario\/wp-content\/uploads\/2023\/12\/Castillo-de-fre-02.jpg\" alt=\"\" class=\"wp-image-40990\" srcset=\"https:\/\/armstrongyregion.com.ar\/diario\/wp-content\/uploads\/2023\/12\/Castillo-de-fre-02.jpg 541w, https:\/\/armstrongyregion.com.ar\/diario\/wp-content\/uploads\/2023\/12\/Castillo-de-fre-02-300x300.jpg 300w, https:\/\/armstrongyregion.com.ar\/diario\/wp-content\/uploads\/2023\/12\/Castillo-de-fre-02-150x150.jpg 150w\" sizes=\"auto, (max-width: 541px) 100vw, 541px\" \/><\/a><\/figure>\n\n\n\n<p>El senador provincial Hugo Jes\u00fas Rasetto consigui\u00f3 la media sanci\u00f3n de dos proyectos de ley<br>que tienen como objetivo la protecci\u00f3n y la difusi\u00f3n del Patrimonio Cultural e Hist\u00f3rico de la<br>provincia de Santa Fe. El primero de ellos busca declarar como Patrimonio Cultural e Hist\u00f3rico<br>al Castillo de Freyre, una imponente construcci\u00f3n de estilo neog\u00f3tico ubicada en<br>inmediaciones de Lucio V. L\u00f3pez, que data de principios del siglo XX y que es testimonio de la<br>historia y la arquitectura de nuestra regi\u00f3n. El segundo proyecto encomienda al Poder<br>Ejecutivo la construcci\u00f3n de una obra, monumento o espacio conmemorativo en Ca\u00f1ada de<br>G\u00f3mez en homenaje a la maestra Goritzia Piccinini, una destacada educadora que dedic\u00f3 su<br>vida a la ense\u00f1anza y que se gan\u00f3 el respeto y el cari\u00f1o de todos los que la conocieron.<\/p>\n\n\n\n<p>\u201cEstos proyectos son una forma de honrar y difundir nuestro Patrimonio Cultural e Hist\u00f3rico,<br>que es parte de nuestra identidad y de nuestra riqueza como Departamento. El Patrimonio<br>Cultural e Hist\u00f3rico se refiere a todos los bienes y valores que expresan la vida y la identidad<br>de nuestra tierra, tanto los materiales como los inmateriales, los tangibles como los<br>intangibles, los que tienen un valor hist\u00f3rico, art\u00edstico, arquitect\u00f3nico, arqueol\u00f3gico,<br>ambiental, documental, literario, museol\u00f3gico o antropol\u00f3gico, y tambi\u00e9n las manifestaciones,<br>los productos y las representaciones de la cultura popular. Cuando declaramos algo como<br>Patrimonio Cultural, no solo lo reconocemos como parte de nuestra memoria y nuestra<br>herencia, sino que tambi\u00e9n lo valoramos como un recurso para el desarrollo social, cultural y<br>econ\u00f3mico de nuestra comunidad. Adem\u00e1s, nos comprometemos a preservarlo y cuidarlo para<br>las generaciones futuras. Espero que pronto se conviertan en ley y que podamos disfrutar y<br>aprender de estos bienes que nos pertenecen a todos\u201d, expres\u00f3 el senador Rasetto.<\/p>\n","protected":false},"excerpt":{"rendered":"<p>El senador provincial Hugo Jes\u00fas Rasetto consigui\u00f3 la media sanci\u00f3n de dos proyectos de leyque tienen como objetivo la protecci\u00f3n y la difusi\u00f3n del Patrimonio Cultural e Hist\u00f3rico de laprovincia de Santa Fe. El primero de ellos busca declarar como Patrimonio Cultural e Hist\u00f3ricoal Castillo de Freyre, una imponente construcci\u00f3n de estilo neog\u00f3tico ubicada eninmediaciones <a href=\"https:\/\/armstrongyregion.com.ar\/diario\/el-senador-rasetto-promueve-la-valoracion-del-patrimonio-cultural-e-historico\/\" title=\"Read more\" >&#8230;<\/a><\/p>\n","protected":false},"author":1,"featured_media":40990,"comment_status":"open","ping_status":"open","sticky":false,"template":"","format":"image","meta":{"_jetpack_memberships_contains_paid_content":false,"footnotes":"","jetpack_publicize_message":"","jetpack_publicize_feature_enabled":true,"jetpack_social_post_already_shared":true,"jetpack_social_options":{"image_generator_settings":{"template":"highway","default_image_id":0,"enabled":false},"version":2}},"categories":[6,8,1,2,7,3],"tags":[443,53,2134,8777,10062,2658,977,10061],"class_list":["post-40989","post","type-post","status-publish","format-image","has-post-thumbnail","hentry","category-cultura-entretenimiento","category-deliberando","category-diario-armstrong","category-locales","category-politica","category-region","tag-cultural","tag-del","tag-historico","tag-lic-graciela-de-la-casa","tag-patrimonio","tag-promueve","tag-rasetto","tag-valoracion","post_format-post-format-image"],"jetpack_publicize_connections":[],"jetpack_featured_media_url":"https:\/\/armstrongyregion.com.ar\/diario\/wp-content\/uploads\/2023\/12\/Castillo-de-fre-02.jpg","jetpack_shortlink":"https:\/\/wp.me\/p62QDO-aF7","jetpack_sharing_enabled":true,"amp_enabled":true,"_links":{"self":[{"href":"https:\/\/armstrongyregion.com.ar\/diario\/wp-json\/wp\/v2\/posts\/40989","targetHints":{"allow":["GET"]}}],"collection":[{"href":"https:\/\/armstrongyregion.com.ar\/diario\/wp-json\/wp\/v2\/posts"}],"about":[{"href":"https:\/\/armstrongyregion.com.ar\/diario\/wp-json\/wp\/v2\/types\/post"}],"author":[{"embeddable":true,"href":"https:\/\/armstrongyregion.com.ar\/diario\/wp-json\/wp\/v2\/users\/1"}],"replies":[{"embeddable":true,"href":"https:\/\/armstrongyregion.com.ar\/diario\/wp-json\/wp\/v2\/comments?post=40989"}],"version-history":[{"count":1,"href":"https:\/\/armstrongyregion.com.ar\/diario\/wp-json\/wp\/v2\/posts\/40989\/revisions"}],"predecessor-version":[{"id":40991,"href":"https:\/\/armstrongyregion.com.ar\/diario\/wp-json\/wp\/v2\/posts\/40989\/revisions\/40991"}],"wp:featuredmedia":[{"embeddable":true,"href":"https:\/\/armstrongyregion.com.ar\/diario\/wp-json\/wp\/v2\/media\/40990"}],"wp:attachment":[{"href":"https:\/\/armstrongyregion.com.ar\/diario\/wp-json\/wp\/v2\/media?parent=40989"}],"wp:term":[{"taxonomy":"category","embeddable":true,"href":"https:\/\/armstrongyregion.com.ar\/diario\/wp-json\/wp\/v2\/categories?post=40989"},{"taxonomy":"post_tag","embeddable":true,"href":"https:\/\/armstrongyregion.com.ar\/diario\/wp-json\/wp\/v2\/tags?post=40989"}],"curies":[{"name":"wp","href":"https:\/\/api.w.org\/{rel}","templated":true}]}}