{"id":40986,"date":"2023-12-01T22:21:54","date_gmt":"2023-12-01T22:21:54","guid":{"rendered":"https:\/\/armstrongyregion.com.ar\/diario\/?p=40986"},"modified":"2023-12-01T22:21:56","modified_gmt":"2023-12-01T22:21:56","slug":"armstrong-muestra-anual-de-danzas-arabes-2023","status":"publish","type":"post","link":"https:\/\/armstrongyregion.com.ar\/diario\/armstrong-muestra-anual-de-danzas-arabes-2023\/","title":{"rendered":"Armstrong. Muestra anual de danzas \u00e1rabes 2023."},"content":{"rendered":"\n<figure class=\"wp-block-image size-full\"><a href=\"http:\/\/armstrongyregion.com.ar\/diario\/wp-content\/uploads\/2023\/12\/faty-Ayun-.jpg\"><img loading=\"lazy\" decoding=\"async\" width=\"283\" height=\"400\" src=\"http:\/\/armstrongyregion.com.ar\/diario\/wp-content\/uploads\/2023\/12\/faty-Ayun-.jpg\" alt=\"\" class=\"wp-image-40987\" srcset=\"https:\/\/armstrongyregion.com.ar\/diario\/wp-content\/uploads\/2023\/12\/faty-Ayun-.jpg 283w, https:\/\/armstrongyregion.com.ar\/diario\/wp-content\/uploads\/2023\/12\/faty-Ayun--212x300.jpg 212w\" sizes=\"auto, (max-width: 283px) 100vw, 283px\" \/><\/a><\/figure>\n\n\n\n<p>La Municipalidad de Armstrong invita a la muestra anual del taller de danzas \u00e1rabes a cargo de la<br>Prof. Faty At\u00fan que se realizar\u00e1 el jueves 7 de diciembre a las 21 hs. en la sala Iris Marga de Club<br>Norte.<br>El p\u00fablico podr\u00e1 disfrutar de un espect\u00e1culo musical y muy colorido, donde las integrantes del taller<br>mostrar\u00e1n el arduo trabajo que llevaron adelante durante el a\u00f1o.<br>Tambi\u00e9n se presentar\u00e1n como invitados especiales el taller municipal de flamenco \u201cAlba Gitana\u201d a<br>cargo de la Prof. Marina Aguirre, flamenco de Expresarte Estudio de Danzas dirigido por la Prof.<br>Mary Abadie, de Correa, y alumnas Intermedio y Avanzado, de la Escuela Pedro Re\u00fcn, de la ciudad<br>de Ca\u00f1ada de G\u00f3mez.<br>Entradas anticipadas en venta.<\/p>\n","protected":false},"excerpt":{"rendered":"<p>La Municipalidad de Armstrong invita a la muestra anual del taller de danzas \u00e1rabes a cargo de laProf. Faty At\u00fan que se realizar\u00e1 el jueves 7 de diciembre a las 21 hs. en la sala Iris Marga de ClubNorte.El p\u00fablico podr\u00e1 disfrutar de un espect\u00e1culo musical y muy colorido, donde las integrantes del tallermostrar\u00e1n el <a href=\"https:\/\/armstrongyregion.com.ar\/diario\/armstrong-muestra-anual-de-danzas-arabes-2023\/\" title=\"Read more\" >&#8230;<\/a><\/p>\n","protected":false},"author":1,"featured_media":40987,"comment_status":"open","ping_status":"open","sticky":false,"template":"","format":"image","meta":{"_jetpack_memberships_contains_paid_content":false,"footnotes":"","jetpack_publicize_message":"","jetpack_publicize_feature_enabled":true,"jetpack_social_post_already_shared":true,"jetpack_social_options":{"image_generator_settings":{"template":"highway","default_image_id":0,"enabled":false},"version":2}},"categories":[6,8,1,2,7,3],"tags":[1209,8693,20,946,8777,1358],"class_list":["post-40986","post","type-post","status-publish","format-image","has-post-thumbnail","hentry","category-cultura-entretenimiento","category-deliberando","category-diario-armstrong","category-locales","category-politica","category-region","tag-anual","tag-arabes-2","tag-armstrong","tag-danzas","tag-lic-graciela-de-la-casa","tag-muestra","post_format-post-format-image"],"jetpack_publicize_connections":[],"jetpack_featured_media_url":"https:\/\/armstrongyregion.com.ar\/diario\/wp-content\/uploads\/2023\/12\/faty-Ayun-.jpg","jetpack_shortlink":"https:\/\/wp.me\/p62QDO-aF4","jetpack_sharing_enabled":true,"amp_enabled":true,"_links":{"self":[{"href":"https:\/\/armstrongyregion.com.ar\/diario\/wp-json\/wp\/v2\/posts\/40986","targetHints":{"allow":["GET"]}}],"collection":[{"href":"https:\/\/armstrongyregion.com.ar\/diario\/wp-json\/wp\/v2\/posts"}],"about":[{"href":"https:\/\/armstrongyregion.com.ar\/diario\/wp-json\/wp\/v2\/types\/post"}],"author":[{"embeddable":true,"href":"https:\/\/armstrongyregion.com.ar\/diario\/wp-json\/wp\/v2\/users\/1"}],"replies":[{"embeddable":true,"href":"https:\/\/armstrongyregion.com.ar\/diario\/wp-json\/wp\/v2\/comments?post=40986"}],"version-history":[{"count":1,"href":"https:\/\/armstrongyregion.com.ar\/diario\/wp-json\/wp\/v2\/posts\/40986\/revisions"}],"predecessor-version":[{"id":40988,"href":"https:\/\/armstrongyregion.com.ar\/diario\/wp-json\/wp\/v2\/posts\/40986\/revisions\/40988"}],"wp:featuredmedia":[{"embeddable":true,"href":"https:\/\/armstrongyregion.com.ar\/diario\/wp-json\/wp\/v2\/media\/40987"}],"wp:attachment":[{"href":"https:\/\/armstrongyregion.com.ar\/diario\/wp-json\/wp\/v2\/media?parent=40986"}],"wp:term":[{"taxonomy":"category","embeddable":true,"href":"https:\/\/armstrongyregion.com.ar\/diario\/wp-json\/wp\/v2\/categories?post=40986"},{"taxonomy":"post_tag","embeddable":true,"href":"https:\/\/armstrongyregion.com.ar\/diario\/wp-json\/wp\/v2\/tags?post=40986"}],"curies":[{"name":"wp","href":"https:\/\/api.w.org\/{rel}","templated":true}]}}