{"id":40974,"date":"2023-11-30T19:17:30","date_gmt":"2023-11-30T19:17:30","guid":{"rendered":"https:\/\/armstrongyregion.com.ar\/diario\/?p=40974"},"modified":"2023-11-30T19:17:32","modified_gmt":"2023-11-30T19:17:32","slug":"facundo-amil-estuvo-presente-en-la-ultima-sesion-ordinaria-del-concejo-municipal-de-armstrong","status":"publish","type":"post","link":"https:\/\/armstrongyregion.com.ar\/diario\/facundo-amil-estuvo-presente-en-la-ultima-sesion-ordinaria-del-concejo-municipal-de-armstrong\/","title":{"rendered":"Facundo Amil estuvo presente en la \u00faltima sesi\u00f3n ordinaria del Concejo municipal de Armstrong."},"content":{"rendered":"\n<figure class=\"wp-block-image size-full\"><a href=\"http:\/\/armstrongyregion.com.ar\/diario\/wp-content\/uploads\/2023\/11\/Facu-Amil-123-.jpg\"><img loading=\"lazy\" decoding=\"async\" width=\"529\" height=\"449\" src=\"http:\/\/armstrongyregion.com.ar\/diario\/wp-content\/uploads\/2023\/11\/Facu-Amil-123-.jpg\" alt=\"\" class=\"wp-image-40975\" srcset=\"https:\/\/armstrongyregion.com.ar\/diario\/wp-content\/uploads\/2023\/11\/Facu-Amil-123-.jpg 529w, https:\/\/armstrongyregion.com.ar\/diario\/wp-content\/uploads\/2023\/11\/Facu-Amil-123--300x255.jpg 300w\" sizes=\"auto, (max-width: 529px) 100vw, 529px\" \/><\/a><\/figure>\n\n\n\n<p>En la sesi\u00f3n del martes 28 de Noviembre estuvo presente el referente de Somos Armstrong, Facundo Amil, quien nos dec\u00eda que<strong> \u00abla participaci\u00f3n pol\u00edtica no tiene que ser s\u00f3lo en campa\u00f1a sino que es fundamental mantenerse al tanto de las cuestiones que interesan a la comunidad\u00bb.<\/strong><\/p>\n\n\n\n<p>\u00ab<strong>De esta manera continuamos desarrollando un espacio pol\u00edtico en crecimiento con la idea de seguir representando a los armstronenses\u00bb.<\/strong> Finaliz\u00f3.<\/p>\n","protected":false},"excerpt":{"rendered":"<p>En la sesi\u00f3n del martes 28 de Noviembre estuvo presente el referente de Somos Armstrong, Facundo Amil, quien nos dec\u00eda que \u00abla participaci\u00f3n pol\u00edtica no tiene que ser s\u00f3lo en campa\u00f1a sino que es fundamental mantenerse al tanto de las cuestiones que interesan a la comunidad\u00bb. \u00abDe esta manera continuamos desarrollando un espacio pol\u00edtico en <a href=\"https:\/\/armstrongyregion.com.ar\/diario\/facundo-amil-estuvo-presente-en-la-ultima-sesion-ordinaria-del-concejo-municipal-de-armstrong\/\" title=\"Read more\" >&#8230;<\/a><\/p>\n","protected":false},"author":1,"featured_media":40975,"comment_status":"open","ping_status":"open","sticky":false,"template":"","format":"image","meta":{"_jetpack_memberships_contains_paid_content":false,"footnotes":"","jetpack_publicize_message":"","jetpack_publicize_feature_enabled":true,"jetpack_social_post_already_shared":true,"jetpack_social_options":{"image_generator_settings":{"template":"highway","default_image_id":0,"enabled":false},"version":2}},"categories":[8,1,2,7,3],"tags":[53,15,961,9515,31,8777,556,2534,667],"class_list":["post-40974","post","type-post","status-publish","format-image","has-post-thumbnail","hentry","category-deliberando","category-diario-armstrong","category-locales","category-politica","category-region","tag-del","tag-en","tag-estuvo","tag-facundo-amil","tag-la","tag-lic-graciela-de-la-casa","tag-presente","tag-sesion","tag-ultima","post_format-post-format-image"],"jetpack_publicize_connections":[],"jetpack_featured_media_url":"https:\/\/armstrongyregion.com.ar\/diario\/wp-content\/uploads\/2023\/11\/Facu-Amil-123-.jpg","jetpack_shortlink":"https:\/\/wp.me\/p62QDO-aES","jetpack_sharing_enabled":true,"amp_enabled":true,"_links":{"self":[{"href":"https:\/\/armstrongyregion.com.ar\/diario\/wp-json\/wp\/v2\/posts\/40974","targetHints":{"allow":["GET"]}}],"collection":[{"href":"https:\/\/armstrongyregion.com.ar\/diario\/wp-json\/wp\/v2\/posts"}],"about":[{"href":"https:\/\/armstrongyregion.com.ar\/diario\/wp-json\/wp\/v2\/types\/post"}],"author":[{"embeddable":true,"href":"https:\/\/armstrongyregion.com.ar\/diario\/wp-json\/wp\/v2\/users\/1"}],"replies":[{"embeddable":true,"href":"https:\/\/armstrongyregion.com.ar\/diario\/wp-json\/wp\/v2\/comments?post=40974"}],"version-history":[{"count":1,"href":"https:\/\/armstrongyregion.com.ar\/diario\/wp-json\/wp\/v2\/posts\/40974\/revisions"}],"predecessor-version":[{"id":40976,"href":"https:\/\/armstrongyregion.com.ar\/diario\/wp-json\/wp\/v2\/posts\/40974\/revisions\/40976"}],"wp:featuredmedia":[{"embeddable":true,"href":"https:\/\/armstrongyregion.com.ar\/diario\/wp-json\/wp\/v2\/media\/40975"}],"wp:attachment":[{"href":"https:\/\/armstrongyregion.com.ar\/diario\/wp-json\/wp\/v2\/media?parent=40974"}],"wp:term":[{"taxonomy":"category","embeddable":true,"href":"https:\/\/armstrongyregion.com.ar\/diario\/wp-json\/wp\/v2\/categories?post=40974"},{"taxonomy":"post_tag","embeddable":true,"href":"https:\/\/armstrongyregion.com.ar\/diario\/wp-json\/wp\/v2\/tags?post=40974"}],"curies":[{"name":"wp","href":"https:\/\/api.w.org\/{rel}","templated":true}]}}