{"id":40963,"date":"2023-11-30T01:58:11","date_gmt":"2023-11-30T01:58:11","guid":{"rendered":"https:\/\/armstrongyregion.com.ar\/diario\/?p=40963"},"modified":"2023-11-30T01:59:14","modified_gmt":"2023-11-30T01:59:14","slug":"el-pte-del-concejo-ing-guillermo-luzzi-realizo-un-balance-de-la-sesion","status":"publish","type":"post","link":"https:\/\/armstrongyregion.com.ar\/diario\/el-pte-del-concejo-ing-guillermo-luzzi-realizo-un-balance-de-la-sesion\/","title":{"rendered":"El Pte. del Concejo Ing. Guillermo Luzzi realiz\u00f3 un balance de la sesi\u00f3n."},"content":{"rendered":"\n<figure class=\"wp-block-image size-full\"><a href=\"http:\/\/armstrongyregion.com.ar\/diario\/wp-content\/uploads\/2023\/04\/Guille-Luzzi-12-4-23-.jpg\"><img loading=\"lazy\" decoding=\"async\" width=\"634\" height=\"544\" src=\"http:\/\/armstrongyregion.com.ar\/diario\/wp-content\/uploads\/2023\/04\/Guille-Luzzi-12-4-23-.jpg\" alt=\"\" class=\"wp-image-38161\" srcset=\"https:\/\/armstrongyregion.com.ar\/diario\/wp-content\/uploads\/2023\/04\/Guille-Luzzi-12-4-23-.jpg 634w, https:\/\/armstrongyregion.com.ar\/diario\/wp-content\/uploads\/2023\/04\/Guille-Luzzi-12-4-23--300x257.jpg 300w\" sizes=\"auto, (max-width: 634px) 100vw, 634px\" \/><\/a><\/figure>\n\n\n\n<p>En la \u00faltima sesi\u00f3n, el Pte. del concejo se refiri\u00f3 al viaje que realiz\u00f3 el intendente Dr. Pablo Verdecchia, e inform\u00f3 que no debe reemplazarlo porque se ausenta solo por 5 d\u00edas.<\/p>\n\n\n\n<p><\/p>\n\n\n\n<figure class=\"wp-block-audio\"><audio controls src=\"blob:https:\/\/armstrongyregion.com.ar\/b368d747-428b-46eb-9e3b-b7917f53cc06\"><\/audio><figcaption class=\"wp-element-caption\">INg. Guillermo Luzzi. Pte. del Concejo.<\/figcaption><\/figure>\n\n\n\n<p>Tambien hizo referencia a un proyecto de ordenanza, sobre un futuro espacio verde ubicado en Iraci entre Los Helechos y Mosconi, al cual le quieren designar el nombre de Plaza Democracia Dr. Ra\u00fal Alfonsi\u00f3n y finalmente brind\u00f3 detalles t\u00e9cnicos sobre  una minuta de comunicaci\u00f3n que solicitaba repavimentaci\u00f3n y colocaci\u00f3n de reductores de velocidad en calle Schaer. (Proyecto Presentado por Bloque Justicialista).<\/p>\n","protected":false},"excerpt":{"rendered":"<p>En la \u00faltima sesi\u00f3n, el Pte. del concejo se refiri\u00f3 al viaje que realiz\u00f3 el intendente Dr. Pablo Verdecchia, e inform\u00f3 que no debe reemplazarlo porque se ausenta solo por 5 d\u00edas. Tambien hizo referencia a un proyecto de ordenanza, sobre un futuro espacio verde ubicado en Iraci entre Los Helechos y Mosconi, al cual <a href=\"https:\/\/armstrongyregion.com.ar\/diario\/el-pte-del-concejo-ing-guillermo-luzzi-realizo-un-balance-de-la-sesion\/\" title=\"Read more\" >&#8230;<\/a><\/p>\n","protected":false},"author":1,"featured_media":38161,"comment_status":"open","ping_status":"open","sticky":false,"template":"","format":"image","meta":{"_jetpack_memberships_contains_paid_content":false,"footnotes":"","jetpack_publicize_message":"","jetpack_publicize_feature_enabled":true,"jetpack_social_post_already_shared":true,"jetpack_social_options":{"image_generator_settings":{"template":"highway","default_image_id":0,"enabled":false},"version":2}},"categories":[8,1,2,7,3],"tags":[237,19,10050,1197,2534,192],"class_list":["post-40963","post","type-post","status-publish","format-image","has-post-thumbnail","hentry","category-deliberando","category-diario-armstrong","category-locales","category-politica","category-region","tag-balance","tag-de","tag-guillermo-luzzi","tag-hizo","tag-sesion","tag-un","post_format-post-format-image"],"jetpack_publicize_connections":[],"jetpack_featured_media_url":"https:\/\/armstrongyregion.com.ar\/diario\/wp-content\/uploads\/2023\/04\/Guille-Luzzi-12-4-23-.jpg","jetpack_shortlink":"https:\/\/wp.me\/p62QDO-aEH","jetpack_sharing_enabled":true,"amp_enabled":true,"_links":{"self":[{"href":"https:\/\/armstrongyregion.com.ar\/diario\/wp-json\/wp\/v2\/posts\/40963","targetHints":{"allow":["GET"]}}],"collection":[{"href":"https:\/\/armstrongyregion.com.ar\/diario\/wp-json\/wp\/v2\/posts"}],"about":[{"href":"https:\/\/armstrongyregion.com.ar\/diario\/wp-json\/wp\/v2\/types\/post"}],"author":[{"embeddable":true,"href":"https:\/\/armstrongyregion.com.ar\/diario\/wp-json\/wp\/v2\/users\/1"}],"replies":[{"embeddable":true,"href":"https:\/\/armstrongyregion.com.ar\/diario\/wp-json\/wp\/v2\/comments?post=40963"}],"version-history":[{"count":2,"href":"https:\/\/armstrongyregion.com.ar\/diario\/wp-json\/wp\/v2\/posts\/40963\/revisions"}],"predecessor-version":[{"id":40965,"href":"https:\/\/armstrongyregion.com.ar\/diario\/wp-json\/wp\/v2\/posts\/40963\/revisions\/40965"}],"wp:featuredmedia":[{"embeddable":true,"href":"https:\/\/armstrongyregion.com.ar\/diario\/wp-json\/wp\/v2\/media\/38161"}],"wp:attachment":[{"href":"https:\/\/armstrongyregion.com.ar\/diario\/wp-json\/wp\/v2\/media?parent=40963"}],"wp:term":[{"taxonomy":"category","embeddable":true,"href":"https:\/\/armstrongyregion.com.ar\/diario\/wp-json\/wp\/v2\/categories?post=40963"},{"taxonomy":"post_tag","embeddable":true,"href":"https:\/\/armstrongyregion.com.ar\/diario\/wp-json\/wp\/v2\/tags?post=40963"}],"curies":[{"name":"wp","href":"https:\/\/api.w.org\/{rel}","templated":true}]}}