{"id":40955,"date":"2023-11-29T14:20:39","date_gmt":"2023-11-29T14:20:39","guid":{"rendered":"https:\/\/armstrongyregion.com.ar\/diario\/?p=40955"},"modified":"2023-11-29T15:51:05","modified_gmt":"2023-11-29T15:51:05","slug":"pullaro-el-proximo-gobierno-nacional-tiene-que-apoyarse-en-la-produccion-y-el-empleo","status":"publish","type":"post","link":"https:\/\/armstrongyregion.com.ar\/diario\/pullaro-el-proximo-gobierno-nacional-tiene-que-apoyarse-en-la-produccion-y-el-empleo\/","title":{"rendered":"Pullaro: \u00abEl pr\u00f3ximo gobierno nacional tiene que apoyarse en la producci\u00f3n y el empleo\u00bb"},"content":{"rendered":"\n<figure class=\"wp-block-image size-full\"><a href=\"http:\/\/armstrongyregion.com.ar\/diario\/wp-content\/uploads\/2023\/11\/pullaro-29-11-23-.jpeg\"><img loading=\"lazy\" decoding=\"async\" width=\"1024\" height=\"799\" src=\"http:\/\/armstrongyregion.com.ar\/diario\/wp-content\/uploads\/2023\/11\/pullaro-29-11-23-.jpeg\" alt=\"\" class=\"wp-image-40956\" srcset=\"https:\/\/armstrongyregion.com.ar\/diario\/wp-content\/uploads\/2023\/11\/pullaro-29-11-23-.jpeg 1024w, https:\/\/armstrongyregion.com.ar\/diario\/wp-content\/uploads\/2023\/11\/pullaro-29-11-23--300x234.jpeg 300w, https:\/\/armstrongyregion.com.ar\/diario\/wp-content\/uploads\/2023\/11\/pullaro-29-11-23--768x599.jpeg 768w\" sizes=\"auto, (max-width: 1024px) 100vw, 1024px\" \/><\/a><figcaption class=\"wp-element-caption\">Pullaro, el, pr\u00f3ximo, gobierno, nacional, <\/figcaption><\/figure>\n\n\n\n<h2 class=\"wp-block-heading\"><strong>Lo apunt\u00f3 esta ma\u00f1ana el gobernador electo al sintetizar las reuniones mantenidas en Buenos Aires con representantes de la gesti\u00f3n entrante. \u201cNecesitamos que el gobierno nacional entienda los problemas de Santa Fe, como son la necesidad de seguridad y obras, y es lo que transmitimos en los encuentros\u201d, recalc\u00f3<\/strong><\/h2>\n\n\n\n<p>Esta ma\u00f1ana el gobernador electo Maximiliano Pullaro detall\u00f3 las reuniones mantenidas en Buenos Aires con representantes del futuro gobierno nacional, que presidir\u00e1 Javier Milei.&nbsp;<em>\u201cEstuve reunido junto a nuestra vicegobernadora Gisela Scaglia con Guillermo Francos, con Guillermo Ferraro y estuve en di\u00e1logo tambi\u00e9n con Mariano C\u00faneo Libarona y con la doctora Patricia Bullrich, futura ministra de Seguridad\u201d.<\/em><\/p>\n\n\n\n<p>Cont\u00f3 que<em>&nbsp;\u201ca los futuros ministros del Interior y de Infraestructura y Obras P\u00fablicas (Francos y Ferraro) le llevamos una agenda sobre los principales temas que hay hoy en la provincia de Santa Fe. Primero, algunas obras que Naci\u00f3n est\u00e1 llevando adelante; pero tambi\u00e9n la situaci\u00f3n de nuestra rutas nacionales y de nuestras rutas provinciales\u201d<\/em>. En ese sentido record\u00f3 que<em>&nbsp;\u201cpor la provincia de Santa Fe sale el 70 % del cereal de la Argentina, y nuestras rutas terminan teniendo tr\u00e1nsito interprovincial e internacional, y nadie le paga eso a la provincia de Santa Fe\u201d.<\/em><\/p>\n\n\n\n<p>El gobernador electo resalt\u00f3 que<em>&nbsp;\u201chicimos hincapi\u00e9 sobre las mejoras que necesitan rutas de la provincia de Santa Fe, los caminos rurales y las rutas federales. Obviamente mencionamos las ruta 33, 34 y la 11, que est\u00e1n en p\u00e9simo estado y m\u00e1s all\u00e1 de un plan integral que tiene pensado el gobierno nacional entrante, se\u00f1alamos que es muy importante el mantenimiento urgente de esas v\u00edas\u201d.<\/em><\/p>\n\n\n\n<p>La Hidrov\u00eda fue parte del di\u00e1logo con las futuras autoridades nacionales.&nbsp;<em>\u201cSanta Fe debe tener una incidencia muy importante en el nuevo contrato de concesi\u00f3n y no solo discutir el dragado y el balizamiento, sino adem\u00e1s tiene que discutir un verdadero proyecto de desarrollo productivo para la provincia de Santa Fe y para la Rep\u00fablica Argentina\u201d.<\/em>&nbsp;Agreg\u00f3:<em>&nbsp;\u201cTambi\u00e9n detallamos las inversiones que necesitan los puertos de la provincia de Santa Fe, los puertos p\u00fablicos, pero el desarrollo que necesitan el puerto de la capital y el puerto de Reconquista\u201d.<\/em><\/p>\n\n\n\n<p>En cuanto al encuentro con Mariano C\u00faneo Libarona, rese\u00f1\u00f3:&nbsp;<em>\u201cHablamos sobre los detenidos federales que hay en la provincia de Santa Fe. A nosotros nos preocupa de sobremanera la superpoblaci\u00f3n carcelaria provincial, pero tambi\u00e9n la superpoblaci\u00f3n federal. Hay presos federales que est\u00e1n aqu\u00ed que tendr\u00edan que estar en c\u00e1rceles federales y lamentablemente eso no sucede y a la Provincia no se le hace la retribuci\u00f3n financiera y econ\u00f3mica por la cantidad de presos que alberga. Planteamos que hay una salida y es la c\u00e1rcel federal (en Coronda) que est\u00e1 pr\u00e1cticamente terminada, para que se pueda poner en funcionamiento y dimos diferentes alternativas\u201d.<\/em><\/p>\n\n\n\n<p>Tambi\u00e9n se refiri\u00f3 a la reuni\u00f3n con Patricia Bullrich.&nbsp;<em>\u201cEs una muy buena noticia que ella pueda ser ministra de Seguridad de la Naci\u00f3n. Con ella hablamos de mapas de calor, llevamos mapas de delitos, mapas de lo que entendemos que son los barrios m\u00e1s conflictivos y de lo que tendr\u00edan que ser los primeros d\u00edas de gesti\u00f3n conjunta con nuestra polic\u00eda y con las fuerzas federales en la provincia\u201d.<\/em><\/p>\n\n\n\n<p><em>\u201cEn general tuvimos una muy buena receptividad de las futuras autoridades nacionales y quedamos en continuar con un di\u00e1logo permanente\u201d,<\/em>&nbsp;sintetiz\u00f3 el futuro mandatario provincial.<\/p>\n","protected":false},"excerpt":{"rendered":"<p>Lo apunt\u00f3 esta ma\u00f1ana el gobernador electo al sintetizar las reuniones mantenidas en Buenos Aires con representantes de la gesti\u00f3n entrante. \u201cNecesitamos que el gobierno nacional entienda los problemas de Santa Fe, como son la necesidad de seguridad y obras, y es lo que transmitimos en los encuentros\u201d, recalc\u00f3 Esta ma\u00f1ana el gobernador electo Maximiliano <a href=\"https:\/\/armstrongyregion.com.ar\/diario\/pullaro-el-proximo-gobierno-nacional-tiene-que-apoyarse-en-la-produccion-y-el-empleo\/\" title=\"Read more\" >&#8230;<\/a><\/p>\n","protected":false},"author":1,"featured_media":40956,"comment_status":"open","ping_status":"open","sticky":false,"template":"","format":"image","meta":{"_jetpack_memberships_contains_paid_content":false,"footnotes":"","jetpack_publicize_message":"","jetpack_publicize_feature_enabled":true,"jetpack_social_post_already_shared":true,"jetpack_social_options":{"image_generator_settings":{"template":"highway","default_image_id":0,"enabled":false},"version":2}},"categories":[8,1,2,7,3],"tags":[16,38,8777,621,282,1797,2846,108,3017],"class_list":["post-40955","post","type-post","status-publish","format-image","has-post-thumbnail","hentry","category-deliberando","category-diario-armstrong","category-locales","category-politica","category-region","tag-el","tag-gobierno","tag-lic-graciela-de-la-casa","tag-nacional","tag-produccion","tag-proximo","tag-pullaro","tag-que","tag-tiene","post_format-post-format-image"],"jetpack_publicize_connections":[],"jetpack_featured_media_url":"https:\/\/armstrongyregion.com.ar\/diario\/wp-content\/uploads\/2023\/11\/pullaro-29-11-23-.jpeg","jetpack_shortlink":"https:\/\/wp.me\/p62QDO-aEz","jetpack_sharing_enabled":true,"amp_enabled":true,"_links":{"self":[{"href":"https:\/\/armstrongyregion.com.ar\/diario\/wp-json\/wp\/v2\/posts\/40955","targetHints":{"allow":["GET"]}}],"collection":[{"href":"https:\/\/armstrongyregion.com.ar\/diario\/wp-json\/wp\/v2\/posts"}],"about":[{"href":"https:\/\/armstrongyregion.com.ar\/diario\/wp-json\/wp\/v2\/types\/post"}],"author":[{"embeddable":true,"href":"https:\/\/armstrongyregion.com.ar\/diario\/wp-json\/wp\/v2\/users\/1"}],"replies":[{"embeddable":true,"href":"https:\/\/armstrongyregion.com.ar\/diario\/wp-json\/wp\/v2\/comments?post=40955"}],"version-history":[{"count":1,"href":"https:\/\/armstrongyregion.com.ar\/diario\/wp-json\/wp\/v2\/posts\/40955\/revisions"}],"predecessor-version":[{"id":40957,"href":"https:\/\/armstrongyregion.com.ar\/diario\/wp-json\/wp\/v2\/posts\/40955\/revisions\/40957"}],"wp:featuredmedia":[{"embeddable":true,"href":"https:\/\/armstrongyregion.com.ar\/diario\/wp-json\/wp\/v2\/media\/40956"}],"wp:attachment":[{"href":"https:\/\/armstrongyregion.com.ar\/diario\/wp-json\/wp\/v2\/media?parent=40955"}],"wp:term":[{"taxonomy":"category","embeddable":true,"href":"https:\/\/armstrongyregion.com.ar\/diario\/wp-json\/wp\/v2\/categories?post=40955"},{"taxonomy":"post_tag","embeddable":true,"href":"https:\/\/armstrongyregion.com.ar\/diario\/wp-json\/wp\/v2\/tags?post=40955"}],"curies":[{"name":"wp","href":"https:\/\/api.w.org\/{rel}","templated":true}]}}