{"id":4090,"date":"2015-09-16T12:22:31","date_gmt":"2015-09-16T12:22:31","guid":{"rendered":"https:\/\/armstrongyregion.com.ar\/diario\/?p=4090"},"modified":"2015-09-16T12:43:15","modified_gmt":"2015-09-16T12:43:15","slug":"armstrong-se-quemo-un-auto-en-santa-fe-y-delfo-cabrera","status":"publish","type":"post","link":"https:\/\/armstrongyregion.com.ar\/diario\/armstrong-se-quemo-un-auto-en-santa-fe-y-delfo-cabrera\/","title":{"rendered":"Armstrong. Se quem\u00f3 un auto en Santa Fe y Delfo Cabrera."},"content":{"rendered":"<p><a href=\"http:\/\/armstrongyregion.com.ar\/diario\/wp-content\/uploads\/2015\/09\/IMG-20150916-WA0001.jpg\"><img loading=\"lazy\" decoding=\"async\" class=\"alignnone size-medium wp-image-4094\" src=\"http:\/\/armstrongyregion.com.ar\/diario\/wp-content\/uploads\/2015\/09\/IMG-20150916-WA0001-300x169.jpg\" alt=\"Auto-quemado-\" width=\"300\" height=\"169\" srcset=\"https:\/\/armstrongyregion.com.ar\/diario\/wp-content\/uploads\/2015\/09\/IMG-20150916-WA0001-300x169.jpg 300w, https:\/\/armstrongyregion.com.ar\/diario\/wp-content\/uploads\/2015\/09\/IMG-20150916-WA0001-1024x575.jpg 1024w, https:\/\/armstrongyregion.com.ar\/diario\/wp-content\/uploads\/2015\/09\/IMG-20150916-WA0001.jpg 1296w\" sizes=\"auto, (max-width: 300px) 100vw, 300px\" \/><\/a>Siendo las 3,35 hs y haciendo su ronda habitual, personal policial constata que est\u00e1 tomando fuego un veh\u00edculo Chevrolet Corsa, en intersecci\u00f3n de calle Santa f\u00e9 y Delfo Cabrera, vereda norte.<\/p>\n<p>Intervinieron bomberos voluntarios que sofocaron el fuego. El auto pertenece a la Sra. Reina Aponte de 33 a\u00f1os, y se est\u00e1 investigando si el incendio fue intencional, lo que convertir\u00eda a esta informaci\u00f3n en un hecho vand\u00e1lico.<\/p>\n","protected":false},"excerpt":{"rendered":"<p>Siendo las 3,35 hs y haciendo su ronda habitual, personal policial constata que est\u00e1 tomando fuego un veh\u00edculo Chevrolet Corsa, en intersecci\u00f3n de calle Santa f\u00e9 y Delfo Cabrera, vereda norte. Intervinieron bomberos voluntarios que sofocaron el fuego. El auto pertenece a la Sra. Reina Aponte de 33 a\u00f1os, y se est\u00e1 investigando si el <a href=\"https:\/\/armstrongyregion.com.ar\/diario\/armstrong-se-quemo-un-auto-en-santa-fe-y-delfo-cabrera\/\" title=\"Read more\" >&#8230;<\/a><\/p>\n","protected":false},"author":2,"featured_media":4094,"comment_status":"open","ping_status":"open","sticky":false,"template":"","format":"standard","meta":{"_jetpack_memberships_contains_paid_content":false,"footnotes":"","jetpack_publicize_message":"","jetpack_publicize_feature_enabled":true,"jetpack_social_post_already_shared":false,"jetpack_social_options":{"image_generator_settings":{"template":"highway","default_image_id":0,"enabled":false},"version":2}},"categories":[1,2],"tags":[20,193,1564,1563,15,77,2751,399,86,192,13],"class_list":["post-4090","post","type-post","status-publish","format-standard","has-post-thumbnail","hentry","category-diario-armstrong","category-locales","tag-armstrong","tag-auto","tag-cabrera","tag-delfo","tag-en","tag-fe","tag-quemo","tag-santa","tag-se","tag-un","tag-y"],"jetpack_publicize_connections":[],"jetpack_featured_media_url":"https:\/\/armstrongyregion.com.ar\/diario\/wp-content\/uploads\/2015\/09\/IMG-20150916-WA0001.jpg","jetpack_shortlink":"https:\/\/wp.me\/p62QDO-13Y","jetpack_sharing_enabled":true,"amp_enabled":true,"_links":{"self":[{"href":"https:\/\/armstrongyregion.com.ar\/diario\/wp-json\/wp\/v2\/posts\/4090","targetHints":{"allow":["GET"]}}],"collection":[{"href":"https:\/\/armstrongyregion.com.ar\/diario\/wp-json\/wp\/v2\/posts"}],"about":[{"href":"https:\/\/armstrongyregion.com.ar\/diario\/wp-json\/wp\/v2\/types\/post"}],"author":[{"embeddable":true,"href":"https:\/\/armstrongyregion.com.ar\/diario\/wp-json\/wp\/v2\/users\/2"}],"replies":[{"embeddable":true,"href":"https:\/\/armstrongyregion.com.ar\/diario\/wp-json\/wp\/v2\/comments?post=4090"}],"version-history":[{"count":0,"href":"https:\/\/armstrongyregion.com.ar\/diario\/wp-json\/wp\/v2\/posts\/4090\/revisions"}],"wp:featuredmedia":[{"embeddable":true,"href":"https:\/\/armstrongyregion.com.ar\/diario\/wp-json\/wp\/v2\/media\/4094"}],"wp:attachment":[{"href":"https:\/\/armstrongyregion.com.ar\/diario\/wp-json\/wp\/v2\/media?parent=4090"}],"wp:term":[{"taxonomy":"category","embeddable":true,"href":"https:\/\/armstrongyregion.com.ar\/diario\/wp-json\/wp\/v2\/categories?post=4090"},{"taxonomy":"post_tag","embeddable":true,"href":"https:\/\/armstrongyregion.com.ar\/diario\/wp-json\/wp\/v2\/tags?post=4090"}],"curies":[{"name":"wp","href":"https:\/\/api.w.org\/{rel}","templated":true}]}}