{"id":40894,"date":"2023-11-20T03:27:04","date_gmt":"2023-11-20T03:27:04","guid":{"rendered":"https:\/\/armstrongyregion.com.ar\/diario\/?p=40894"},"modified":"2023-11-20T03:27:06","modified_gmt":"2023-11-20T03:27:06","slug":"javier-milei-es-el-presidente-mas-votado-de-la-historia-argentina-en-cantidad-de-personas-con-mas-de-14-millones-de-votos","status":"publish","type":"post","link":"https:\/\/armstrongyregion.com.ar\/diario\/javier-milei-es-el-presidente-mas-votado-de-la-historia-argentina-en-cantidad-de-personas-con-mas-de-14-millones-de-votos\/","title":{"rendered":"Javier Milei es el presidente m\u00e1s votado de la historia argentina en cantidad de personas. Con m\u00e1s de 14 millones de votos."},"content":{"rendered":"\n<figure class=\"wp-block-image size-full\"><a href=\"http:\/\/armstrongyregion.com.ar\/diario\/wp-content\/uploads\/2023\/11\/javier-milei-pte.votado-.jpg\"><img loading=\"lazy\" decoding=\"async\" width=\"537\" height=\"534\" src=\"http:\/\/armstrongyregion.com.ar\/diario\/wp-content\/uploads\/2023\/11\/javier-milei-pte.votado-.jpg\" alt=\"\" class=\"wp-image-40895\" srcset=\"https:\/\/armstrongyregion.com.ar\/diario\/wp-content\/uploads\/2023\/11\/javier-milei-pte.votado-.jpg 537w, https:\/\/armstrongyregion.com.ar\/diario\/wp-content\/uploads\/2023\/11\/javier-milei-pte.votado--300x298.jpg 300w, https:\/\/armstrongyregion.com.ar\/diario\/wp-content\/uploads\/2023\/11\/javier-milei-pte.votado--150x150.jpg 150w\" sizes=\"auto, (max-width: 537px) 100vw, 537px\" \/><\/a><\/figure>\n\n\n\n<p>El candidato de La Libertad Avanza, Javier Milei, se impuso en el balotaje con amplitud frente al candidato de Uni\u00f3n por la Patria, Sergio Massa, y ser\u00e1 el nuevo presidente a partir del pr\u00f3ximo 10 de diciembre.<\/p>\n\n\n\n<p> Adem\u00e1s, se confirm\u00f3 que el candidato libertario se convirti\u00f3 en el presidente m\u00e1s votado de la historia argentina, en cantidad de personas, con m\u00e1s de 14 millones de votos.<\/p>\n\n\n\n<p>Fuente: RadioMitre.<\/p>\n","protected":false},"excerpt":{"rendered":"<p>El candidato de La Libertad Avanza, Javier Milei, se impuso en el balotaje con amplitud frente al candidato de Uni\u00f3n por la Patria, Sergio Massa, y ser\u00e1 el nuevo presidente a partir del pr\u00f3ximo 10 de diciembre. Adem\u00e1s, se confirm\u00f3 que el candidato libertario se convirti\u00f3 en el presidente m\u00e1s votado de la historia argentina, <a href=\"https:\/\/armstrongyregion.com.ar\/diario\/javier-milei-es-el-presidente-mas-votado-de-la-historia-argentina-en-cantidad-de-personas-con-mas-de-14-millones-de-votos\/\" title=\"Read more\" >&#8230;<\/a><\/p>\n","protected":false},"author":1,"featured_media":40895,"comment_status":"open","ping_status":"open","sticky":false,"template":"","format":"image","meta":{"_jetpack_memberships_contains_paid_content":false,"footnotes":"","jetpack_publicize_message":"","jetpack_publicize_feature_enabled":true,"jetpack_social_post_already_shared":true,"jetpack_social_options":{"image_generator_settings":{"template":"highway","default_image_id":0,"enabled":false},"version":2}},"categories":[8,1,2,7,3],"tags":[5016,19,10028,8777,9022,1750,9707],"class_list":["post-40894","post","type-post","status-publish","format-image","has-post-thumbnail","hentry","category-deliberando","category-diario-armstrong","category-locales","category-politica","category-region","tag-armstrong-y-region","tag-de","tag-javier-milei","tag-lic-graciela-de-la-casa","tag-mas-2","tag-presidente","tag-votado","post_format-post-format-image"],"jetpack_publicize_connections":[],"jetpack_featured_media_url":"https:\/\/armstrongyregion.com.ar\/diario\/wp-content\/uploads\/2023\/11\/javier-milei-pte.votado-.jpg","jetpack_shortlink":"https:\/\/wp.me\/p62QDO-aDA","jetpack_sharing_enabled":true,"amp_enabled":true,"_links":{"self":[{"href":"https:\/\/armstrongyregion.com.ar\/diario\/wp-json\/wp\/v2\/posts\/40894","targetHints":{"allow":["GET"]}}],"collection":[{"href":"https:\/\/armstrongyregion.com.ar\/diario\/wp-json\/wp\/v2\/posts"}],"about":[{"href":"https:\/\/armstrongyregion.com.ar\/diario\/wp-json\/wp\/v2\/types\/post"}],"author":[{"embeddable":true,"href":"https:\/\/armstrongyregion.com.ar\/diario\/wp-json\/wp\/v2\/users\/1"}],"replies":[{"embeddable":true,"href":"https:\/\/armstrongyregion.com.ar\/diario\/wp-json\/wp\/v2\/comments?post=40894"}],"version-history":[{"count":1,"href":"https:\/\/armstrongyregion.com.ar\/diario\/wp-json\/wp\/v2\/posts\/40894\/revisions"}],"predecessor-version":[{"id":40896,"href":"https:\/\/armstrongyregion.com.ar\/diario\/wp-json\/wp\/v2\/posts\/40894\/revisions\/40896"}],"wp:featuredmedia":[{"embeddable":true,"href":"https:\/\/armstrongyregion.com.ar\/diario\/wp-json\/wp\/v2\/media\/40895"}],"wp:attachment":[{"href":"https:\/\/armstrongyregion.com.ar\/diario\/wp-json\/wp\/v2\/media?parent=40894"}],"wp:term":[{"taxonomy":"category","embeddable":true,"href":"https:\/\/armstrongyregion.com.ar\/diario\/wp-json\/wp\/v2\/categories?post=40894"},{"taxonomy":"post_tag","embeddable":true,"href":"https:\/\/armstrongyregion.com.ar\/diario\/wp-json\/wp\/v2\/tags?post=40894"}],"curies":[{"name":"wp","href":"https:\/\/api.w.org\/{rel}","templated":true}]}}