{"id":40869,"date":"2023-11-16T22:22:28","date_gmt":"2023-11-16T22:22:28","guid":{"rendered":"https:\/\/armstrongyregion.com.ar\/diario\/?p=40869"},"modified":"2023-11-16T22:22:31","modified_gmt":"2023-11-16T22:22:31","slug":"el-bloque-oficialista-presento-una-minuta-de-declaracion-sobre-el-dia-mundial-de-la-diabetes","status":"publish","type":"post","link":"https:\/\/armstrongyregion.com.ar\/diario\/el-bloque-oficialista-presento-una-minuta-de-declaracion-sobre-el-dia-mundial-de-la-diabetes\/","title":{"rendered":"El bloque oficialista present\u00f3 una minuta de declaraci\u00f3n sobre el D\u00eda Mundial de la Diabetes."},"content":{"rendered":"\n<figure class=\"wp-block-image size-full\"><a href=\"http:\/\/armstrongyregion.com.ar\/diario\/wp-content\/uploads\/2023\/08\/ALE-PERTU.jpg\"><img loading=\"lazy\" decoding=\"async\" width=\"400\" height=\"295\" src=\"http:\/\/armstrongyregion.com.ar\/diario\/wp-content\/uploads\/2023\/08\/ALE-PERTU.jpg\" alt=\"\" class=\"wp-image-39647\" srcset=\"https:\/\/armstrongyregion.com.ar\/diario\/wp-content\/uploads\/2023\/08\/ALE-PERTU.jpg 400w, https:\/\/armstrongyregion.com.ar\/diario\/wp-content\/uploads\/2023\/08\/ALE-PERTU-300x221.jpg 300w\" sizes=\"auto, (max-width: 400px) 100vw, 400px\" \/><\/a><\/figure>\n\n\n\n<p>En di\u00e1logo con nuestro medio el concejal Prof. Alejandro Pertusati dec\u00eda: \u00abUna de nuestras minutas de declaraci\u00f3n apunta a que cada 14 de noviembre, se conmemora el D\u00eda Mundial de la lucha contra de la Diabetes, y consideramos que es una oportunidad para crear conciencia sobre el impacto de la diabetes en la salud de las personas. Esta enfermedad esta creciendo estad\u00edsticamente, siendo esta una enfermedad silenciosa. Sabemos de la importancia de detectarla a tiempo y diagnosticarla\u00bb.<\/p>\n\n\n\n<p>Pertusati a\u00f1adi\u00f3: \u00abLa educaci\u00f3n en diabetes es parte integral y fundamental de su tratamiento y un derecho que debe ser garantizado por medio de la atenci\u00f3n de profesionales sanitarios formados y capacitados. Adem\u00e1s, se hace hincapi\u00e9 en concientizar a las familias sobre la importancia del estilo de vida, la prevenci\u00f3n y el cuidado para apuntalar el tratamiento indicado y evitar complicaciones\u00bb.<\/p>\n","protected":false},"excerpt":{"rendered":"<p>En di\u00e1logo con nuestro medio el concejal Prof. Alejandro Pertusati dec\u00eda: \u00abUna de nuestras minutas de declaraci\u00f3n apunta a que cada 14 de noviembre, se conmemora el D\u00eda Mundial de la lucha contra de la Diabetes, y consideramos que es una oportunidad para crear conciencia sobre el impacto de la diabetes en la salud de <a href=\"https:\/\/armstrongyregion.com.ar\/diario\/el-bloque-oficialista-presento-una-minuta-de-declaracion-sobre-el-dia-mundial-de-la-diabetes\/\" title=\"Read more\" >&#8230;<\/a><\/p>\n","protected":false},"author":1,"featured_media":39647,"comment_status":"open","ping_status":"open","sticky":false,"template":"","format":"image","meta":{"_jetpack_memberships_contains_paid_content":false,"footnotes":"","jetpack_publicize_message":"","jetpack_publicize_feature_enabled":true,"jetpack_social_post_already_shared":true,"jetpack_social_options":{"image_generator_settings":{"template":"highway","default_image_id":0,"enabled":false},"version":2}},"categories":[8,1,2,7,4,3],"tags":[10010,2295,8777,10009],"class_list":["post-40869","post","type-post","status-publish","format-image","has-post-thumbnail","hentry","category-deliberando","category-diario-armstrong","category-locales","category-politica","category-prevencion-salud","category-region","tag-dia-mundial","tag-diabetes","tag-lic-graciela-de-la-casa","tag-minuta-de-declaracion","post_format-post-format-image"],"jetpack_publicize_connections":[],"jetpack_featured_media_url":"https:\/\/armstrongyregion.com.ar\/diario\/wp-content\/uploads\/2023\/08\/ALE-PERTU.jpg","jetpack_shortlink":"https:\/\/wp.me\/p62QDO-aDb","jetpack_sharing_enabled":true,"amp_enabled":true,"_links":{"self":[{"href":"https:\/\/armstrongyregion.com.ar\/diario\/wp-json\/wp\/v2\/posts\/40869","targetHints":{"allow":["GET"]}}],"collection":[{"href":"https:\/\/armstrongyregion.com.ar\/diario\/wp-json\/wp\/v2\/posts"}],"about":[{"href":"https:\/\/armstrongyregion.com.ar\/diario\/wp-json\/wp\/v2\/types\/post"}],"author":[{"embeddable":true,"href":"https:\/\/armstrongyregion.com.ar\/diario\/wp-json\/wp\/v2\/users\/1"}],"replies":[{"embeddable":true,"href":"https:\/\/armstrongyregion.com.ar\/diario\/wp-json\/wp\/v2\/comments?post=40869"}],"version-history":[{"count":1,"href":"https:\/\/armstrongyregion.com.ar\/diario\/wp-json\/wp\/v2\/posts\/40869\/revisions"}],"predecessor-version":[{"id":40870,"href":"https:\/\/armstrongyregion.com.ar\/diario\/wp-json\/wp\/v2\/posts\/40869\/revisions\/40870"}],"wp:featuredmedia":[{"embeddable":true,"href":"https:\/\/armstrongyregion.com.ar\/diario\/wp-json\/wp\/v2\/media\/39647"}],"wp:attachment":[{"href":"https:\/\/armstrongyregion.com.ar\/diario\/wp-json\/wp\/v2\/media?parent=40869"}],"wp:term":[{"taxonomy":"category","embeddable":true,"href":"https:\/\/armstrongyregion.com.ar\/diario\/wp-json\/wp\/v2\/categories?post=40869"},{"taxonomy":"post_tag","embeddable":true,"href":"https:\/\/armstrongyregion.com.ar\/diario\/wp-json\/wp\/v2\/tags?post=40869"}],"curies":[{"name":"wp","href":"https:\/\/api.w.org\/{rel}","templated":true}]}}