{"id":40866,"date":"2023-11-16T21:55:08","date_gmt":"2023-11-16T21:55:08","guid":{"rendered":"https:\/\/armstrongyregion.com.ar\/diario\/?p=40866"},"modified":"2023-11-16T21:55:11","modified_gmt":"2023-11-16T21:55:11","slug":"renovacion-por-armstrong-solicita-al-ejecutivo-que-realice-tareas-preventivas-contra-el-dengue","status":"publish","type":"post","link":"https:\/\/armstrongyregion.com.ar\/diario\/renovacion-por-armstrong-solicita-al-ejecutivo-que-realice-tareas-preventivas-contra-el-dengue\/","title":{"rendered":"Renovaci\u00f3n por Armstrong solicita al ejecutivo que realice tareas preventivas contra el DENGUE."},"content":{"rendered":"\n<figure class=\"wp-block-image size-full\"><a href=\"http:\/\/armstrongyregion.com.ar\/diario\/wp-content\/uploads\/2023\/11\/Emi-Tren.5-11-23-1.jpg\"><img loading=\"lazy\" decoding=\"async\" width=\"674\" height=\"562\" src=\"http:\/\/armstrongyregion.com.ar\/diario\/wp-content\/uploads\/2023\/11\/Emi-Tren.5-11-23-1.jpg\" alt=\"\" class=\"wp-image-40867\" srcset=\"https:\/\/armstrongyregion.com.ar\/diario\/wp-content\/uploads\/2023\/11\/Emi-Tren.5-11-23-1.jpg 674w, https:\/\/armstrongyregion.com.ar\/diario\/wp-content\/uploads\/2023\/11\/Emi-Tren.5-11-23-1-300x250.jpg 300w\" sizes=\"auto, (max-width: 674px) 100vw, 674px\" \/><\/a><\/figure>\n\n\n\n<p>En la \u00faltima sesi\u00f3n ordinaria realizada en el recinto local, el concejal de Renovaci\u00f3n por Armstrong, Emiliano Gramigna expresaba: \u00abAnteriormente hemos solicitado formalmente campa\u00f1as de difusi\u00f3n en los medios de comunicaci\u00f3n locales e intervenciones concretas para prevenir la proliferaci\u00f3n del dengue. Nuevamente hoy, hemos solicitado al Departamento Ejecutivo distintas acciones que son de su exclusiva competencia, todas relacionadas con el mantenimiento de la ciudad y la salubridad urbana\u00bb. Expresaba el edil.<\/p>\n\n\n\n<p>Luego a\u00f1adi\u00f3: \u00abViene la \u00e9poca de calor y debe propenderse a la erradicaci\u00f3n de criaderos del mosquito <em>Aedes aegypti<\/em> mediante un conjunto de actividades destinadas a la eliminaci\u00f3n o neutralizaci\u00f3n de elementos y objetos peque\u00f1os y medianos que acumulan agua, que no son \u00fatiles para el morador de la vivienda ni para la comunidad, y que podr\u00edan servir de criaderos de mosquitos. Complementariamente, tambi\u00e9n deben realizarse tareas de fumigaci\u00f3n, pese a que la aplicaci\u00f3n de insecticidas est\u00e1 destinada a eliminar a los mosquitos adultos, y no a los huevos y a las larvas\u00bb. Finaliz\u00f3 Gramigna.<\/p>\n\n\n\n<p><\/p>\n","protected":false},"excerpt":{"rendered":"<p>En la \u00faltima sesi\u00f3n ordinaria realizada en el recinto local, el concejal de Renovaci\u00f3n por Armstrong, Emiliano Gramigna expresaba: \u00abAnteriormente hemos solicitado formalmente campa\u00f1as de difusi\u00f3n en los medios de comunicaci\u00f3n locales e intervenciones concretas para prevenir la proliferaci\u00f3n del dengue. Nuevamente hoy, hemos solicitado al Departamento Ejecutivo distintas acciones que son de su exclusiva <a href=\"https:\/\/armstrongyregion.com.ar\/diario\/renovacion-por-armstrong-solicita-al-ejecutivo-que-realice-tareas-preventivas-contra-el-dengue\/\" title=\"Read more\" >&#8230;<\/a><\/p>\n","protected":false},"author":1,"featured_media":40867,"comment_status":"open","ping_status":"open","sticky":false,"template":"","format":"image","meta":{"_jetpack_memberships_contains_paid_content":false,"footnotes":"","jetpack_publicize_message":"","jetpack_publicize_feature_enabled":true,"jetpack_social_post_already_shared":true,"jetpack_social_options":{"image_generator_settings":{"template":"highway","default_image_id":0,"enabled":false},"version":2}},"categories":[8,1,2,7,3],"tags":[179,1161,357,10008,8777,4020,108,9298,3030,625],"class_list":["post-40866","post","type-post","status-publish","format-image","has-post-thumbnail","hentry","category-deliberando","category-diario-armstrong","category-locales","category-politica","category-region","tag-al","tag-contra","tag-ejecutivo","tag-el-dengue","tag-lic-graciela-de-la-casa","tag-preventivas","tag-que","tag-renovacion-por-armstrong","tag-solicita","tag-tareas","post_format-post-format-image"],"jetpack_publicize_connections":[],"jetpack_featured_media_url":"https:\/\/armstrongyregion.com.ar\/diario\/wp-content\/uploads\/2023\/11\/Emi-Tren.5-11-23-1.jpg","jetpack_shortlink":"https:\/\/wp.me\/p62QDO-aD8","jetpack_sharing_enabled":true,"amp_enabled":true,"_links":{"self":[{"href":"https:\/\/armstrongyregion.com.ar\/diario\/wp-json\/wp\/v2\/posts\/40866","targetHints":{"allow":["GET"]}}],"collection":[{"href":"https:\/\/armstrongyregion.com.ar\/diario\/wp-json\/wp\/v2\/posts"}],"about":[{"href":"https:\/\/armstrongyregion.com.ar\/diario\/wp-json\/wp\/v2\/types\/post"}],"author":[{"embeddable":true,"href":"https:\/\/armstrongyregion.com.ar\/diario\/wp-json\/wp\/v2\/users\/1"}],"replies":[{"embeddable":true,"href":"https:\/\/armstrongyregion.com.ar\/diario\/wp-json\/wp\/v2\/comments?post=40866"}],"version-history":[{"count":1,"href":"https:\/\/armstrongyregion.com.ar\/diario\/wp-json\/wp\/v2\/posts\/40866\/revisions"}],"predecessor-version":[{"id":40868,"href":"https:\/\/armstrongyregion.com.ar\/diario\/wp-json\/wp\/v2\/posts\/40866\/revisions\/40868"}],"wp:featuredmedia":[{"embeddable":true,"href":"https:\/\/armstrongyregion.com.ar\/diario\/wp-json\/wp\/v2\/media\/40867"}],"wp:attachment":[{"href":"https:\/\/armstrongyregion.com.ar\/diario\/wp-json\/wp\/v2\/media?parent=40866"}],"wp:term":[{"taxonomy":"category","embeddable":true,"href":"https:\/\/armstrongyregion.com.ar\/diario\/wp-json\/wp\/v2\/categories?post=40866"},{"taxonomy":"post_tag","embeddable":true,"href":"https:\/\/armstrongyregion.com.ar\/diario\/wp-json\/wp\/v2\/tags?post=40866"}],"curies":[{"name":"wp","href":"https:\/\/api.w.org\/{rel}","templated":true}]}}