{"id":40862,"date":"2023-11-16T20:50:39","date_gmt":"2023-11-16T20:50:39","guid":{"rendered":"https:\/\/armstrongyregion.com.ar\/diario\/?p=40862"},"modified":"2023-11-16T20:50:42","modified_gmt":"2023-11-16T20:50:42","slug":"la-provincia-participo-de-la-final-provincial-de-agromakers-2023","status":"publish","type":"post","link":"https:\/\/armstrongyregion.com.ar\/diario\/la-provincia-participo-de-la-final-provincial-de-agromakers-2023\/","title":{"rendered":"La provincia particip\u00f3 de la final provincial de Agromakers 2023."},"content":{"rendered":"\n<figure class=\"wp-block-image size-full\"><a href=\"http:\/\/armstrongyregion.com.ar\/diario\/wp-content\/uploads\/2023\/11\/AGROMAKERS.jpg\"><img loading=\"lazy\" decoding=\"async\" width=\"570\" height=\"320\" src=\"http:\/\/armstrongyregion.com.ar\/diario\/wp-content\/uploads\/2023\/11\/AGROMAKERS.jpg\" alt=\"\" class=\"wp-image-40863\" srcset=\"https:\/\/armstrongyregion.com.ar\/diario\/wp-content\/uploads\/2023\/11\/AGROMAKERS.jpg 570w, https:\/\/armstrongyregion.com.ar\/diario\/wp-content\/uploads\/2023\/11\/AGROMAKERS-300x168.jpg 300w\" sizes=\"auto, (max-width: 570px) 100vw, 570px\" \/><\/a><\/figure>\n\n\n\n<h2 class=\"wp-block-heading\">La iniciativa, organizada conjuntamente por la Secretar\u00eda de Ciencia, Tecnolog\u00eda e Innovaci\u00f3n, la Fundaci\u00f3n Bolsa de Comercio Rosario y la Universidad Austral, busca promover el desarrollo emprendedor en estudiantes secundarios.<\/h2>\n\n\n\n<p>El Gobierno de Santa Fe, a trav\u00e9s de la Secretar\u00eda de Ciencia, Tecnolog\u00eda e Innovaci\u00f3n del Ministerio de Producci\u00f3n, Ciencia y Tecnolog\u00eda, particip\u00f3 de la final provincial de Agromakers 2023, iniciativa impulsada por la Fundaci\u00f3n Bolsa de Comercio de Rosario (Fundaci\u00f3n BCR) y el Laboratorio de Innovaci\u00f3n y Emprendimientos (LINE) de la Universidad Austral Rosario.<\/p>\n\n\n\n<p>La iniciativa, orientada a j\u00f3venes de escuelas t\u00e9cnicas y agrot\u00e9cnicas de la provincia, llev\u00f3 a cabo su quinta edici\u00f3n en la Bolsa de Comercio de Rosario. Se trata de una hackat\u00f3n de innovaci\u00f3n que busca promover la formaci\u00f3n de ideas, el emprendedurismo y el trabajo en equipo, como tambi\u00e9n incentivar a estudiantes a desarrollar propuestas innovadoras ante los desaf\u00edos reales que se atraviesan como sociedad.<\/p>\n\n\n\n<p>En la edici\u00f3n 2023, participaron m\u00e1s de 150 estudiantes y 22 docentes de localidades de toda la provincia, quienes se reunieron para presentar y evaluar los 26 proyectos que se destacaron en las etapas anteriores del programa. Adem\u00e1s, este a\u00f1o tambi\u00e9n se consigui\u00f3 financiamiento del Consejo Federal de Inversiones.<\/p>\n\n\n\n<p>Al respecto, la secretaria de Ciencia, Tecnolog\u00eda e Innovaci\u00f3n, Marina Baima, afirm\u00f3: \u201cAgroMakers es la m\u00e1xima expresi\u00f3n de unir el campo, el desarrollo de nuestros j\u00f3venes y tambi\u00e9n unir nuevos momentos de formaci\u00f3n. Es una iniciativa que pone en evidencia la importancia de la cooperaci\u00f3n p\u00fablico privada. No podr\u00eda ser ni de un lado ni del otro, sino que el sector p\u00fablico impulsando y ampliando la llegada, pero tambi\u00e9n con el sector privado, que sabe muy bien cu\u00e1les son las necesidades y en este caso, la focalizaci\u00f3n sobre los Objetivos de Desarrollo Sostenible: agro, ambiente y cambio clim\u00e1tico\u201d.<\/p>\n\n\n\n<p>\u201cRealmente es un orgullo que m\u00e1s de 150 chicos y chicas a trav\u00e9s de 26 proyectos que han sido seleccionados para esta final provincial, han pasado de distintas regionales las instancias locales y resultaron las mejores soluciones que estuvieron durante todo un d\u00eda co-creando junto a mentores especialistas y en los cuales realmente vemos la participaci\u00f3n de distintos lugares de las cinco regiones que tiene nuestra provincia de Santa Fe y en la cual cada uno de los chicos y las chicas han decidido impactar desde su metro cuadrado\u201d, expres\u00f3 Baima.<\/p>\n\n\n\n<p>\u201cCelebramos la inversi\u00f3n y la decisi\u00f3n pol\u00edtica de invertir en ciencia y tecnolog\u00eda con arraigo, en ciencia y tecnolog\u00eda situada. Y eso es lo que vamos a seguir trabajando en una unidad fuerte para pensar el futuro y los desaf\u00edos de la provincia de Santa Fe\u201d, finaliz\u00f3 la funcionaria.<\/p>\n\n\n\n<p>De la actividad participaron: el director provincial de Gesti\u00f3n para el Desarrollo, Germ\u00e1n Wirsch; el presidente de la BCR, Miguel Simioni; la gerenta de Sostenibilidad y Fundaci\u00f3n de la BCR, Anaclara Dalle Valle; y la coordinadora del LINE de la Universidad Austral, Victoria Cerrano.<\/p>\n\n\n\n<figure class=\"wp-block-image size-full\"><a href=\"http:\/\/armstrongyregion.com.ar\/diario\/wp-content\/uploads\/2023\/11\/agromakers2-.jpg\"><img loading=\"lazy\" decoding=\"async\" width=\"750\" height=\"500\" src=\"http:\/\/armstrongyregion.com.ar\/diario\/wp-content\/uploads\/2023\/11\/agromakers2-.jpg\" alt=\"\" class=\"wp-image-40864\" srcset=\"https:\/\/armstrongyregion.com.ar\/diario\/wp-content\/uploads\/2023\/11\/agromakers2-.jpg 750w, https:\/\/armstrongyregion.com.ar\/diario\/wp-content\/uploads\/2023\/11\/agromakers2--300x200.jpg 300w\" sizes=\"auto, (max-width: 750px) 100vw, 750px\" \/><\/a><\/figure>\n\n\n\n<p><strong>PROYECTOS GANADORES<\/strong><\/p>\n\n\n\n<p>Las iniciativas ganadoras de este a\u00f1o fueron:<\/p>\n\n\n\n<p>&gt; 1\u00b0 puesto: Agrodex &#8211; Landeta<\/p>\n\n\n\n<p>&gt; 2\u00b0 puesto: Forraje Verde Hidrop\u00f3nico &#8211; Villa Guillermina<\/p>\n\n\n\n<p>&gt; 3\u00b0 puesto: Aquosfera &#8211; Villa Minettti<\/p>\n\n\n\n<p>Menciones especiales:<\/p>\n\n\n\n<p>&gt; Caf\u00e9 Do\u00f1a Rosa &#8211; Bigand<\/p>\n\n\n\n<p>&gt; Entofusi\u00f3n &#8211; Las Toscas<\/p>\n\n\n\n<p><strong>SOBRE EL PROGRAMA<\/strong><\/p>\n\n\n\n<p>Agromakers es una iniciativa intensiva de co-creaci\u00f3n destinada a j\u00f3venes de los \u00faltimos a\u00f1os de escuelas secundarias t\u00e9cnicas y agrot\u00e9cnicas, para que en equipos y junto con la comunidad, desarrollen propuestas innovadoras ante una serie de desaf\u00edos glocales (glocales y locales) que se les presentan.<\/p>\n\n\n\n<p>En Agromakers colaboran instituciones que participan a trav\u00e9s de mentor\u00edas, es decir, participan profesionales y especialistas que se destacan por su expertise en alguno de los desaf\u00edos a trabajar o que tienen trayectoria en el mundo de los negocios. Entre ellas se destacan: Bolsa de Comercio de Rosario y Fundaci\u00f3n BCR; Universidad Austral; Xerendip Company Builder; Polo Tecnol\u00f3gico de Rosario; INTA; Secretar\u00eda de Ciencia, Tecnolog\u00eda e Innovaci\u00f3n; Secretar\u00eda de Cambio Clim\u00e1tico; Direcci\u00f3n Provincial de Escuelas T\u00e9cnicas; TECSO; Editorial Logos; Absolut Circular Economy; Hoss; Grupo Trascender; y Fundaci\u00f3n Matba Rofex.<\/p>\n","protected":false},"excerpt":{"rendered":"<p>La iniciativa, organizada conjuntamente por la Secretar\u00eda de Ciencia, Tecnolog\u00eda e Innovaci\u00f3n, la Fundaci\u00f3n Bolsa de Comercio Rosario y la Universidad Austral, busca promover el desarrollo emprendedor en estudiantes secundarios. El Gobierno de Santa Fe, a trav\u00e9s de la Secretar\u00eda de Ciencia, Tecnolog\u00eda e Innovaci\u00f3n del Ministerio de Producci\u00f3n, Ciencia y Tecnolog\u00eda, particip\u00f3 de la <a href=\"https:\/\/armstrongyregion.com.ar\/diario\/la-provincia-participo-de-la-final-provincial-de-agromakers-2023\/\" title=\"Read more\" >&#8230;<\/a><\/p>\n","protected":false},"author":1,"featured_media":40863,"comment_status":"open","ping_status":"open","sticky":false,"template":"","format":"image","meta":{"_jetpack_memberships_contains_paid_content":false,"footnotes":"","jetpack_publicize_message":"","jetpack_publicize_feature_enabled":true,"jetpack_social_post_already_shared":true,"jetpack_social_options":{"image_generator_settings":{"template":"highway","default_image_id":0,"enabled":false},"version":2}},"categories":[8,1,2,7,3],"tags":[10006,19,10005,8777,992],"class_list":["post-40862","post","type-post","status-publish","format-image","has-post-thumbnail","hentry","category-deliberando","category-diario-armstrong","category-locales","category-politica","category-region","tag-agromakers-2023","tag-de","tag-la-provincia","tag-lic-graciela-de-la-casa","tag-participo","post_format-post-format-image"],"jetpack_publicize_connections":[],"jetpack_featured_media_url":"https:\/\/armstrongyregion.com.ar\/diario\/wp-content\/uploads\/2023\/11\/AGROMAKERS.jpg","jetpack_shortlink":"https:\/\/wp.me\/p62QDO-aD4","jetpack_sharing_enabled":true,"amp_enabled":true,"_links":{"self":[{"href":"https:\/\/armstrongyregion.com.ar\/diario\/wp-json\/wp\/v2\/posts\/40862","targetHints":{"allow":["GET"]}}],"collection":[{"href":"https:\/\/armstrongyregion.com.ar\/diario\/wp-json\/wp\/v2\/posts"}],"about":[{"href":"https:\/\/armstrongyregion.com.ar\/diario\/wp-json\/wp\/v2\/types\/post"}],"author":[{"embeddable":true,"href":"https:\/\/armstrongyregion.com.ar\/diario\/wp-json\/wp\/v2\/users\/1"}],"replies":[{"embeddable":true,"href":"https:\/\/armstrongyregion.com.ar\/diario\/wp-json\/wp\/v2\/comments?post=40862"}],"version-history":[{"count":1,"href":"https:\/\/armstrongyregion.com.ar\/diario\/wp-json\/wp\/v2\/posts\/40862\/revisions"}],"predecessor-version":[{"id":40865,"href":"https:\/\/armstrongyregion.com.ar\/diario\/wp-json\/wp\/v2\/posts\/40862\/revisions\/40865"}],"wp:featuredmedia":[{"embeddable":true,"href":"https:\/\/armstrongyregion.com.ar\/diario\/wp-json\/wp\/v2\/media\/40863"}],"wp:attachment":[{"href":"https:\/\/armstrongyregion.com.ar\/diario\/wp-json\/wp\/v2\/media?parent=40862"}],"wp:term":[{"taxonomy":"category","embeddable":true,"href":"https:\/\/armstrongyregion.com.ar\/diario\/wp-json\/wp\/v2\/categories?post=40862"},{"taxonomy":"post_tag","embeddable":true,"href":"https:\/\/armstrongyregion.com.ar\/diario\/wp-json\/wp\/v2\/tags?post=40862"}],"curies":[{"name":"wp","href":"https:\/\/api.w.org\/{rel}","templated":true}]}}