{"id":40844,"date":"2023-11-14T20:56:51","date_gmt":"2023-11-14T20:56:51","guid":{"rendered":"https:\/\/armstrongyregion.com.ar\/diario\/?p=40844"},"modified":"2023-11-14T20:56:54","modified_gmt":"2023-11-14T20:56:54","slug":"feriado-del-15-de-noviembre-como-seran-los-servicios-en-la-ciudad","status":"publish","type":"post","link":"https:\/\/armstrongyregion.com.ar\/diario\/feriado-del-15-de-noviembre-como-seran-los-servicios-en-la-ciudad\/","title":{"rendered":"Feriado del 15 de noviembre: c\u00f3mo ser\u00e1n los servicios en la ciudad."},"content":{"rendered":"\n<figure class=\"wp-block-image size-full\"><a href=\"http:\/\/armstrongyregion.com.ar\/diario\/wp-content\/uploads\/2022\/07\/comunicado-recoleccion-residuos.jpg\"><img loading=\"lazy\" decoding=\"async\" width=\"685\" height=\"686\" src=\"http:\/\/armstrongyregion.com.ar\/diario\/wp-content\/uploads\/2022\/07\/comunicado-recoleccion-residuos.jpg\" alt=\"\" class=\"wp-image-35173\" srcset=\"https:\/\/armstrongyregion.com.ar\/diario\/wp-content\/uploads\/2022\/07\/comunicado-recoleccion-residuos.jpg 685w, https:\/\/armstrongyregion.com.ar\/diario\/wp-content\/uploads\/2022\/07\/comunicado-recoleccion-residuos-300x300.jpg 300w, https:\/\/armstrongyregion.com.ar\/diario\/wp-content\/uploads\/2022\/07\/comunicado-recoleccion-residuos-150x150.jpg 150w\" sizes=\"auto, (max-width: 685px) 100vw, 685px\" \/><\/a><\/figure>\n\n\n\n<h2 class=\"wp-block-heading\">\u00abMunicipalidad de Armstrong informa que debido al feriado provincial, el mi\u00e9rcoles 15 de noviembre permanecer\u00e1 cerrada y no se realizar\u00e1 la recolecci\u00f3n de residuos domiciliarios. Muchas gracias.\u00bb<\/h2>\n","protected":false},"excerpt":{"rendered":"<p>\u00abMunicipalidad de Armstrong informa que debido al feriado provincial, el mi\u00e9rcoles 15 de noviembre permanecer\u00e1 cerrada y no se realizar\u00e1 la recolecci\u00f3n de residuos domiciliarios. Muchas gracias.\u00bb<\/p>\n","protected":false},"author":1,"featured_media":35173,"comment_status":"open","ping_status":"open","sticky":false,"template":"","format":"image","meta":{"_jetpack_memberships_contains_paid_content":false,"footnotes":"","jetpack_publicize_message":"","jetpack_publicize_feature_enabled":true,"jetpack_social_post_already_shared":true,"jetpack_social_options":{"image_generator_settings":{"template":"highway","default_image_id":0,"enabled":false},"version":2}},"categories":[8,1,2,7,3],"tags":[9991,5016,4143,8777],"class_list":["post-40844","post","type-post","status-publish","format-image","has-post-thumbnail","hentry","category-deliberando","category-diario-armstrong","category-locales","category-politica","category-region","tag-15-de-noviembre","tag-armstrong-y-region","tag-feriado","tag-lic-graciela-de-la-casa","post_format-post-format-image"],"jetpack_publicize_connections":[],"jetpack_featured_media_url":"https:\/\/armstrongyregion.com.ar\/diario\/wp-content\/uploads\/2022\/07\/comunicado-recoleccion-residuos.jpg","jetpack_shortlink":"https:\/\/wp.me\/p62QDO-aCM","jetpack_sharing_enabled":true,"amp_enabled":true,"_links":{"self":[{"href":"https:\/\/armstrongyregion.com.ar\/diario\/wp-json\/wp\/v2\/posts\/40844","targetHints":{"allow":["GET"]}}],"collection":[{"href":"https:\/\/armstrongyregion.com.ar\/diario\/wp-json\/wp\/v2\/posts"}],"about":[{"href":"https:\/\/armstrongyregion.com.ar\/diario\/wp-json\/wp\/v2\/types\/post"}],"author":[{"embeddable":true,"href":"https:\/\/armstrongyregion.com.ar\/diario\/wp-json\/wp\/v2\/users\/1"}],"replies":[{"embeddable":true,"href":"https:\/\/armstrongyregion.com.ar\/diario\/wp-json\/wp\/v2\/comments?post=40844"}],"version-history":[{"count":1,"href":"https:\/\/armstrongyregion.com.ar\/diario\/wp-json\/wp\/v2\/posts\/40844\/revisions"}],"predecessor-version":[{"id":40845,"href":"https:\/\/armstrongyregion.com.ar\/diario\/wp-json\/wp\/v2\/posts\/40844\/revisions\/40845"}],"wp:featuredmedia":[{"embeddable":true,"href":"https:\/\/armstrongyregion.com.ar\/diario\/wp-json\/wp\/v2\/media\/35173"}],"wp:attachment":[{"href":"https:\/\/armstrongyregion.com.ar\/diario\/wp-json\/wp\/v2\/media?parent=40844"}],"wp:term":[{"taxonomy":"category","embeddable":true,"href":"https:\/\/armstrongyregion.com.ar\/diario\/wp-json\/wp\/v2\/categories?post=40844"},{"taxonomy":"post_tag","embeddable":true,"href":"https:\/\/armstrongyregion.com.ar\/diario\/wp-json\/wp\/v2\/tags?post=40844"}],"curies":[{"name":"wp","href":"https:\/\/api.w.org\/{rel}","templated":true}]}}