{"id":4084,"date":"2015-09-16T00:37:58","date_gmt":"2015-09-16T00:37:58","guid":{"rendered":"https:\/\/armstrongyregion.com.ar\/diario\/?p=4084"},"modified":"2015-09-16T00:37:58","modified_gmt":"2015-09-16T00:37:58","slug":"hay-una-denuncia-en-sede-policial-sobre-un-hecho-de-violencia-en-samco-local","status":"publish","type":"post","link":"https:\/\/armstrongyregion.com.ar\/diario\/hay-una-denuncia-en-sede-policial-sobre-un-hecho-de-violencia-en-samco-local\/","title":{"rendered":"Hay una denuncia en Sede Policial sobre un hecho de violencia en SAMCo local."},"content":{"rendered":"<p><a href=\"http:\/\/armstrongyregion.com.ar\/diario\/wp-content\/uploads\/2015\/09\/IMG-20150915-WA0004.jpg\"><img loading=\"lazy\" decoding=\"async\" class=\"alignnone size-medium wp-image-4085\" src=\"http:\/\/armstrongyregion.com.ar\/diario\/wp-content\/uploads\/2015\/09\/IMG-20150915-WA0004-300x169.jpg\" alt=\"Cristian-Marquez-\" width=\"300\" height=\"169\" srcset=\"https:\/\/armstrongyregion.com.ar\/diario\/wp-content\/uploads\/2015\/09\/IMG-20150915-WA0004-300x169.jpg 300w, https:\/\/armstrongyregion.com.ar\/diario\/wp-content\/uploads\/2015\/09\/IMG-20150915-WA0004-1024x575.jpg 1024w, https:\/\/armstrongyregion.com.ar\/diario\/wp-content\/uploads\/2015\/09\/IMG-20150915-WA0004.jpg 1296w\" sizes=\"auto, (max-width: 300px) 100vw, 300px\" \/><\/a>El episodio fue ratificado por el segundo jefe de la comisar\u00eda Cristian M\u00e1rquez, \u201cEfectivamente se ha recepcionado una denuncia por un hecho sucedido este lunes, seg\u00fan se toma conocimiento, donde una familia estar\u00eda protagonizando disturbios\u201d.<br \/>\nEl Sub-Comisario continu\u00f3, \u201cAl arribo se pudo constatar que una mujer de 42 a\u00f1os junto a su hijo hab\u00edan causado algunos da\u00f1os en el sector de enfermer\u00eda principalmente en la puerta y en la parte de curaciones, ya que hab\u00eda elementos en el piso. Esta persona reclamaba que la atiendan cuando el personal de enfermer\u00eda estaba de paro\u201d.<br \/>\nEl caso se encuentra en pleno proceso de investigaci\u00f3n, continuo M\u00e1rquez ante la pregunta si alguna enfermera fue agredida f\u00edsicamente.<\/p>\n","protected":false},"excerpt":{"rendered":"<p>El episodio fue ratificado por el segundo jefe de la comisar\u00eda Cristian M\u00e1rquez, \u201cEfectivamente se ha recepcionado una denuncia por un hecho sucedido este lunes, seg\u00fan se toma conocimiento, donde una familia estar\u00eda protagonizando disturbios\u201d. El Sub-Comisario continu\u00f3, \u201cAl arribo se pudo constatar que una mujer de 42 a\u00f1os junto a su hijo hab\u00edan causado <a href=\"https:\/\/armstrongyregion.com.ar\/diario\/hay-una-denuncia-en-sede-policial-sobre-un-hecho-de-violencia-en-samco-local\/\" title=\"Read more\" >&#8230;<\/a><\/p>\n","protected":false},"author":2,"featured_media":4085,"comment_status":"open","ping_status":"open","sticky":false,"template":"","format":"standard","meta":{"_jetpack_memberships_contains_paid_content":false,"footnotes":"","jetpack_publicize_message":"","jetpack_publicize_feature_enabled":true,"jetpack_social_post_already_shared":false,"jetpack_social_options":{"image_generator_settings":{"template":"highway","default_image_id":0,"enabled":false},"version":2}},"categories":[1,2,3],"tags":[19,1881,15,562,894,1200,692,54,2748,118,192,103,1897],"class_list":["post-4084","post","type-post","status-publish","format-standard","has-post-thumbnail","hentry","category-diario-armstrong","category-locales","category-region","tag-de","tag-denuncia","tag-en","tag-hay","tag-hecho","tag-local","tag-policial","tag-samco","tag-sede","tag-sobre","tag-un","tag-una","tag-violencia"],"jetpack_publicize_connections":[],"jetpack_featured_media_url":"https:\/\/armstrongyregion.com.ar\/diario\/wp-content\/uploads\/2015\/09\/IMG-20150915-WA0004.jpg","jetpack_shortlink":"https:\/\/wp.me\/p62QDO-13S","jetpack_sharing_enabled":true,"amp_enabled":true,"_links":{"self":[{"href":"https:\/\/armstrongyregion.com.ar\/diario\/wp-json\/wp\/v2\/posts\/4084","targetHints":{"allow":["GET"]}}],"collection":[{"href":"https:\/\/armstrongyregion.com.ar\/diario\/wp-json\/wp\/v2\/posts"}],"about":[{"href":"https:\/\/armstrongyregion.com.ar\/diario\/wp-json\/wp\/v2\/types\/post"}],"author":[{"embeddable":true,"href":"https:\/\/armstrongyregion.com.ar\/diario\/wp-json\/wp\/v2\/users\/2"}],"replies":[{"embeddable":true,"href":"https:\/\/armstrongyregion.com.ar\/diario\/wp-json\/wp\/v2\/comments?post=4084"}],"version-history":[{"count":0,"href":"https:\/\/armstrongyregion.com.ar\/diario\/wp-json\/wp\/v2\/posts\/4084\/revisions"}],"wp:featuredmedia":[{"embeddable":true,"href":"https:\/\/armstrongyregion.com.ar\/diario\/wp-json\/wp\/v2\/media\/4085"}],"wp:attachment":[{"href":"https:\/\/armstrongyregion.com.ar\/diario\/wp-json\/wp\/v2\/media?parent=4084"}],"wp:term":[{"taxonomy":"category","embeddable":true,"href":"https:\/\/armstrongyregion.com.ar\/diario\/wp-json\/wp\/v2\/categories?post=4084"},{"taxonomy":"post_tag","embeddable":true,"href":"https:\/\/armstrongyregion.com.ar\/diario\/wp-json\/wp\/v2\/tags?post=4084"}],"curies":[{"name":"wp","href":"https:\/\/api.w.org\/{rel}","templated":true}]}}