{"id":40837,"date":"2023-11-14T20:02:40","date_gmt":"2023-11-14T20:02:40","guid":{"rendered":"https:\/\/armstrongyregion.com.ar\/diario\/?p=40837"},"modified":"2023-11-14T20:02:43","modified_gmt":"2023-11-14T20:02:43","slug":"verdecchia-entrego-el-ultimo-f-a-e-como-intendente","status":"publish","type":"post","link":"https:\/\/armstrongyregion.com.ar\/diario\/verdecchia-entrego-el-ultimo-f-a-e-como-intendente\/","title":{"rendered":"Verdecchia entreg\u00f3 el \u00faltimo F.A.E. como Intendente."},"content":{"rendered":"\n<figure class=\"wp-block-image size-full\"><a href=\"http:\/\/armstrongyregion.com.ar\/diario\/wp-content\/uploads\/2023\/11\/Verdechia-fae-1-a-.jpg\"><img loading=\"lazy\" decoding=\"async\" width=\"675\" height=\"450\" src=\"http:\/\/armstrongyregion.com.ar\/diario\/wp-content\/uploads\/2023\/11\/Verdechia-fae-1-a-.jpg\" alt=\"\" class=\"wp-image-40838\" srcset=\"https:\/\/armstrongyregion.com.ar\/diario\/wp-content\/uploads\/2023\/11\/Verdechia-fae-1-a-.jpg 675w, https:\/\/armstrongyregion.com.ar\/diario\/wp-content\/uploads\/2023\/11\/Verdechia-fae-1-a--300x200.jpg 300w\" sizes=\"auto, (max-width: 675px) 100vw, 675px\" \/><\/a><\/figure>\n\n\n\n<p>El martes 14 de noviembre en el sal\u00f3n San Mart\u00edn de la Municipalidad de Armstrong, el Dr. Pablo Verdecchia hizo la \u00faltima entrega del Fondo de Asistencia Educativa (F.A.E.) en su cargo de Intendente.<\/p>\n\n\n\n<figure class=\"wp-block-image size-full\"><a href=\"http:\/\/armstrongyregion.com.ar\/diario\/wp-content\/uploads\/2023\/11\/14.11.6.jpg\"><img loading=\"lazy\" decoding=\"async\" width=\"338\" height=\"225\" src=\"http:\/\/armstrongyregion.com.ar\/diario\/wp-content\/uploads\/2023\/11\/14.11.6.jpg\" alt=\"\" class=\"wp-image-40839\" srcset=\"https:\/\/armstrongyregion.com.ar\/diario\/wp-content\/uploads\/2023\/11\/14.11.6.jpg 338w, https:\/\/armstrongyregion.com.ar\/diario\/wp-content\/uploads\/2023\/11\/14.11.6-300x200.jpg 300w\" sizes=\"auto, (max-width: 338px) 100vw, 338px\" \/><\/a><\/figure>\n\n\n\n<p>En la oportunidad, el aporte total que hizo a las escuelas y Biblioteca Popular Sarmiento es de $ 2.696.000 correspondientes a los meses de noviembre y diciembre 2023, excepto las Escuelas N\u00b0 51 y N\u00b0 33 que en el mes de agosto hab\u00edan recibido el F.A.E. adelantado hasta el mes de diciembre inclusive.<\/p>\n\n\n\n<figure class=\"wp-block-image size-full\"><a href=\"http:\/\/armstrongyregion.com.ar\/diario\/wp-content\/uploads\/2023\/11\/14.11.1.jpg\"><img loading=\"lazy\" decoding=\"async\" width=\"338\" height=\"225\" src=\"http:\/\/armstrongyregion.com.ar\/diario\/wp-content\/uploads\/2023\/11\/14.11.1.jpg\" alt=\"\" class=\"wp-image-40840\" srcset=\"https:\/\/armstrongyregion.com.ar\/diario\/wp-content\/uploads\/2023\/11\/14.11.1.jpg 338w, https:\/\/armstrongyregion.com.ar\/diario\/wp-content\/uploads\/2023\/11\/14.11.1-300x200.jpg 300w\" sizes=\"auto, (max-width: 338px) 100vw, 338px\" \/><\/a><\/figure>\n\n\n\n<p>El funcionario resalt\u00f3 que se le dio a este aporte la trascendencia que corresponde recordando que al asumir su gesti\u00f3n no s\u00f3lo hab\u00eda una deuda importante con las instituciones sino que el a\u00f1o anterior se hab\u00edan entregado solamente seis meses.<\/p>\n\n\n\n<figure class=\"wp-block-image size-full\"><a href=\"http:\/\/armstrongyregion.com.ar\/diario\/wp-content\/uploads\/2023\/11\/14.11.3.jpg\"><img loading=\"lazy\" decoding=\"async\" width=\"675\" height=\"450\" src=\"http:\/\/armstrongyregion.com.ar\/diario\/wp-content\/uploads\/2023\/11\/14.11.3.jpg\" alt=\"\" class=\"wp-image-40841\" srcset=\"https:\/\/armstrongyregion.com.ar\/diario\/wp-content\/uploads\/2023\/11\/14.11.3.jpg 675w, https:\/\/armstrongyregion.com.ar\/diario\/wp-content\/uploads\/2023\/11\/14.11.3-300x200.jpg 300w\" sizes=\"auto, (max-width: 675px) 100vw, 675px\" \/><\/a><\/figure>\n\n\n\n<p>\u201cEl F.A.E. ha sido fundamental como opci\u00f3n a la hora de la preservaci\u00f3n de los edificios escolares. Esa pol\u00edtica que se inici\u00f3 en su momento para darle seguridad a los chicos ha sido muy importante y estamos orgullosos. La educaci\u00f3n es prioridad para nosotros, creemos en la educaci\u00f3n como motor de desarrollo de un pa\u00eds y de la sociedad\u201d, dijo.<\/p>\n\n\n\n<figure class=\"wp-block-image size-full\"><a href=\"http:\/\/armstrongyregion.com.ar\/diario\/wp-content\/uploads\/2023\/11\/14.11.5.jpg\"><img loading=\"lazy\" decoding=\"async\" width=\"675\" height=\"450\" src=\"http:\/\/armstrongyregion.com.ar\/diario\/wp-content\/uploads\/2023\/11\/14.11.5.jpg\" alt=\"\" class=\"wp-image-40842\" srcset=\"https:\/\/armstrongyregion.com.ar\/diario\/wp-content\/uploads\/2023\/11\/14.11.5.jpg 675w, https:\/\/armstrongyregion.com.ar\/diario\/wp-content\/uploads\/2023\/11\/14.11.5-300x200.jpg 300w\" sizes=\"auto, (max-width: 675px) 100vw, 675px\" \/><\/a><\/figure>\n","protected":false},"excerpt":{"rendered":"<p>El martes 14 de noviembre en el sal\u00f3n San Mart\u00edn de la Municipalidad de Armstrong, el Dr. Pablo Verdecchia hizo la \u00faltima entrega del Fondo de Asistencia Educativa (F.A.E.) en su cargo de Intendente. En la oportunidad, el aporte total que hizo a las escuelas y Biblioteca Popular Sarmiento es de $ 2.696.000 correspondientes a <a href=\"https:\/\/armstrongyregion.com.ar\/diario\/verdecchia-entrego-el-ultimo-f-a-e-como-intendente\/\" title=\"Read more\" >&#8230;<\/a><\/p>\n","protected":false},"author":1,"featured_media":40839,"comment_status":"open","ping_status":"open","sticky":false,"template":"","format":"image","meta":{"_jetpack_memberships_contains_paid_content":false,"footnotes":"","jetpack_publicize_message":"","jetpack_publicize_feature_enabled":true,"jetpack_social_post_already_shared":true,"jetpack_social_options":{"image_generator_settings":{"template":"highway","default_image_id":0,"enabled":false},"version":2}},"categories":[8,1,2,7,3],"tags":[572,16,112,8620,8503,8777,205],"class_list":["post-40837","post","type-post","status-publish","format-image","has-post-thumbnail","hentry","category-deliberando","category-diario-armstrong","category-locales","category-politica","category-region","tag-como","tag-el","tag-entrego","tag-fae-2","tag-intendente-2","tag-lic-graciela-de-la-casa","tag-verdecchia","post_format-post-format-image"],"jetpack_publicize_connections":[],"jetpack_featured_media_url":"https:\/\/armstrongyregion.com.ar\/diario\/wp-content\/uploads\/2023\/11\/14.11.6.jpg","jetpack_shortlink":"https:\/\/wp.me\/p62QDO-aCF","jetpack_sharing_enabled":true,"amp_enabled":true,"_links":{"self":[{"href":"https:\/\/armstrongyregion.com.ar\/diario\/wp-json\/wp\/v2\/posts\/40837","targetHints":{"allow":["GET"]}}],"collection":[{"href":"https:\/\/armstrongyregion.com.ar\/diario\/wp-json\/wp\/v2\/posts"}],"about":[{"href":"https:\/\/armstrongyregion.com.ar\/diario\/wp-json\/wp\/v2\/types\/post"}],"author":[{"embeddable":true,"href":"https:\/\/armstrongyregion.com.ar\/diario\/wp-json\/wp\/v2\/users\/1"}],"replies":[{"embeddable":true,"href":"https:\/\/armstrongyregion.com.ar\/diario\/wp-json\/wp\/v2\/comments?post=40837"}],"version-history":[{"count":1,"href":"https:\/\/armstrongyregion.com.ar\/diario\/wp-json\/wp\/v2\/posts\/40837\/revisions"}],"predecessor-version":[{"id":40843,"href":"https:\/\/armstrongyregion.com.ar\/diario\/wp-json\/wp\/v2\/posts\/40837\/revisions\/40843"}],"wp:featuredmedia":[{"embeddable":true,"href":"https:\/\/armstrongyregion.com.ar\/diario\/wp-json\/wp\/v2\/media\/40839"}],"wp:attachment":[{"href":"https:\/\/armstrongyregion.com.ar\/diario\/wp-json\/wp\/v2\/media?parent=40837"}],"wp:term":[{"taxonomy":"category","embeddable":true,"href":"https:\/\/armstrongyregion.com.ar\/diario\/wp-json\/wp\/v2\/categories?post=40837"},{"taxonomy":"post_tag","embeddable":true,"href":"https:\/\/armstrongyregion.com.ar\/diario\/wp-json\/wp\/v2\/tags?post=40837"}],"curies":[{"name":"wp","href":"https:\/\/api.w.org\/{rel}","templated":true}]}}