{"id":40834,"date":"2023-11-14T19:43:06","date_gmt":"2023-11-14T19:43:06","guid":{"rendered":"https:\/\/armstrongyregion.com.ar\/diario\/?p=40834"},"modified":"2023-11-14T19:43:09","modified_gmt":"2023-11-14T19:43:09","slug":"la-provincia-conmemoro-el-dia-mundial-de-la-diabetes","status":"publish","type":"post","link":"https:\/\/armstrongyregion.com.ar\/diario\/la-provincia-conmemoro-el-dia-mundial-de-la-diabetes\/","title":{"rendered":"La provincia conmemor\u00f3 el D\u00eda Mundial de la Diabetes."},"content":{"rendered":"\n<figure class=\"wp-block-image size-full\"><a href=\"http:\/\/armstrongyregion.com.ar\/diario\/wp-content\/uploads\/2023\/11\/dia-mundial-diabetes-.jpg\"><img loading=\"lazy\" decoding=\"async\" width=\"342\" height=\"275\" src=\"http:\/\/armstrongyregion.com.ar\/diario\/wp-content\/uploads\/2023\/11\/dia-mundial-diabetes-.jpg\" alt=\"\" class=\"wp-image-40835\" srcset=\"https:\/\/armstrongyregion.com.ar\/diario\/wp-content\/uploads\/2023\/11\/dia-mundial-diabetes-.jpg 342w, https:\/\/armstrongyregion.com.ar\/diario\/wp-content\/uploads\/2023\/11\/dia-mundial-diabetes--300x241.jpg 300w\" sizes=\"auto, (max-width: 342px) 100vw, 342px\" \/><\/a><\/figure>\n\n\n\n<h2 class=\"wp-block-heading\">Esta enfermedad se presenta como una epidemia mundial. El diagnostico precoz, a trav\u00e9s de una consulta m\u00e9dica y un laboratorio de rutina, un tratamiento oportuno y adecuado, disminuye las complicaciones.<\/h2>\n\n\n\n<p>El Ministerio de Salud provincial realiz\u00f3 este martes una actividad en la plaza San Mart\u00edn de la ciudad de Rosario con el objeto de conmemorar el D\u00eda Mundial de la Diabetes.<\/p>\n\n\n\n<p>All\u00ed los vecinos pudieron realizarse diferentes estudios, como por ejemplo la encuesta de Findrisk (la cual mide la probabilidad de padecer la enfermedad), controles de glucemia, presi\u00f3n arterial, peso, per\u00edmetro abdominal, talla y educaci\u00f3n nutricional.<\/p>\n\n\n\n<p>Al respecto, la directora de Territorios Saludables, Giovanna G\u00f3mez, indic\u00f3 que el objetivo de esta acci\u00f3n es \u201csensibilizar a la poblaci\u00f3n sobre la importancia de la detecci\u00f3n temprana de esta enfermedad por las complicaciones graves que conlleva\u201d.<\/p>\n\n\n\n<p>Quienes se acercaron a la plaza tambi\u00e9n pudieron consultar con una nutricionista, quien brind\u00f3 \u201cherramientas con el objetivo de lograr una alimentaci\u00f3n saludable, consumir frutas, verduras, agua sobre, todo en estos meses en los cuales la temperatura va en aumento y la hidrataci\u00f3n es muy importante. No consumir alcohol, evitar el tabaco y realizar actividad f\u00edsica diariamente\u201d, agreg\u00f3 G\u00f3mez.<\/p>\n\n\n\n<p>Asimismo, la funcionaria destac\u00f3 que \u201cla pata m\u00e1s importante es la prevenci\u00f3n de esta enfermedad que es una enfermedad silente, que cuando causa s\u00edntomas ya provoc\u00f3 alg\u00fan da\u00f1o en nuestro cuerpo. Esa es la importancia de estar hoy realizando prevenci\u00f3n y detecci\u00f3n precoz para todos, es para poder prevenir las complicaciones\u201d.<\/p>\n\n\n\n<p>Finalmente, G\u00f3mez mencion\u00f3 que \u201cest\u00e1 aumentando el sedentarismo, eso se vio en la \u00faltima encuesta de factores de riesgo, por eso desde el Ministerio de Salud estamos haciendo \u00e9nfasis en la promoci\u00f3n de los h\u00e1bitos saludables. El sedentarismo lleva a un aumento de las enfermedades cardiovasculares, y a la diabetes, por eso es importante estar cerca de las personas y poder demostrarles lo importante que es con cambios m\u00ednimos, en la diaria, podemos prevenir complicaciones de salud\u201d.<\/p>\n\n\n\n<p><strong>DIABETES<\/strong><br>Esta enfermedad se presenta como una epidemia mundial, relacionada con el r\u00e1pido aumento del sobrepeso y la obesidad, favorecido por la alimentaci\u00f3n inadecuada, el sedentarismo y la actividad f\u00edsica insuficiente, sumado al crecimiento y envejecimiento de la poblaci\u00f3n. Si no es controlada, es una importante causa de ceguera, insuficiencia renal, infarto de miocardio, accidente cerebrovascular y amputaci\u00f3n de los miembros inferiores.<\/p>\n\n\n\n<p>El diagnostico precoz, a trav\u00e9s de una consulta m\u00e9dica y un laboratorio de rutina, un tratamiento oportuno y adecuado, disminuye las complicaciones.<\/p>\n\n\n\n<p><strong>DATOS ESTAD\u00cdSTICOS<\/strong><br>La provincia de Santa Fe presenta un 13,5% de prevalencia de esta enfermedad en mayores de 18 a\u00f1os, por lo cual el objetivo es la detecci\u00f3n precoz en poblaci\u00f3n de riesgo, capacitaciones al personal de salud en actualizaciones constantes en el tratamiento y abordaje de la misma.<\/p>\n\n\n\n<p>En el primer cuatrimestre del 2023 se realizaron 60.535 consultas por diabetes, siendo que en todo el 2022 hubo un total de 87.406, en 2021 fueron 68790 y en 2020 alcanzaron las 55.635.<\/p>\n\n\n\n<p>Desde el Ministerio de Salud se implementaron varias acciones para la detecci\u00f3n precoz, y que los pacientes que padecen esta enfermedad puedan dar un salto en calidad:<\/p>\n\n\n\n<p>&gt;&gt; Red Asistencial en Pie Diab\u00e9tico, con entrega de insumos para su detecci\u00f3n y capacitaciones peri\u00f3dicas al personal de salud sobre el abordaje del mismo.<\/p>\n\n\n\n<p>&gt;&gt; Traspaso de la insulina en presentaci\u00f3n de frasco a lapiceras prellenadas en todos los pacientes diab\u00e9ticos insulinizados, acompa\u00f1ando el avance tecnol\u00f3gico en el tratamiento de la diabetes.<\/p>\n\n\n\n<p>&gt;&gt; Actualizaci\u00f3n del tratamiento de la diabetes con la incorporaci\u00f3n de nuevas drogas, como los Inhibidores de DPP4, SGLT2, Bombas de Insulina, An\u00e1logos GLP1 y glucag\u00f3n dando un salto de calidad en el mismo.<\/p>\n\n\n\n<p>&gt;&gt; Talleres presenciales y virtuales sobre educaci\u00f3n diabetol\u00f3gica y promoci\u00f3n del autocuidado a pacientes que padecen esta enfermedad.<\/p>\n","protected":false},"excerpt":{"rendered":"<p>Esta enfermedad se presenta como una epidemia mundial. El diagnostico precoz, a trav\u00e9s de una consulta m\u00e9dica y un laboratorio de rutina, un tratamiento oportuno y adecuado, disminuye las complicaciones. El Ministerio de Salud provincial realiz\u00f3 este martes una actividad en la plaza San Mart\u00edn de la ciudad de Rosario con el objeto de conmemorar <a href=\"https:\/\/armstrongyregion.com.ar\/diario\/la-provincia-conmemoro-el-dia-mundial-de-la-diabetes\/\" title=\"Read more\" >&#8230;<\/a><\/p>\n","protected":false},"author":1,"featured_media":40835,"comment_status":"open","ping_status":"open","sticky":false,"template":"","format":"image","meta":{"_jetpack_memberships_contains_paid_content":false,"footnotes":"","jetpack_publicize_message":"","jetpack_publicize_feature_enabled":true,"jetpack_social_post_already_shared":true,"jetpack_social_options":{"image_generator_settings":{"template":"highway","default_image_id":0,"enabled":false},"version":2}},"categories":[8,1,2,7,4,3],"tags":[1326,9988,31,8777,8640],"class_list":["post-40834","post","type-post","status-publish","format-image","has-post-thumbnail","hentry","category-deliberando","category-diario-armstrong","category-locales","category-politica","category-prevencion-salud","category-region","tag-conmemoro","tag-dia-mundial-de-diabetes","tag-la","tag-lic-graciela-de-la-casa","tag-provincia-2","post_format-post-format-image"],"jetpack_publicize_connections":[],"jetpack_featured_media_url":"https:\/\/armstrongyregion.com.ar\/diario\/wp-content\/uploads\/2023\/11\/dia-mundial-diabetes-.jpg","jetpack_shortlink":"https:\/\/wp.me\/p62QDO-aCC","jetpack_sharing_enabled":true,"amp_enabled":true,"_links":{"self":[{"href":"https:\/\/armstrongyregion.com.ar\/diario\/wp-json\/wp\/v2\/posts\/40834","targetHints":{"allow":["GET"]}}],"collection":[{"href":"https:\/\/armstrongyregion.com.ar\/diario\/wp-json\/wp\/v2\/posts"}],"about":[{"href":"https:\/\/armstrongyregion.com.ar\/diario\/wp-json\/wp\/v2\/types\/post"}],"author":[{"embeddable":true,"href":"https:\/\/armstrongyregion.com.ar\/diario\/wp-json\/wp\/v2\/users\/1"}],"replies":[{"embeddable":true,"href":"https:\/\/armstrongyregion.com.ar\/diario\/wp-json\/wp\/v2\/comments?post=40834"}],"version-history":[{"count":1,"href":"https:\/\/armstrongyregion.com.ar\/diario\/wp-json\/wp\/v2\/posts\/40834\/revisions"}],"predecessor-version":[{"id":40836,"href":"https:\/\/armstrongyregion.com.ar\/diario\/wp-json\/wp\/v2\/posts\/40834\/revisions\/40836"}],"wp:featuredmedia":[{"embeddable":true,"href":"https:\/\/armstrongyregion.com.ar\/diario\/wp-json\/wp\/v2\/media\/40835"}],"wp:attachment":[{"href":"https:\/\/armstrongyregion.com.ar\/diario\/wp-json\/wp\/v2\/media?parent=40834"}],"wp:term":[{"taxonomy":"category","embeddable":true,"href":"https:\/\/armstrongyregion.com.ar\/diario\/wp-json\/wp\/v2\/categories?post=40834"},{"taxonomy":"post_tag","embeddable":true,"href":"https:\/\/armstrongyregion.com.ar\/diario\/wp-json\/wp\/v2\/tags?post=40834"}],"curies":[{"name":"wp","href":"https:\/\/api.w.org\/{rel}","templated":true}]}}