{"id":40820,"date":"2023-11-12T02:53:47","date_gmt":"2023-11-12T02:53:47","guid":{"rendered":"https:\/\/armstrongyregion.com.ar\/diario\/?p=40820"},"modified":"2023-11-12T02:53:49","modified_gmt":"2023-11-12T02:53:49","slug":"armstrong-este-domingo-12-de-noviembre-hay-feria","status":"publish","type":"post","link":"https:\/\/armstrongyregion.com.ar\/diario\/armstrong-este-domingo-12-de-noviembre-hay-feria\/","title":{"rendered":"Armstrong. Este domingo 12 de noviembre hay feria."},"content":{"rendered":"\n<figure class=\"wp-block-image size-full\"><a href=\"http:\/\/armstrongyregion.com.ar\/diario\/wp-content\/uploads\/2023\/11\/feria__12_NOV_2023_sq.jpg\"><img loading=\"lazy\" decoding=\"async\" width=\"390\" height=\"390\" src=\"http:\/\/armstrongyregion.com.ar\/diario\/wp-content\/uploads\/2023\/11\/feria__12_NOV_2023_sq.jpg\" alt=\"\" class=\"wp-image-40821\" srcset=\"https:\/\/armstrongyregion.com.ar\/diario\/wp-content\/uploads\/2023\/11\/feria__12_NOV_2023_sq.jpg 390w, https:\/\/armstrongyregion.com.ar\/diario\/wp-content\/uploads\/2023\/11\/feria__12_NOV_2023_sq-300x300.jpg 300w, https:\/\/armstrongyregion.com.ar\/diario\/wp-content\/uploads\/2023\/11\/feria__12_NOV_2023_sq-150x150.jpg 150w\" sizes=\"auto, (max-width: 390px) 100vw, 390px\" \/><\/a><\/figure>\n\n\n\n<h2 class=\"wp-block-heading\">La Municipalidad de Armstrong invita a la tradicional Feria Sabores y Colores Locales que se realizar\u00e1 este domingo 12 de noviembre desde las 15:30 hs. En el parque recreativo Bracito Fuerte.<\/h2>\n\n\n\n<p>Estar\u00e1 funcionando la calesita \u201cEl Profe\u201d, habr\u00e1 sorteos en los stands, servicio de buffet, buena m\u00fasica, y los emprendedores de nuestra ciudad y la regi\u00f3n que ofrecer\u00e1n su amplia variedad de productos elaborados artesanalmente.<\/p>\n\n\n\n<p>En esta oportunidad se propondr\u00e1 al p\u00fablico sumarse a una clase abierta de zumba, y se presentar\u00e1n las alumnas de zumba kids junto a la Profesora Florencia Bonetto.<\/p>\n\n\n\n<p>Se espera a las familias para pasar una hermosa tarde en este espacio ya elegido por todos, apoyando a la econom\u00eda social.<\/p>\n\n\n\n<p>Se suspende por lluvia.<\/p>\n","protected":false},"excerpt":{"rendered":"<p>La Municipalidad de Armstrong invita a la tradicional Feria Sabores y Colores Locales que se realizar\u00e1 este domingo 12 de noviembre desde las 15:30 hs. En el parque recreativo Bracito Fuerte. Estar\u00e1 funcionando la calesita \u201cEl Profe\u201d, habr\u00e1 sorteos en los stands, servicio de buffet, buena m\u00fasica, y los emprendedores de nuestra ciudad y la <a href=\"https:\/\/armstrongyregion.com.ar\/diario\/armstrong-este-domingo-12-de-noviembre-hay-feria\/\" title=\"Read more\" >&#8230;<\/a><\/p>\n","protected":false},"author":1,"featured_media":40821,"comment_status":"open","ping_status":"open","sticky":false,"template":"","format":"image","meta":{"_jetpack_memberships_contains_paid_content":false,"footnotes":"","jetpack_publicize_message":"","jetpack_publicize_feature_enabled":true,"jetpack_social_post_already_shared":true,"jetpack_social_options":{"image_generator_settings":{"template":"highway","default_image_id":0,"enabled":false},"version":2}},"categories":[8,1,2,7,3],"tags":[9986,20,9985,1725,8777],"class_list":["post-40820","post","type-post","status-publish","format-image","has-post-thumbnail","hentry","category-deliberando","category-diario-armstrong","category-locales","category-politica","category-region","tag-12-de-noviembre","tag-armstrong","tag-colores-y-sabores","tag-feria","tag-lic-graciela-de-la-casa","post_format-post-format-image"],"jetpack_publicize_connections":[],"jetpack_featured_media_url":"https:\/\/armstrongyregion.com.ar\/diario\/wp-content\/uploads\/2023\/11\/feria__12_NOV_2023_sq.jpg","jetpack_shortlink":"https:\/\/wp.me\/p62QDO-aCo","jetpack_sharing_enabled":true,"amp_enabled":true,"_links":{"self":[{"href":"https:\/\/armstrongyregion.com.ar\/diario\/wp-json\/wp\/v2\/posts\/40820","targetHints":{"allow":["GET"]}}],"collection":[{"href":"https:\/\/armstrongyregion.com.ar\/diario\/wp-json\/wp\/v2\/posts"}],"about":[{"href":"https:\/\/armstrongyregion.com.ar\/diario\/wp-json\/wp\/v2\/types\/post"}],"author":[{"embeddable":true,"href":"https:\/\/armstrongyregion.com.ar\/diario\/wp-json\/wp\/v2\/users\/1"}],"replies":[{"embeddable":true,"href":"https:\/\/armstrongyregion.com.ar\/diario\/wp-json\/wp\/v2\/comments?post=40820"}],"version-history":[{"count":1,"href":"https:\/\/armstrongyregion.com.ar\/diario\/wp-json\/wp\/v2\/posts\/40820\/revisions"}],"predecessor-version":[{"id":40822,"href":"https:\/\/armstrongyregion.com.ar\/diario\/wp-json\/wp\/v2\/posts\/40820\/revisions\/40822"}],"wp:featuredmedia":[{"embeddable":true,"href":"https:\/\/armstrongyregion.com.ar\/diario\/wp-json\/wp\/v2\/media\/40821"}],"wp:attachment":[{"href":"https:\/\/armstrongyregion.com.ar\/diario\/wp-json\/wp\/v2\/media?parent=40820"}],"wp:term":[{"taxonomy":"category","embeddable":true,"href":"https:\/\/armstrongyregion.com.ar\/diario\/wp-json\/wp\/v2\/categories?post=40820"},{"taxonomy":"post_tag","embeddable":true,"href":"https:\/\/armstrongyregion.com.ar\/diario\/wp-json\/wp\/v2\/tags?post=40820"}],"curies":[{"name":"wp","href":"https:\/\/api.w.org\/{rel}","templated":true}]}}