{"id":40808,"date":"2023-11-10T21:46:29","date_gmt":"2023-11-10T21:46:29","guid":{"rendered":"https:\/\/armstrongyregion.com.ar\/diario\/?p=40808"},"modified":"2023-11-10T21:46:31","modified_gmt":"2023-11-10T21:46:31","slug":"estafa-telefonica-en-las-rosas","status":"publish","type":"post","link":"https:\/\/armstrongyregion.com.ar\/diario\/estafa-telefonica-en-las-rosas\/","title":{"rendered":"Estafa telef\u00f3nica en Las Rosas."},"content":{"rendered":"\n<figure class=\"wp-block-image size-full\"><a href=\"http:\/\/armstrongyregion.com.ar\/diario\/wp-content\/uploads\/2023\/11\/Martin-Farias-Jefe.Unidad-RegionalIII.jpg\"><img loading=\"lazy\" decoding=\"async\" width=\"495\" height=\"300\" src=\"http:\/\/armstrongyregion.com.ar\/diario\/wp-content\/uploads\/2023\/11\/Martin-Farias-Jefe.Unidad-RegionalIII.jpg\" alt=\"\" class=\"wp-image-40809\" srcset=\"https:\/\/armstrongyregion.com.ar\/diario\/wp-content\/uploads\/2023\/11\/Martin-Farias-Jefe.Unidad-RegionalIII.jpg 495w, https:\/\/armstrongyregion.com.ar\/diario\/wp-content\/uploads\/2023\/11\/Martin-Farias-Jefe.Unidad-RegionalIII-300x182.jpg 300w\" sizes=\"auto, (max-width: 495px) 100vw, 495px\" \/><\/a><\/figure>\n\n\n\n<h2 class=\"wp-block-heading\">Un vecino result\u00f3 ser estafado mediante enga\u00f1os haci\u00e9ndose pasar por trabajadores de Mercado Libre, le sustrajeron mas de medio mill\u00f3n de pesos.<\/h2>\n\n\n\n<p>\u00abLamentablemente siguen sucediendo los hechos de estafas telef\u00f3nicas, un vecino dio a conocer que mediante WhatsApp recibe una llamada telef\u00f3nica de alguien que se hizo pasar de la parte de seguridad de Mercado Libre, donde le explicaban que le hab\u00edan jaqueado la cuenta y que su dinero corr\u00eda peligro.<\/p>\n\n\n\n<p>Mediante enga\u00f1os esta persona cae y le hace hacer una serie de operaciones telef\u00f3nicas de su tel\u00e9fono particular y dos familiares mas, con el resultado que le terminaron sacando de su cuenta bancaria $530.000&#8243;, inform\u00f3 Far\u00edas.<\/p>\n\n\n\n<figure class=\"wp-block-embed is-type-video is-provider-youtube wp-block-embed-youtube wp-embed-aspect-16-9 wp-has-aspect-ratio\"><div class=\"wp-block-embed__wrapper\">\n<iframe loading=\"lazy\" title=\"09-11-23 Nota Martin Farias \u2013 Jefe URIII\" width=\"800\" height=\"450\" src=\"https:\/\/www.youtube.com\/embed\/5LYBF3SUBOo?feature=oembed\" frameborder=\"0\" allow=\"accelerometer; autoplay; clipboard-write; encrypted-media; gyroscope; picture-in-picture; web-share\" allowfullscreen><\/iframe>\n<\/div><\/figure>\n\n\n\n<p><\/p>\n\n\n\n<p>Fuente: Renacer FM.<\/p>\n","protected":false},"excerpt":{"rendered":"<p>Un vecino result\u00f3 ser estafado mediante enga\u00f1os haci\u00e9ndose pasar por trabajadores de Mercado Libre, le sustrajeron mas de medio mill\u00f3n de pesos. \u00abLamentablemente siguen sucediendo los hechos de estafas telef\u00f3nicas, un vecino dio a conocer que mediante WhatsApp recibe una llamada telef\u00f3nica de alguien que se hizo pasar de la parte de seguridad de Mercado <a href=\"https:\/\/armstrongyregion.com.ar\/diario\/estafa-telefonica-en-las-rosas\/\" title=\"Read more\" >&#8230;<\/a><\/p>\n","protected":false},"author":1,"featured_media":40809,"comment_status":"open","ping_status":"open","sticky":false,"template":"","format":"image","meta":{"_jetpack_memberships_contains_paid_content":false,"footnotes":"","jetpack_publicize_message":"","jetpack_publicize_feature_enabled":true,"jetpack_social_post_already_shared":true,"jetpack_social_options":{"image_generator_settings":{"template":"highway","default_image_id":0,"enabled":false},"version":2}},"categories":[6,8,1,2,7,3],"tags":[9980,6644,8883,9981,8577],"class_list":["post-40808","post","type-post","status-publish","format-image","has-post-thumbnail","hentry","category-cultura-entretenimiento","category-deliberando","category-diario-armstrong","category-locales","category-politica","category-region","tag-en-2","tag-estafas","tag-las-rosas-2","tag-martin-farias-jefe-unidad-regional-iii","tag-telefonicas","post_format-post-format-image"],"jetpack_publicize_connections":[],"jetpack_featured_media_url":"https:\/\/armstrongyregion.com.ar\/diario\/wp-content\/uploads\/2023\/11\/Martin-Farias-Jefe.Unidad-RegionalIII.jpg","jetpack_shortlink":"https:\/\/wp.me\/p62QDO-aCc","jetpack_sharing_enabled":true,"amp_enabled":true,"_links":{"self":[{"href":"https:\/\/armstrongyregion.com.ar\/diario\/wp-json\/wp\/v2\/posts\/40808","targetHints":{"allow":["GET"]}}],"collection":[{"href":"https:\/\/armstrongyregion.com.ar\/diario\/wp-json\/wp\/v2\/posts"}],"about":[{"href":"https:\/\/armstrongyregion.com.ar\/diario\/wp-json\/wp\/v2\/types\/post"}],"author":[{"embeddable":true,"href":"https:\/\/armstrongyregion.com.ar\/diario\/wp-json\/wp\/v2\/users\/1"}],"replies":[{"embeddable":true,"href":"https:\/\/armstrongyregion.com.ar\/diario\/wp-json\/wp\/v2\/comments?post=40808"}],"version-history":[{"count":2,"href":"https:\/\/armstrongyregion.com.ar\/diario\/wp-json\/wp\/v2\/posts\/40808\/revisions"}],"predecessor-version":[{"id":40811,"href":"https:\/\/armstrongyregion.com.ar\/diario\/wp-json\/wp\/v2\/posts\/40808\/revisions\/40811"}],"wp:featuredmedia":[{"embeddable":true,"href":"https:\/\/armstrongyregion.com.ar\/diario\/wp-json\/wp\/v2\/media\/40809"}],"wp:attachment":[{"href":"https:\/\/armstrongyregion.com.ar\/diario\/wp-json\/wp\/v2\/media?parent=40808"}],"wp:term":[{"taxonomy":"category","embeddable":true,"href":"https:\/\/armstrongyregion.com.ar\/diario\/wp-json\/wp\/v2\/categories?post=40808"},{"taxonomy":"post_tag","embeddable":true,"href":"https:\/\/armstrongyregion.com.ar\/diario\/wp-json\/wp\/v2\/tags?post=40808"}],"curies":[{"name":"wp","href":"https:\/\/api.w.org\/{rel}","templated":true}]}}