{"id":40805,"date":"2023-11-10T20:34:24","date_gmt":"2023-11-10T20:34:24","guid":{"rendered":"https:\/\/armstrongyregion.com.ar\/diario\/?p=40805"},"modified":"2023-11-10T20:34:26","modified_gmt":"2023-11-10T20:34:26","slug":"vialidad-coloco-luminarias-led-en-el-cruce-de-las-rutas-provinciales-no15-y-n92","status":"publish","type":"post","link":"https:\/\/armstrongyregion.com.ar\/diario\/vialidad-coloco-luminarias-led-en-el-cruce-de-las-rutas-provinciales-no15-y-n92\/","title":{"rendered":"Vialidad coloc\u00f3 luminarias LED en el cruce de las rutas provinciales N\u00ba15 y N\u00b092."},"content":{"rendered":"\n<figure class=\"wp-block-table\"><table><tbody><tr><td><\/td><\/tr><\/tbody><\/table><\/figure>\n\n\n\n<figure class=\"wp-block-image size-full\"><a href=\"http:\/\/armstrongyregion.com.ar\/diario\/wp-content\/uploads\/2023\/11\/vialidad-2023.jpg\"><img loading=\"lazy\" decoding=\"async\" width=\"480\" height=\"270\" src=\"http:\/\/armstrongyregion.com.ar\/diario\/wp-content\/uploads\/2023\/11\/vialidad-2023.jpg\" alt=\"\" class=\"wp-image-40806\" srcset=\"https:\/\/armstrongyregion.com.ar\/diario\/wp-content\/uploads\/2023\/11\/vialidad-2023.jpg 480w, https:\/\/armstrongyregion.com.ar\/diario\/wp-content\/uploads\/2023\/11\/vialidad-2023-300x169.jpg 300w\" sizes=\"auto, (max-width: 480px) 100vw, 480px\" \/><\/a><\/figure>\n\n\n\n<h2 class=\"wp-block-heading\">Las tareas se realizaron a trav\u00e9s de la cuadrilla de iluminaci\u00f3n de Rosario, en el tramo entre Arteaga y Cruz Alta, l\u00edmite con la provincia de C\u00f3rdoba.<\/h2>\n\n\n\n<p>La Direcci\u00f3n Provincial de Vialidad, dependiente del Ministerio de Infraestructura, Servicios P\u00fablicos y H\u00e1bitat, reemplaz\u00f3 las luminarias de vapor de sodio por otras de tecnolog\u00eda LED en el enlace de las rutas provinciales N\u00b092 y N\u00b015, unos 5 kil\u00f3metros al norte de la localidad de Arteaga (departamento Caseros).<\/p>\n\n\n\n<p>En la zona, se colocaron tres luminarias de 180 watts de potencia en las columnas de 7 metros de alto ubicadas en cercan\u00edas al enlace, y cuatro m\u00e1s en cada una de las dos torres de 15 metros de altura, localizadas en las isletas de la intersecci\u00f3n de rutas provinciales.<\/p>\n\n\n\n<p>Los trabajos fueron realizados por la cuadrilla de iluminaci\u00f3n de la Jefatura de Zona VI que opera desde la ciudad de Rosario y cubre la zona sur de la provincia incluyendo los departamentos Rosario, Constituci\u00f3n, General L\u00f3pez, San Lorenzo, Iriondo, Caseros, Belgrano, San Mart\u00edn y San Jer\u00f3nimo.<\/p>\n\n\n\n<p>Cabe destacar que el organismo cuenta con otro equipo de trabajo de la Jefatura de Zona X, que abarca desde la ciudad de Santa Fe hacia el norte e interviene en los departamentos La Capital, Las Colonias, Castellanos, San Justo, San Crist\u00f3bal, Garay, San Javier, Vera, General Obligado y 9 de Julio.<\/p>\n","protected":false},"excerpt":{"rendered":"<p>Las tareas se realizaron a trav\u00e9s de la cuadrilla de iluminaci\u00f3n de Rosario, en el tramo entre Arteaga y Cruz Alta, l\u00edmite con la provincia de C\u00f3rdoba. La Direcci\u00f3n Provincial de Vialidad, dependiente del Ministerio de Infraestructura, Servicios P\u00fablicos y H\u00e1bitat, reemplaz\u00f3 las luminarias de vapor de sodio por otras de tecnolog\u00eda LED en el <a href=\"https:\/\/armstrongyregion.com.ar\/diario\/vialidad-coloco-luminarias-led-en-el-cruce-de-las-rutas-provinciales-no15-y-n92\/\" title=\"Read more\" >&#8230;<\/a><\/p>\n","protected":false},"author":1,"featured_media":40806,"comment_status":"open","ping_status":"open","sticky":false,"template":"","format":"image","meta":{"_jetpack_memberships_contains_paid_content":false,"footnotes":"","jetpack_publicize_message":"","jetpack_publicize_feature_enabled":true,"jetpack_social_post_already_shared":true,"jetpack_social_options":{"image_generator_settings":{"template":"highway","default_image_id":0,"enabled":false},"version":2}},"categories":[8,1,2,7,3],"tags":[8829,9978,2349,8777,9046,2267,9979],"class_list":["post-40805","post","type-post","status-publish","format-image","has-post-thumbnail","hentry","category-deliberando","category-diario-armstrong","category-locales","category-politica","category-region","tag-15-2","tag-coloco-luminarias-led","tag-cruce","tag-lic-graciela-de-la-casa","tag-rutas-2","tag-vialidad","tag-y-n-92","post_format-post-format-image"],"jetpack_publicize_connections":[],"jetpack_featured_media_url":"https:\/\/armstrongyregion.com.ar\/diario\/wp-content\/uploads\/2023\/11\/vialidad-2023.jpg","jetpack_shortlink":"https:\/\/wp.me\/p62QDO-aC9","jetpack_sharing_enabled":true,"amp_enabled":true,"_links":{"self":[{"href":"https:\/\/armstrongyregion.com.ar\/diario\/wp-json\/wp\/v2\/posts\/40805","targetHints":{"allow":["GET"]}}],"collection":[{"href":"https:\/\/armstrongyregion.com.ar\/diario\/wp-json\/wp\/v2\/posts"}],"about":[{"href":"https:\/\/armstrongyregion.com.ar\/diario\/wp-json\/wp\/v2\/types\/post"}],"author":[{"embeddable":true,"href":"https:\/\/armstrongyregion.com.ar\/diario\/wp-json\/wp\/v2\/users\/1"}],"replies":[{"embeddable":true,"href":"https:\/\/armstrongyregion.com.ar\/diario\/wp-json\/wp\/v2\/comments?post=40805"}],"version-history":[{"count":1,"href":"https:\/\/armstrongyregion.com.ar\/diario\/wp-json\/wp\/v2\/posts\/40805\/revisions"}],"predecessor-version":[{"id":40807,"href":"https:\/\/armstrongyregion.com.ar\/diario\/wp-json\/wp\/v2\/posts\/40805\/revisions\/40807"}],"wp:featuredmedia":[{"embeddable":true,"href":"https:\/\/armstrongyregion.com.ar\/diario\/wp-json\/wp\/v2\/media\/40806"}],"wp:attachment":[{"href":"https:\/\/armstrongyregion.com.ar\/diario\/wp-json\/wp\/v2\/media?parent=40805"}],"wp:term":[{"taxonomy":"category","embeddable":true,"href":"https:\/\/armstrongyregion.com.ar\/diario\/wp-json\/wp\/v2\/categories?post=40805"},{"taxonomy":"post_tag","embeddable":true,"href":"https:\/\/armstrongyregion.com.ar\/diario\/wp-json\/wp\/v2\/tags?post=40805"}],"curies":[{"name":"wp","href":"https:\/\/api.w.org\/{rel}","templated":true}]}}