{"id":40791,"date":"2023-11-08T16:15:36","date_gmt":"2023-11-08T16:15:36","guid":{"rendered":"https:\/\/armstrongyregion.com.ar\/diario\/?p=40791"},"modified":"2023-11-08T16:18:15","modified_gmt":"2023-11-08T16:18:15","slug":"invitacion-acto-en-conmemoracion-al-dia-de-la-tradicion","status":"publish","type":"post","link":"https:\/\/armstrongyregion.com.ar\/diario\/invitacion-acto-en-conmemoracion-al-dia-de-la-tradicion\/","title":{"rendered":"Armstrong. Invitaci\u00f3n acto en conmemoraci\u00f3n al D\u00eda de la Tradici\u00f3n."},"content":{"rendered":"\n<figure class=\"wp-block-image size-full\"><a href=\"http:\/\/armstrongyregion.com.ar\/diario\/wp-content\/uploads\/2023\/11\/tradicion-acto-8-11-23-.jpg\"><img loading=\"lazy\" decoding=\"async\" width=\"631\" height=\"640\" src=\"http:\/\/armstrongyregion.com.ar\/diario\/wp-content\/uploads\/2023\/11\/tradicion-acto-8-11-23-.jpg\" alt=\"\" class=\"wp-image-40792\" srcset=\"https:\/\/armstrongyregion.com.ar\/diario\/wp-content\/uploads\/2023\/11\/tradicion-acto-8-11-23-.jpg 631w, https:\/\/armstrongyregion.com.ar\/diario\/wp-content\/uploads\/2023\/11\/tradicion-acto-8-11-23--296x300.jpg 296w\" sizes=\"auto, (max-width: 631px) 100vw, 631px\" \/><\/a><\/figure>\n\n\n\n<p>La Municipalidad de Armstrong invita al acto en conmemoraci\u00f3n al d\u00eda de la Tradici\u00f3n que se<br>realizar\u00e1 el viernes 10 de noviembre a las 20 hs. en las instalaciones del centro tradicionalista El<br>Tropero.<br>En la oportunidad se contar\u00e1 con la participaci\u00f3n de los alumnos de la Escuela de Ense\u00f1anza Media<br>Para Adultos N\u00b0 1137 \u201cGladis Palma de Croppi\u201d.<br>Luego del acto se realizar\u00e1 una pe\u00f1a folcl\u00f3rica.<br>El&nbsp;d\u00eda de la tradici\u00f3n&nbsp;se estableci\u00f3 en homenaje al escritor Jos\u00e9 Hern\u00e1ndez, autor de El Mart\u00edn Fierro,<br>una de las obras cumbres de la literatura gauchesca, quien naci\u00f3 el 10 de noviembre de 1834 en la<br>provincia de Buenos Aires.<\/p>\n","protected":false},"excerpt":{"rendered":"<p>La Municipalidad de Armstrong invita al acto en conmemoraci\u00f3n al d\u00eda de la Tradici\u00f3n que serealizar\u00e1 el viernes 10 de noviembre a las 20 hs. en las instalaciones del centro tradicionalista ElTropero.En la oportunidad se contar\u00e1 con la participaci\u00f3n de los alumnos de la Escuela de Ense\u00f1anza MediaPara Adultos N\u00b0 1137 \u201cGladis Palma de Croppi\u201d.Luego <a href=\"https:\/\/armstrongyregion.com.ar\/diario\/invitacion-acto-en-conmemoracion-al-dia-de-la-tradicion\/\" title=\"Read more\" >&#8230;<\/a><\/p>\n","protected":false},"author":1,"featured_media":40792,"comment_status":"open","ping_status":"open","sticky":false,"template":"","format":"image","meta":{"_jetpack_memberships_contains_paid_content":false,"footnotes":"","jetpack_publicize_message":"","jetpack_publicize_feature_enabled":true,"jetpack_social_post_already_shared":true,"jetpack_social_options":{"image_generator_settings":{"template":"highway","default_image_id":0,"enabled":false},"version":2}},"categories":[8,1,2,7,3],"tags":[1212,20,793,616,31,8777,3108],"class_list":["post-40791","post","type-post","status-publish","format-image","has-post-thumbnail","hentry","category-deliberando","category-diario-armstrong","category-locales","category-politica","category-region","tag-acto","tag-armstrong","tag-dia","tag-invitacion","tag-la","tag-lic-graciela-de-la-casa","tag-tradicion","post_format-post-format-image"],"jetpack_publicize_connections":[],"jetpack_featured_media_url":"https:\/\/armstrongyregion.com.ar\/diario\/wp-content\/uploads\/2023\/11\/tradicion-acto-8-11-23-.jpg","jetpack_shortlink":"https:\/\/wp.me\/p62QDO-aBV","jetpack_sharing_enabled":true,"amp_enabled":true,"_links":{"self":[{"href":"https:\/\/armstrongyregion.com.ar\/diario\/wp-json\/wp\/v2\/posts\/40791","targetHints":{"allow":["GET"]}}],"collection":[{"href":"https:\/\/armstrongyregion.com.ar\/diario\/wp-json\/wp\/v2\/posts"}],"about":[{"href":"https:\/\/armstrongyregion.com.ar\/diario\/wp-json\/wp\/v2\/types\/post"}],"author":[{"embeddable":true,"href":"https:\/\/armstrongyregion.com.ar\/diario\/wp-json\/wp\/v2\/users\/1"}],"replies":[{"embeddable":true,"href":"https:\/\/armstrongyregion.com.ar\/diario\/wp-json\/wp\/v2\/comments?post=40791"}],"version-history":[{"count":2,"href":"https:\/\/armstrongyregion.com.ar\/diario\/wp-json\/wp\/v2\/posts\/40791\/revisions"}],"predecessor-version":[{"id":40795,"href":"https:\/\/armstrongyregion.com.ar\/diario\/wp-json\/wp\/v2\/posts\/40791\/revisions\/40795"}],"wp:featuredmedia":[{"embeddable":true,"href":"https:\/\/armstrongyregion.com.ar\/diario\/wp-json\/wp\/v2\/media\/40792"}],"wp:attachment":[{"href":"https:\/\/armstrongyregion.com.ar\/diario\/wp-json\/wp\/v2\/media?parent=40791"}],"wp:term":[{"taxonomy":"category","embeddable":true,"href":"https:\/\/armstrongyregion.com.ar\/diario\/wp-json\/wp\/v2\/categories?post=40791"},{"taxonomy":"post_tag","embeddable":true,"href":"https:\/\/armstrongyregion.com.ar\/diario\/wp-json\/wp\/v2\/tags?post=40791"}],"curies":[{"name":"wp","href":"https:\/\/api.w.org\/{rel}","templated":true}]}}