{"id":40788,"date":"2023-11-08T15:31:32","date_gmt":"2023-11-08T15:31:32","guid":{"rendered":"https:\/\/armstrongyregion.com.ar\/diario\/?p=40788"},"modified":"2023-11-08T15:47:51","modified_gmt":"2023-11-08T15:47:51","slug":"armstrong-orden-del-dia-concejo-joven-8-de-noviembre-2023","status":"publish","type":"post","link":"https:\/\/armstrongyregion.com.ar\/diario\/armstrong-orden-del-dia-concejo-joven-8-de-noviembre-2023\/","title":{"rendered":"Armstrong. Orden del D\u00eda Concejo Joven. 8 de noviembre 2023."},"content":{"rendered":"\n<figure class=\"wp-block-image size-full\"><a href=\"http:\/\/armstrongyregion.com.ar\/diario\/wp-content\/uploads\/2022\/11\/concejo-joven-I-.jpg\"><img loading=\"lazy\" decoding=\"async\" width=\"400\" height=\"300\" src=\"http:\/\/armstrongyregion.com.ar\/diario\/wp-content\/uploads\/2022\/11\/concejo-joven-I-.jpg\" alt=\"\" class=\"wp-image-36453\" srcset=\"https:\/\/armstrongyregion.com.ar\/diario\/wp-content\/uploads\/2022\/11\/concejo-joven-I-.jpg 400w, https:\/\/armstrongyregion.com.ar\/diario\/wp-content\/uploads\/2022\/11\/concejo-joven-I--300x225.jpg 300w\" sizes=\"auto, (max-width: 400px) 100vw, 400px\" \/><\/a><figcaption class=\"wp-element-caption\">Im\u00e1gen Ilustrativa Concejo J\u00f3ven de a\u00f1o 2022.<\/figcaption><\/figure>\n\n\n\n<p><strong>1- IZAMIENTO DE LAS BANDERAS DE CEREMONIA A CARGO DE LA CONCEJAL LARA<br>ALZAPIEDI Y EL CONCEJAL JUAN VILLALBA.<\/strong><\/p>\n\n\n\n<p>2- PROYECTOS DE CONCEJALES:<br>A- ESCUELA T\u00c9CNICA N\u00b0 291 \u201cFRAY LUIS BELTR\u00c1N\u201d:<br>CONCEJALES EMANUEL FABRO Y JUAN VILLALBA<br>1- M.C.: SALIDA Y TR\u00c1NSITO DE BOMBEROS.<br>2- ORD.: INCORPORACI\u00d3N DE UN CURRICULUM ONLINE PARA AYUDAR EN LA<br>B\u00daSQUEDA DE TRABAJO.<br>3- ORD.: C\u00c1MARAS DE VIDEOVIGILANCIA EN LAS INMEDIACIONES DE LA<br>ESCUELA.<br>4- ORD.: INCORPORACI\u00d3N EN LOS MEDIOS MASIVOS DE COMUNICACI\u00d3N, DE<br>TEM\u00c1TICAS QUE ABORDEN CONTENIDOS DE LA ESI (EDUCACI\u00d3N SEXUAL<br>INTEGRAL)<br>B- ESCUELA SUPERIOR DE COMERCIO N\u00b0 51 \u201cDR. MANUEL BELGRANO\u201d:<br>CONCEJALES: LARA ALZAPIEDI Y EMANUEL GIMENEZ<br>5- ORD.: IMPLEMENTACI\u00d3N DEL CIRCUITO MUNICIPAL DE PR\u00c1CTICA DE<br>CONDUCCI\u00d3N PARA LA CIUDADAN\u00cdA.<br>6- ORD.: CONTROLES DE ALCOHOLEMIA EN LA CIUDAD.<br>C- ESCUELA NORMAL SUPERIOR N\u00b0 33 \u201cDR. MARIANO MORENO\u201d:<br>CONCEJALES SANTIAGO ANTINORI Y NAYQUEN BOUZADA<br>7- ORD.: REEMPLAZO DEL NOMBRE DE LA ARTERIA \u201cBV. ROLD\u00c1N\u201d POR \u201cDR.<br>JORGE H. BIANCHI\u201d.<br>8- ORD.: CREACI\u00d3N DE RED DE CICLOV\u00cdAS Y SENDA PEATONAL.<br>3- ARR\u00cdO DE LAS BANDERAS DE CEREMONIA.<\/p>\n\n\n\n<p>INICIO 20:00 HS.<\/p>\n","protected":false},"excerpt":{"rendered":"<p>1- IZAMIENTO DE LAS BANDERAS DE CEREMONIA A CARGO DE LA CONCEJAL LARAALZAPIEDI Y EL CONCEJAL JUAN VILLALBA. 2- PROYECTOS DE CONCEJALES:A- ESCUELA T\u00c9CNICA N\u00b0 291 \u201cFRAY LUIS BELTR\u00c1N\u201d:CONCEJALES EMANUEL FABRO Y JUAN VILLALBA1- M.C.: SALIDA Y TR\u00c1NSITO DE BOMBEROS.2- ORD.: INCORPORACI\u00d3N DE UN CURRICULUM ONLINE PARA AYUDAR EN LAB\u00daSQUEDA DE TRABAJO.3- ORD.: C\u00c1MARAS DE <a href=\"https:\/\/armstrongyregion.com.ar\/diario\/armstrong-orden-del-dia-concejo-joven-8-de-noviembre-2023\/\" title=\"Read more\" >&#8230;<\/a><\/p>\n","protected":false},"author":1,"featured_media":36453,"comment_status":"open","ping_status":"open","sticky":false,"template":"","format":"image","meta":{"_jetpack_memberships_contains_paid_content":false,"footnotes":"","jetpack_publicize_message":"","jetpack_publicize_feature_enabled":true,"jetpack_social_post_already_shared":true,"jetpack_social_options":{"image_generator_settings":{"template":"highway","default_image_id":0,"enabled":false},"version":2}},"categories":[8,1,2,7,3],"tags":[20,868,53,793,688,8777],"class_list":["post-40788","post","type-post","status-publish","format-image","has-post-thumbnail","hentry","category-deliberando","category-diario-armstrong","category-locales","category-politica","category-region","tag-armstrong","tag-concejo","tag-del","tag-dia","tag-joven","tag-lic-graciela-de-la-casa","post_format-post-format-image"],"jetpack_publicize_connections":[],"jetpack_featured_media_url":"https:\/\/armstrongyregion.com.ar\/diario\/wp-content\/uploads\/2022\/11\/concejo-joven-I-.jpg","jetpack_shortlink":"https:\/\/wp.me\/p62QDO-aBS","jetpack_sharing_enabled":true,"amp_enabled":true,"_links":{"self":[{"href":"https:\/\/armstrongyregion.com.ar\/diario\/wp-json\/wp\/v2\/posts\/40788","targetHints":{"allow":["GET"]}}],"collection":[{"href":"https:\/\/armstrongyregion.com.ar\/diario\/wp-json\/wp\/v2\/posts"}],"about":[{"href":"https:\/\/armstrongyregion.com.ar\/diario\/wp-json\/wp\/v2\/types\/post"}],"author":[{"embeddable":true,"href":"https:\/\/armstrongyregion.com.ar\/diario\/wp-json\/wp\/v2\/users\/1"}],"replies":[{"embeddable":true,"href":"https:\/\/armstrongyregion.com.ar\/diario\/wp-json\/wp\/v2\/comments?post=40788"}],"version-history":[{"count":2,"href":"https:\/\/armstrongyregion.com.ar\/diario\/wp-json\/wp\/v2\/posts\/40788\/revisions"}],"predecessor-version":[{"id":40790,"href":"https:\/\/armstrongyregion.com.ar\/diario\/wp-json\/wp\/v2\/posts\/40788\/revisions\/40790"}],"wp:featuredmedia":[{"embeddable":true,"href":"https:\/\/armstrongyregion.com.ar\/diario\/wp-json\/wp\/v2\/media\/36453"}],"wp:attachment":[{"href":"https:\/\/armstrongyregion.com.ar\/diario\/wp-json\/wp\/v2\/media?parent=40788"}],"wp:term":[{"taxonomy":"category","embeddable":true,"href":"https:\/\/armstrongyregion.com.ar\/diario\/wp-json\/wp\/v2\/categories?post=40788"},{"taxonomy":"post_tag","embeddable":true,"href":"https:\/\/armstrongyregion.com.ar\/diario\/wp-json\/wp\/v2\/tags?post=40788"}],"curies":[{"name":"wp","href":"https:\/\/api.w.org\/{rel}","templated":true}]}}