{"id":40782,"date":"2023-11-08T15:13:27","date_gmt":"2023-11-08T15:13:27","guid":{"rendered":"https:\/\/armstrongyregion.com.ar\/diario\/?p=40782"},"modified":"2023-11-08T15:24:33","modified_gmt":"2023-11-08T15:24:33","slug":"la-provincia-conmemoro-el-dia-nacional-del-comercio-junto-a-entidades-y-empresas-del-sector-empresa-armstronense-recibio-un-reconocimiento","status":"publish","type":"post","link":"https:\/\/armstrongyregion.com.ar\/diario\/la-provincia-conmemoro-el-dia-nacional-del-comercio-junto-a-entidades-y-empresas-del-sector-empresa-armstronense-recibio-un-reconocimiento\/","title":{"rendered":"La provincia conmemor\u00f3 el D\u00eda Nacional del Comercio junto a entidades y empresas del sector. Empresa armstronense recibi\u00f3 un reconocimiento."},"content":{"rendered":"\n<figure class=\"wp-block-image size-full\"><a href=\"http:\/\/armstrongyregion.com.ar\/diario\/wp-content\/uploads\/2023\/11\/Elorriaga-.jpg\"><img loading=\"lazy\" decoding=\"async\" width=\"441\" height=\"311\" src=\"http:\/\/armstrongyregion.com.ar\/diario\/wp-content\/uploads\/2023\/11\/Elorriaga-.jpg\" alt=\"\" class=\"wp-image-40783\" srcset=\"https:\/\/armstrongyregion.com.ar\/diario\/wp-content\/uploads\/2023\/11\/Elorriaga-.jpg 441w, https:\/\/armstrongyregion.com.ar\/diario\/wp-content\/uploads\/2023\/11\/Elorriaga--300x212.jpg 300w\" sizes=\"auto, (max-width: 441px) 100vw, 441px\" \/><\/a><figcaption class=\"wp-element-caption\"><br><strong>Armstrong. Recibi\u00f3 declaraci\u00f3n de inter\u00e9s comercial  Vision\u00a0Grafica,\u00a0de Ignacio Elorriaga y su esposa Eve Tramannoni.<\/strong><\/figcaption><\/figure>\n\n\n\n<h2 class=\"wp-block-heading\">El evento, que se desarroll\u00f3 en la ciudad de Rosario, fue organizado por ADEESSA. Se reconoci\u00f3 a 25 comercios del centro sur santafesino, adem\u00e1s de analizar temas coyunturales de la actividad. Empresa familiar armstronense \u00abVisi\u00f3n Gr\u00e1fica\u00bb de Nacho Elorriaga y su esposa Eve Tramannoni recibi\u00f3 un reconocimiento.<\/h2>\n\n\n\n<figure class=\"wp-block-image size-full\"><a href=\"http:\/\/armstrongyregion.com.ar\/diario\/wp-content\/uploads\/2023\/11\/comercio-nacho-.jpg\"><img loading=\"lazy\" decoding=\"async\" width=\"511\" height=\"296\" src=\"http:\/\/armstrongyregion.com.ar\/diario\/wp-content\/uploads\/2023\/11\/comercio-nacho-.jpg\" alt=\"\" class=\"wp-image-40784\" srcset=\"https:\/\/armstrongyregion.com.ar\/diario\/wp-content\/uploads\/2023\/11\/comercio-nacho-.jpg 511w, https:\/\/armstrongyregion.com.ar\/diario\/wp-content\/uploads\/2023\/11\/comercio-nacho--300x174.jpg 300w\" sizes=\"auto, (max-width: 511px) 100vw, 511px\" \/><\/a><\/figure>\n\n\n\n<p>En el marco del D\u00eda Nacional del Comercio, el secretario de Comercio Interior y Servicios, Juan Marcos Aviano, particip\u00f3 del reconocimiento que realiz\u00f3 la Asociaci\u00f3n de Entidades Empresarias del Sur Santafesino (Adeessa) al sector y destacando a un comercio de cada una de las localidades donde tienen representaci\u00f3n dicha entidad a trav\u00e9s de los centros comerciales o centros econ\u00f3micos locales y regionales.<\/p>\n\n\n\n<p>Durante la actividad, que se realiz\u00f3 en el sal\u00f3n Auditorio de la Bolsa de Comercio de Rosario, Aviano entreg\u00f3 una declaraci\u00f3n de inter\u00e9s comercial de la actividad.<\/p>\n\n\n\n<p>La empresas familiares que recibieron el reconocimiento est\u00e1n radicadas a las localidades Teodelina, Villa Ca\u00f1\u00e1s, Firmat, Venado Tuerto, San Jos\u00e9 de la Esquina, Chab\u00e1s, Funes, Villa Constituci\u00f3n, Arroyo Seco, Carcara\u00f1\u00e1, Correa, Ca\u00f1ada de G\u00f3mez, Armstrong, Las Rosas, San Jorge, Carlos Pellegrini, Fray Luis Beltr\u00e1n, San Genaro, Villa Gobernador G\u00e1lvez y la Asociaci\u00f3n de Comerciantes de Zona Norte de la ciudad de Rosario.<\/p>\n\n\n\n<p>Adem\u00e1s, durante la jornada se realizaron dos paneles de di\u00e1logo, que abordaron el fortalecimiento comercial desde una mirada pol\u00edtica y la gesti\u00f3n para el desarrollo de las empresas comerciales.<\/p>\n\n\n\n<p>En la oportunidad, Aviano detall\u00f3 que \u00abel 70% de la actividad econ\u00f3mica la lleva adelante los sectores mayoristas, minoristas y los servicios, con m\u00e1s de 13.500 unidades econ\u00f3micas que generan casi 90 mil empleos en Santa Fe. Es una actividad de una importancia vital, y la gesti\u00f3n del gobernador Omar Perotti as\u00ed lo determin\u00f3 en estos cuatro a\u00f1os de trabajo\u201d.<\/p>\n\n\n\n<p>\u201cHemos puesto al tope de la agenda los temas del comercio y el consumidor, generando programas de promoci\u00f3n como Billetera Santa Fe, Comercio Express, Buenas Pr\u00e1cticas Comerciales, Red de centros comerciales a cielo abierto; y desde la parte regulatoria con los programas de Precios Santafesinos, la ley de grandes superficies, el Observatorio de Precios, la fiscalizaci\u00f3n y control y la conformaci\u00f3n de la Mesa de Di\u00e1logo de Comercio y Consumo, donde trabajamos diferentes iniciativas como la reglamentaci\u00f3n de la ley de Centros Comerciales, la ley de Venta Directa y el trabajo articulado para la sanci\u00f3n de la ley de Saladitas que regula estas ferias multipuntos\u00bb, detall\u00f3 el secretario.<\/p>\n\n\n\n<p>\u201cEstamos en un momento complejo, hoy aqu\u00ed en la Bolsa de Comercio qued\u00f3 claro que cuando la articulaci\u00f3n p\u00fablico-privada se lleva adelante, las cosas van mejor y crece la econom\u00eda, en Santa Fe hemos dado muestra de esto\u201d, concluy\u00f3 Aviano.<\/p>\n\n\n\n<p>De la actividad participaron el presidente y el vicepresidente de ADEESSA Marcelo Maciel y Maximiliano Ferraro, respectivamente; el presidente de la Federaci\u00f3n Gremial de Comercio e Industria de Rosario (FECOI) y miembro del Consejo Directivo de la C\u00e1mara Argentina de Comercio y Servicios (CACS), Edgardo Moschitta; el presidente de la Bolsa de Comercio de Rosario (BCR), Miguel Simeoni; los diputados provinciales Joaquin Blanco, Lucila Deponti, Clara Garc\u00eda, Lorena Ulieldin y Lionella Cattalini; el senador provincial por el departamento Iriondo, Hugo Rasetto; y el diputado nacional Eduardo Toniolli, entre otras autoridades.<br><br><img decoding=\"async\" alt=\"\" src=\"https:\/\/ci4.googleusercontent.com\/proxy\/aYlEB0SKWlB2B8fWVSjQOZRJAkABL8PA6pWlvTQBWvaLUeKWU0QwS0wEcvcW1c8SftSlINu-UofciAFxhGZwBq601JbzpUjYx7YBaHdeKkCvCsz40tshBS6KnFf0fU5adZZ4E4FUyIKuCA=s0-d-e1-ft#https:\/\/www.santafe.gov.ar\/noticias\/recursos\/fotos\/2023\/11\/2023-11-07NID_279284O_1.jpeg\"><\/p>\n","protected":false},"excerpt":{"rendered":"<p>El evento, que se desarroll\u00f3 en la ciudad de Rosario, fue organizado por ADEESSA. Se reconoci\u00f3 a 25 comercios del centro sur santafesino, adem\u00e1s de analizar temas coyunturales de la actividad. Empresa familiar armstronense \u00abVisi\u00f3n Gr\u00e1fica\u00bb de Nacho Elorriaga y su esposa Eve Tramannoni recibi\u00f3 un reconocimiento. En el marco del D\u00eda Nacional del Comercio, <a href=\"https:\/\/armstrongyregion.com.ar\/diario\/la-provincia-conmemoro-el-dia-nacional-del-comercio-junto-a-entidades-y-empresas-del-sector-empresa-armstronense-recibio-un-reconocimiento\/\" title=\"Read more\" >&#8230;<\/a><\/p>\n","protected":false},"author":1,"featured_media":40783,"comment_status":"open","ping_status":"open","sticky":false,"template":"","format":"image","meta":{"_jetpack_memberships_contains_paid_content":false,"footnotes":"","jetpack_publicize_message":"","jetpack_publicize_feature_enabled":true,"jetpack_social_post_already_shared":true,"jetpack_social_options":{"image_generator_settings":{"template":"highway","default_image_id":0,"enabled":false},"version":2}},"categories":[8,1,2,7,3],"tags":[20,463,9474,9974,9972,9975,496,9973],"class_list":["post-40782","post","type-post","status-publish","format-image","has-post-thumbnail","hentry","category-deliberando","category-diario-armstrong","category-locales","category-politica","category-region","tag-armstrong","tag-comercial","tag-declaracion-2","tag-eve-tramannoni","tag-ignacio-elorriaga","tag-por-lic-graciela-de-la-casa","tag-recibio","tag-vision-grafica","post_format-post-format-image"],"jetpack_publicize_connections":[],"jetpack_featured_media_url":"https:\/\/armstrongyregion.com.ar\/diario\/wp-content\/uploads\/2023\/11\/Elorriaga-.jpg","jetpack_shortlink":"https:\/\/wp.me\/p62QDO-aBM","jetpack_sharing_enabled":true,"amp_enabled":true,"_links":{"self":[{"href":"https:\/\/armstrongyregion.com.ar\/diario\/wp-json\/wp\/v2\/posts\/40782","targetHints":{"allow":["GET"]}}],"collection":[{"href":"https:\/\/armstrongyregion.com.ar\/diario\/wp-json\/wp\/v2\/posts"}],"about":[{"href":"https:\/\/armstrongyregion.com.ar\/diario\/wp-json\/wp\/v2\/types\/post"}],"author":[{"embeddable":true,"href":"https:\/\/armstrongyregion.com.ar\/diario\/wp-json\/wp\/v2\/users\/1"}],"replies":[{"embeddable":true,"href":"https:\/\/armstrongyregion.com.ar\/diario\/wp-json\/wp\/v2\/comments?post=40782"}],"version-history":[{"count":2,"href":"https:\/\/armstrongyregion.com.ar\/diario\/wp-json\/wp\/v2\/posts\/40782\/revisions"}],"predecessor-version":[{"id":40787,"href":"https:\/\/armstrongyregion.com.ar\/diario\/wp-json\/wp\/v2\/posts\/40782\/revisions\/40787"}],"wp:featuredmedia":[{"embeddable":true,"href":"https:\/\/armstrongyregion.com.ar\/diario\/wp-json\/wp\/v2\/media\/40783"}],"wp:attachment":[{"href":"https:\/\/armstrongyregion.com.ar\/diario\/wp-json\/wp\/v2\/media?parent=40782"}],"wp:term":[{"taxonomy":"category","embeddable":true,"href":"https:\/\/armstrongyregion.com.ar\/diario\/wp-json\/wp\/v2\/categories?post=40782"},{"taxonomy":"post_tag","embeddable":true,"href":"https:\/\/armstrongyregion.com.ar\/diario\/wp-json\/wp\/v2\/tags?post=40782"}],"curies":[{"name":"wp","href":"https:\/\/api.w.org\/{rel}","templated":true}]}}