{"id":40778,"date":"2023-11-07T03:08:56","date_gmt":"2023-11-07T03:08:56","guid":{"rendered":"https:\/\/armstrongyregion.com.ar\/diario\/?p=40778"},"modified":"2023-11-07T03:08:58","modified_gmt":"2023-11-07T03:08:58","slug":"deliberando-el-abogado-y-escritor-gabriel-bertino-nos-presentara-equipaje-de-mano","status":"publish","type":"post","link":"https:\/\/armstrongyregion.com.ar\/diario\/deliberando-el-abogado-y-escritor-gabriel-bertino-nos-presentara-equipaje-de-mano\/","title":{"rendered":"Deliberando: El abogado y escritor Gabriel Bertino nos presentar\u00e1 \u201cEquipaje de mano\u201d."},"content":{"rendered":"\n<figure class=\"wp-block-image size-full\"><a href=\"http:\/\/armstrongyregion.com.ar\/diario\/wp-content\/uploads\/2023\/11\/Dr.-Gabriel-Bertino-Equipaje.jpg\"><img loading=\"lazy\" decoding=\"async\" width=\"500\" height=\"282\" src=\"http:\/\/armstrongyregion.com.ar\/diario\/wp-content\/uploads\/2023\/11\/Dr.-Gabriel-Bertino-Equipaje.jpg\" alt=\"\" class=\"wp-image-40779\" srcset=\"https:\/\/armstrongyregion.com.ar\/diario\/wp-content\/uploads\/2023\/11\/Dr.-Gabriel-Bertino-Equipaje.jpg 500w, https:\/\/armstrongyregion.com.ar\/diario\/wp-content\/uploads\/2023\/11\/Dr.-Gabriel-Bertino-Equipaje-300x169.jpg 300w\" sizes=\"auto, (max-width: 500px) 100vw, 500px\" \/><\/a><\/figure>\n\n\n\n<p>Este martes 7 de noviembre, en Deliberando, nos acompa\u00f1ar\u00e1 el letrado y apasionado de la escritura quien re\u00fane en su segunda producci\u00f3n literaria poes\u00edas y algo de ficci\u00f3n, ideales para \u201cregalar o regalarse, incluso para acompa\u00f1ar en el receso de verano o en un descanso cualquiera\u201d, asegur\u00f3 el autor.<\/p>\n\n\n\n<figure class=\"wp-block-image size-full\"><a href=\"http:\/\/armstrongyregion.com.ar\/diario\/wp-content\/uploads\/2023\/11\/libro_bertino_web.jpg\"><img loading=\"lazy\" decoding=\"async\" width=\"400\" height=\"298\" src=\"http:\/\/armstrongyregion.com.ar\/diario\/wp-content\/uploads\/2023\/11\/libro_bertino_web.jpg\" alt=\"\" class=\"wp-image-40780\" srcset=\"https:\/\/armstrongyregion.com.ar\/diario\/wp-content\/uploads\/2023\/11\/libro_bertino_web.jpg 400w, https:\/\/armstrongyregion.com.ar\/diario\/wp-content\/uploads\/2023\/11\/libro_bertino_web-300x224.jpg 300w\" sizes=\"auto, (max-width: 400px) 100vw, 400px\" \/><\/a><\/figure>\n\n\n\n<p>La idea de escribir\u00a0<em>Equipaje de mano<\/em>\u00a0surgi\u00f3 mucho tiempo despu\u00e9s de publicar\u00a0<em>Estaciones<\/em>, su primer libro, en 1996. Al cumplir su sue\u00f1o se sinti\u00f3 satisfecho hasta que tuvo la necesidad de \u201cponer en palabras vivencias movilizantes, relacionadas con la vida profesional y personal, que fueron aumentando su bagaje de experiencias\u201d. Teniendo mayor tiempo disponible para escribir durante viajes, comenz\u00f3 a perfilar su nuevo material, donde reflej\u00f3 todo este aprendizaje, en tiempos de post pandemia.<\/p>\n\n\n\n<p>Deliberando: Martes 21hs. Por Cable Imagen Armstrong.<\/p>\n\n\n\n<p>Reiteraci\u00f3n: Mi\u00e9rcoles 13,30hs y Domingos 12,30hs.<\/p>\n","protected":false},"excerpt":{"rendered":"<p>Este martes 7 de noviembre, en Deliberando, nos acompa\u00f1ar\u00e1 el letrado y apasionado de la escritura quien re\u00fane en su segunda producci\u00f3n literaria poes\u00edas y algo de ficci\u00f3n, ideales para \u201cregalar o regalarse, incluso para acompa\u00f1ar en el receso de verano o en un descanso cualquiera\u201d, asegur\u00f3 el autor. La idea de escribir\u00a0Equipaje de mano\u00a0surgi\u00f3 <a href=\"https:\/\/armstrongyregion.com.ar\/diario\/deliberando-el-abogado-y-escritor-gabriel-bertino-nos-presentara-equipaje-de-mano\/\" title=\"Read more\" >&#8230;<\/a><\/p>\n","protected":false},"author":1,"featured_media":40779,"comment_status":"open","ping_status":"open","sticky":false,"template":"","format":"image","meta":{"_jetpack_memberships_contains_paid_content":false,"footnotes":"","jetpack_publicize_message":"","jetpack_publicize_feature_enabled":true,"jetpack_social_post_already_shared":true,"jetpack_social_options":{"image_generator_settings":{"template":"highway","default_image_id":0,"enabled":false},"version":2}},"categories":[8,1,2,7,3],"tags":[9970,44,9711,15,26,8777,861,35],"class_list":["post-40778","post","type-post","status-publish","format-image","has-post-thumbnail","hentry","category-deliberando","category-diario-armstrong","category-locales","category-politica","category-region","tag-equipaje-en-mano","tag-deliberando-2","tag-dr-gabriel-bertino","tag-en","tag-libro","tag-lic-graciela-de-la-casa","tag-presenta","tag-su","post_format-post-format-image"],"jetpack_publicize_connections":[],"jetpack_featured_media_url":"https:\/\/armstrongyregion.com.ar\/diario\/wp-content\/uploads\/2023\/11\/Dr.-Gabriel-Bertino-Equipaje.jpg","jetpack_shortlink":"https:\/\/wp.me\/p62QDO-aBI","jetpack_sharing_enabled":true,"amp_enabled":true,"_links":{"self":[{"href":"https:\/\/armstrongyregion.com.ar\/diario\/wp-json\/wp\/v2\/posts\/40778","targetHints":{"allow":["GET"]}}],"collection":[{"href":"https:\/\/armstrongyregion.com.ar\/diario\/wp-json\/wp\/v2\/posts"}],"about":[{"href":"https:\/\/armstrongyregion.com.ar\/diario\/wp-json\/wp\/v2\/types\/post"}],"author":[{"embeddable":true,"href":"https:\/\/armstrongyregion.com.ar\/diario\/wp-json\/wp\/v2\/users\/1"}],"replies":[{"embeddable":true,"href":"https:\/\/armstrongyregion.com.ar\/diario\/wp-json\/wp\/v2\/comments?post=40778"}],"version-history":[{"count":1,"href":"https:\/\/armstrongyregion.com.ar\/diario\/wp-json\/wp\/v2\/posts\/40778\/revisions"}],"predecessor-version":[{"id":40781,"href":"https:\/\/armstrongyregion.com.ar\/diario\/wp-json\/wp\/v2\/posts\/40778\/revisions\/40781"}],"wp:featuredmedia":[{"embeddable":true,"href":"https:\/\/armstrongyregion.com.ar\/diario\/wp-json\/wp\/v2\/media\/40779"}],"wp:attachment":[{"href":"https:\/\/armstrongyregion.com.ar\/diario\/wp-json\/wp\/v2\/media?parent=40778"}],"wp:term":[{"taxonomy":"category","embeddable":true,"href":"https:\/\/armstrongyregion.com.ar\/diario\/wp-json\/wp\/v2\/categories?post=40778"},{"taxonomy":"post_tag","embeddable":true,"href":"https:\/\/armstrongyregion.com.ar\/diario\/wp-json\/wp\/v2\/tags?post=40778"}],"curies":[{"name":"wp","href":"https:\/\/api.w.org\/{rel}","templated":true}]}}