{"id":40757,"date":"2023-11-06T02:04:34","date_gmt":"2023-11-06T02:04:34","guid":{"rendered":"https:\/\/armstrongyregion.com.ar\/diario\/?p=40757"},"modified":"2023-11-06T02:08:31","modified_gmt":"2023-11-06T02:08:31","slug":"la-vuelta-del-tren-en-armstrong-es-una-felicidad-enorme-que-no-puede-ser-opacada-por-una-cuestion-politica","status":"publish","type":"post","link":"https:\/\/armstrongyregion.com.ar\/diario\/la-vuelta-del-tren-en-armstrong-es-una-felicidad-enorme-que-no-puede-ser-opacada-por-una-cuestion-politica\/","title":{"rendered":"\u201cLa vuelta del tren en Armstrong es una felicidad enorme que no puede ser opacada por una cuesti\u00f3n pol\u00edtica\u201d."},"content":{"rendered":"\n<figure class=\"wp-block-image size-full\"><a href=\"http:\/\/armstrongyregion.com.ar\/diario\/wp-content\/uploads\/2023\/11\/Emi-Tren.5-11-23.jpg\"><img loading=\"lazy\" decoding=\"async\" width=\"674\" height=\"562\" src=\"http:\/\/armstrongyregion.com.ar\/diario\/wp-content\/uploads\/2023\/11\/Emi-Tren.5-11-23.jpg\" alt=\"\" class=\"wp-image-40758\" srcset=\"https:\/\/armstrongyregion.com.ar\/diario\/wp-content\/uploads\/2023\/11\/Emi-Tren.5-11-23.jpg 674w, https:\/\/armstrongyregion.com.ar\/diario\/wp-content\/uploads\/2023\/11\/Emi-Tren.5-11-23-300x250.jpg 300w\" sizes=\"auto, (max-width: 674px) 100vw, 674px\" \/><\/a><\/figure>\n\n\n\n<p>As\u00ed se expresaba el Concejal Emiliano Gramigna, en la habilitaci\u00f3n de la estaci\u00f3n Armstrong; \u201cEste es el fruto del esfuerzo y del trabajo de mas de dos a\u00f1os que venimos gestionando la llegada del tren a nuestra ciudad y para nosotros haberlo concretado es una felicidad enorme, con una labor mancomunada entre la provincia, la naci\u00f3n y el municipio, despoj\u00e1ndonos de toda bandera pol\u00edtica para lograr que el armstronense hoy tenga un medio mas para poder viajar, para ir a Retiro, C\u00f3rdoba, Rosario y a las paradas intermedias\u201d.<\/p>\n\n\n\n<p>Tambi\u00e9n dijo: \u201cVer la felicidad de la gente por la vuelta del tren a la ciudad despu\u00e9s de 35 a\u00f1os es sinceramente algo muy emocionante. Se nos agrega un plus, yo soy nieto de ferroviario; yo s\u00e9 lo que fue para la familia cuando a los ferrocarriles le pusieron candado y los cerraron, ver ahora la reapertura de la estaci\u00f3n, las frecuencias, y tener al tren sonando otra vez en Armstrong, para m\u00ed es una felicidad enorme que no puede ser opacada por ninguna cuesti\u00f3n pol\u00edtica\u201d.<\/p>\n","protected":false},"excerpt":{"rendered":"<p>As\u00ed se expresaba el Concejal Emiliano Gramigna, en la habilitaci\u00f3n de la estaci\u00f3n Armstrong; \u201cEste es el fruto del esfuerzo y del trabajo de mas de dos a\u00f1os que venimos gestionando la llegada del tren a nuestra ciudad y para nosotros haberlo concretado es una felicidad enorme, con una labor mancomunada entre la provincia, la <a href=\"https:\/\/armstrongyregion.com.ar\/diario\/la-vuelta-del-tren-en-armstrong-es-una-felicidad-enorme-que-no-puede-ser-opacada-por-una-cuestion-politica\/\" title=\"Read more\" >&#8230;<\/a><\/p>\n","protected":false},"author":1,"featured_media":40758,"comment_status":"open","ping_status":"open","sticky":false,"template":"","format":"image","meta":{"_jetpack_memberships_contains_paid_content":false,"footnotes":"","jetpack_publicize_message":"","jetpack_publicize_feature_enabled":true,"jetpack_social_post_already_shared":true,"jetpack_social_options":{"image_generator_settings":{"template":"highway","default_image_id":0,"enabled":false},"version":2}},"categories":[8,1,2,7,3],"tags":[20,9964,53,15,9962,139,7644,979,31,8777,96,9963,1157,1106,3136,103,9961],"class_list":["post-40757","post","type-post","status-publish","format-image","has-post-thumbnail","hentry","category-deliberando","category-diario-armstrong","category-locales","category-politica","category-region","tag-armstrong","tag-armstrong-y-region-2","tag-del","tag-en","tag-enorme","tag-es","tag-felicidad","tag-gramigna","tag-la","tag-lic-graciela-de-la-casa","tag-no","tag-opacada","tag-puede","tag-ser","tag-tren","tag-una","tag-vuelta-2","post_format-post-format-image"],"jetpack_publicize_connections":[],"jetpack_featured_media_url":"https:\/\/armstrongyregion.com.ar\/diario\/wp-content\/uploads\/2023\/11\/Emi-Tren.5-11-23.jpg","jetpack_shortlink":"https:\/\/wp.me\/p62QDO-aBn","jetpack_sharing_enabled":true,"amp_enabled":true,"_links":{"self":[{"href":"https:\/\/armstrongyregion.com.ar\/diario\/wp-json\/wp\/v2\/posts\/40757","targetHints":{"allow":["GET"]}}],"collection":[{"href":"https:\/\/armstrongyregion.com.ar\/diario\/wp-json\/wp\/v2\/posts"}],"about":[{"href":"https:\/\/armstrongyregion.com.ar\/diario\/wp-json\/wp\/v2\/types\/post"}],"author":[{"embeddable":true,"href":"https:\/\/armstrongyregion.com.ar\/diario\/wp-json\/wp\/v2\/users\/1"}],"replies":[{"embeddable":true,"href":"https:\/\/armstrongyregion.com.ar\/diario\/wp-json\/wp\/v2\/comments?post=40757"}],"version-history":[{"count":3,"href":"https:\/\/armstrongyregion.com.ar\/diario\/wp-json\/wp\/v2\/posts\/40757\/revisions"}],"predecessor-version":[{"id":40762,"href":"https:\/\/armstrongyregion.com.ar\/diario\/wp-json\/wp\/v2\/posts\/40757\/revisions\/40762"}],"wp:featuredmedia":[{"embeddable":true,"href":"https:\/\/armstrongyregion.com.ar\/diario\/wp-json\/wp\/v2\/media\/40758"}],"wp:attachment":[{"href":"https:\/\/armstrongyregion.com.ar\/diario\/wp-json\/wp\/v2\/media?parent=40757"}],"wp:term":[{"taxonomy":"category","embeddable":true,"href":"https:\/\/armstrongyregion.com.ar\/diario\/wp-json\/wp\/v2\/categories?post=40757"},{"taxonomy":"post_tag","embeddable":true,"href":"https:\/\/armstrongyregion.com.ar\/diario\/wp-json\/wp\/v2\/tags?post=40757"}],"curies":[{"name":"wp","href":"https:\/\/api.w.org\/{rel}","templated":true}]}}