{"id":40753,"date":"2023-11-06T01:37:43","date_gmt":"2023-11-06T01:37:43","guid":{"rendered":"https:\/\/armstrongyregion.com.ar\/diario\/?p=40753"},"modified":"2023-11-06T01:37:46","modified_gmt":"2023-11-06T01:37:46","slug":"anses-amplia-desde-este-lunes-creditos-para-jubilados-pensionados-y-trabajadores","status":"publish","type":"post","link":"https:\/\/armstrongyregion.com.ar\/diario\/anses-amplia-desde-este-lunes-creditos-para-jubilados-pensionados-y-trabajadores\/","title":{"rendered":"Anses ampl\u00eda desde este lunes cr\u00e9ditos para jubilados, pensionados y trabajadores."},"content":{"rendered":"\n<figure class=\"wp-block-image size-full\"><a href=\"http:\/\/armstrongyregion.com.ar\/diario\/wp-content\/uploads\/2023\/11\/anses..jpg\"><img loading=\"lazy\" decoding=\"async\" width=\"490\" height=\"301\" src=\"http:\/\/armstrongyregion.com.ar\/diario\/wp-content\/uploads\/2023\/11\/anses..jpg\" alt=\"\" class=\"wp-image-40754\" srcset=\"https:\/\/armstrongyregion.com.ar\/diario\/wp-content\/uploads\/2023\/11\/anses..jpg 490w, https:\/\/armstrongyregion.com.ar\/diario\/wp-content\/uploads\/2023\/11\/anses.-300x184.jpg 300w\" sizes=\"auto, (max-width: 490px) 100vw, 490px\" \/><\/a><\/figure>\n\n\n\n<h2 class=\"wp-block-heading\">Son para titulares de jubilaciones y pensiones y para\u00a0trabajadores en relaci\u00f3n de dependencia. Se puede\u00a0solicitar un primer pr\u00e9stamo o ampliar el solicitado en la etapa anterior del programa. Montos y condiciones:<\/h2>\n\n\n\n<p>La Administraci\u00f3n Nacional para la Seguridad Social (<strong>Anses<\/strong>) pondr\u00e1&nbsp;<strong>desde este lunes&nbsp;<\/strong>a disposici\u00f3n de titulares de&nbsp;<strong>jubilaciones y pensiones y trabajadoras y trabajadores en relaci\u00f3n de dependencia&nbsp;<\/strong>una&nbsp;<strong>ampliaci\u00f3n&nbsp;<\/strong>del monto m\u00e1ximo dentro del programa de&nbsp;<strong>cr\u00e9ditos personales<\/strong>.<\/p>\n\n\n\n<p>Los nuevos montos estar\u00e1n disponibles para quienes soliciten un nuevo cr\u00e9dito y adem\u00e1s,&nbsp;<strong>quienes ya hayan solicitado uno, podr\u00e1n pedir la extensi\u00f3n del monto&nbsp;<\/strong>de forma virtual en mi Anses.<\/p>\n\n\n\n<p>El monto m\u00e1ximo de los cr\u00e9ditos destinados a titulares de&nbsp;<strong>jubilaciones y pensiones<\/strong>&nbsp;aumentar\u00e1 de $400.000&nbsp;<strong>a $600.000<\/strong>, con una tasa subsidiada del 29%.<\/p>\n\n\n\n<p>En tanto, las y los<strong>&nbsp;trabajadores en relaci\u00f3n de dependencia<\/strong>&nbsp;que no se encuentren alcanzados por el impuesto a las Ganancias (con salarios no mayores a $1.980.000 brutos) podr\u00e1n solicitar un cr\u00e9dito de&nbsp;<strong>hasta 1 mill\u00f3n de pesos<\/strong>, con una tasa subsidiada por el Estado Nacional del 50% en 24, 36 o 48 cuotas, que se depositar\u00e1 en la tarjeta de cr\u00e9dito asociada a la cuenta sueldo de la persona solicitante.<\/p>\n\n\n\n<p>Anteriormente, pod\u00edan solicitar hasta $400.000 las y los trabajadores con ingresos no mayores a $700.875 (brutos).<\/p>\n","protected":false},"excerpt":{"rendered":"<p>Son para titulares de jubilaciones y pensiones y para\u00a0trabajadores en relaci\u00f3n de dependencia. Se puede\u00a0solicitar un primer pr\u00e9stamo o ampliar el solicitado en la etapa anterior del programa. Montos y condiciones: La Administraci\u00f3n Nacional para la Seguridad Social (Anses) pondr\u00e1&nbsp;desde este lunes&nbsp;a disposici\u00f3n de titulares de&nbsp;jubilaciones y pensiones y trabajadoras y trabajadores en relaci\u00f3n de <a href=\"https:\/\/armstrongyregion.com.ar\/diario\/anses-amplia-desde-este-lunes-creditos-para-jubilados-pensionados-y-trabajadores\/\" title=\"Read more\" >&#8230;<\/a><\/p>\n","protected":false},"author":1,"featured_media":40754,"comment_status":"open","ping_status":"open","sticky":false,"template":"","format":"image","meta":{"_jetpack_memberships_contains_paid_content":false,"footnotes":"","jetpack_publicize_message":"","jetpack_publicize_feature_enabled":true,"jetpack_social_post_already_shared":true,"jetpack_social_options":{"image_generator_settings":{"template":"highway","default_image_id":0,"enabled":false},"version":2}},"categories":[8,1,2,7,3],"tags":[9959,1218,9685,1951,81,9960,9035],"class_list":["post-40753","post","type-post","status-publish","format-image","has-post-thumbnail","hentry","category-deliberando","category-diario-armstrong","category-locales","category-politica","category-region","tag-amplia-2","tag-anses","tag-creditos-2","tag-jubilados","tag-para","tag-pensionados","tag-trabajadores-2","post_format-post-format-image"],"jetpack_publicize_connections":[],"jetpack_featured_media_url":"https:\/\/armstrongyregion.com.ar\/diario\/wp-content\/uploads\/2023\/11\/anses..jpg","jetpack_shortlink":"https:\/\/wp.me\/p62QDO-aBj","jetpack_sharing_enabled":true,"amp_enabled":true,"_links":{"self":[{"href":"https:\/\/armstrongyregion.com.ar\/diario\/wp-json\/wp\/v2\/posts\/40753","targetHints":{"allow":["GET"]}}],"collection":[{"href":"https:\/\/armstrongyregion.com.ar\/diario\/wp-json\/wp\/v2\/posts"}],"about":[{"href":"https:\/\/armstrongyregion.com.ar\/diario\/wp-json\/wp\/v2\/types\/post"}],"author":[{"embeddable":true,"href":"https:\/\/armstrongyregion.com.ar\/diario\/wp-json\/wp\/v2\/users\/1"}],"replies":[{"embeddable":true,"href":"https:\/\/armstrongyregion.com.ar\/diario\/wp-json\/wp\/v2\/comments?post=40753"}],"version-history":[{"count":2,"href":"https:\/\/armstrongyregion.com.ar\/diario\/wp-json\/wp\/v2\/posts\/40753\/revisions"}],"predecessor-version":[{"id":40756,"href":"https:\/\/armstrongyregion.com.ar\/diario\/wp-json\/wp\/v2\/posts\/40753\/revisions\/40756"}],"wp:featuredmedia":[{"embeddable":true,"href":"https:\/\/armstrongyregion.com.ar\/diario\/wp-json\/wp\/v2\/media\/40754"}],"wp:attachment":[{"href":"https:\/\/armstrongyregion.com.ar\/diario\/wp-json\/wp\/v2\/media?parent=40753"}],"wp:term":[{"taxonomy":"category","embeddable":true,"href":"https:\/\/armstrongyregion.com.ar\/diario\/wp-json\/wp\/v2\/categories?post=40753"},{"taxonomy":"post_tag","embeddable":true,"href":"https:\/\/armstrongyregion.com.ar\/diario\/wp-json\/wp\/v2\/tags?post=40753"}],"curies":[{"name":"wp","href":"https:\/\/api.w.org\/{rel}","templated":true}]}}