{"id":40735,"date":"2023-11-04T20:15:26","date_gmt":"2023-11-04T20:15:26","guid":{"rendered":"https:\/\/armstrongyregion.com.ar\/diario\/?p=40735"},"modified":"2023-11-04T20:15:28","modified_gmt":"2023-11-04T20:15:28","slug":"lewandowski-nosotros-vamos-a-hacer-que-cada-vez-circulen-mas-trenes-mientras-hay-otros-que-le-quieren-pasar-la-motosierra-a-todos-los-ramales","status":"publish","type":"post","link":"https:\/\/armstrongyregion.com.ar\/diario\/lewandowski-nosotros-vamos-a-hacer-que-cada-vez-circulen-mas-trenes-mientras-hay-otros-que-le-quieren-pasar-la-motosierra-a-todos-los-ramales\/","title":{"rendered":"Lewandowski: \u00abNosotros vamos a hacer que cada vez circulen m\u00e1s trenes mientras hay otros que le quieren pasar la motosierra a todos los ramales\u00bb"},"content":{"rendered":"\n<figure class=\"wp-block-image size-full\"><a href=\"http:\/\/armstrongyregion.com.ar\/diario\/wp-content\/uploads\/2023\/11\/Lewandowski-Giuliano-Gramigna-Armstrong.png\"><img loading=\"lazy\" decoding=\"async\" width=\"599\" height=\"464\" src=\"http:\/\/armstrongyregion.com.ar\/diario\/wp-content\/uploads\/2023\/11\/Lewandowski-Giuliano-Gramigna-Armstrong.png\" alt=\"\" class=\"wp-image-40736\" srcset=\"https:\/\/armstrongyregion.com.ar\/diario\/wp-content\/uploads\/2023\/11\/Lewandowski-Giuliano-Gramigna-Armstrong.png 599w, https:\/\/armstrongyregion.com.ar\/diario\/wp-content\/uploads\/2023\/11\/Lewandowski-Giuliano-Gramigna-Armstrong-300x232.png 300w\" sizes=\"auto, (max-width: 599px) 100vw, 599px\" \/><\/a><\/figure>\n\n\n\n<p>El senador nacional por Santa Fe, Marcelo Lewandowski, particip\u00f3 de\u00a0la habilitaci\u00f3n de la estaci\u00f3n ferroviaria de Armstrong del servicio de larga distancia Retiro &#8211; C\u00f3rdoba. Lo hizo junto al ministro de Transporte, Diego Giuliano, y la directora de Trenes Argentinos, Eliana Gramigna.\u00a0La nueva estaci\u00f3n beneficiar\u00e1 a m\u00e1s de 11 mil vecinos cuando comience a operar a partir de diciembre. De esta forma<strong>\u00a0se recupera un servicio para la regi\u00f3n que fue\u00a0interrumpido hace m\u00e1s de 30 a\u00f1os y que el Gobierno Nacional impuls\u00f3 a trav\u00e9s del vigente Plan de Modernizaci\u00f3n del Transporte Ferroviario<\/strong>.\u00a0<\/p>\n\n\n\n<p>All\u00ed realizaron una recorrida por la estaci\u00f3n rehabilitada, partiendo en tren desde Ca\u00f1ada de G\u00f3mez y llegando a Armstrong al mediod\u00eda.&nbsp;Luego del acto, Marcelo Lewandowski remarc\u00f3: \u201cMientras algunos hablan y especulan sobre el servicio ferroviario como una cuesti\u00f3n de ganancia o no ganancia, p<strong>ara nosotros tener m\u00e1s ramales significa m\u00e1s igualdad y m\u00e1s derechos<\/strong>\u201d.<\/p>\n\n\n\n<p>En ese sentido, el legislador nacional resalt\u00f3 que \u201cno todos los candidatos piensan igual\u201d y exhort\u00f3 a \u201ctener cuidado con aquellos que proponen cerrar otra vez estos ramales que se est\u00e1n recuperando luego de tantos a\u00f1os\u201d.&nbsp;\u201cHablan de motosierra y lo que significa es que&nbsp;<strong>le quieren pasar la motosierra a todos los ramales&nbsp;<\/strong>porque para ellos esto es un gasto que debe recortarse mientras que para nosotros esto significa inversi\u00f3n en la gente, en su confort y en su seguridad. Significa m\u00e1s calidad de vida, significa arraigo y desarrollo productivo\u201d, continu\u00f3.<\/p>\n\n\n\n<p>Tambi\u00e9n destac\u00f3: \u201cDurante los \u00faltimos a\u00f1os vimos&nbsp;<strong>una decisi\u00f3n pol\u00edtica de extender el servicio ferroviario a m\u00e1s localidades, con m\u00e1s frecuencias<\/strong>\u201d. \u201cSe activ\u00f3 Rosario &#8211; Ca\u00f1ada de G\u00f3mez, que hoy ya tiene tres frecuencias diarias de ida y tres de vuelta cuando hab\u00edan arrancado con una y el objetivo de Sergio Massa es profundizar esta pol\u00edtica\u201d, agreg\u00f3.&nbsp;Por eso Lewandowski afirm\u00f3: \u201cA la hora de votar el 19 de noviembre tambi\u00e9n hay que tener en cuenta esto\u201d.<\/p>\n","protected":false},"excerpt":{"rendered":"<p>El senador nacional por Santa Fe, Marcelo Lewandowski, particip\u00f3 de\u00a0la habilitaci\u00f3n de la estaci\u00f3n ferroviaria de Armstrong del servicio de larga distancia Retiro &#8211; C\u00f3rdoba. Lo hizo junto al ministro de Transporte, Diego Giuliano, y la directora de Trenes Argentinos, Eliana Gramigna.\u00a0La nueva estaci\u00f3n beneficiar\u00e1 a m\u00e1s de 11 mil vecinos cuando comience a operar <a href=\"https:\/\/armstrongyregion.com.ar\/diario\/lewandowski-nosotros-vamos-a-hacer-que-cada-vez-circulen-mas-trenes-mientras-hay-otros-que-le-quieren-pasar-la-motosierra-a-todos-los-ramales\/\" title=\"Read more\" >&#8230;<\/a><\/p>\n","protected":false},"author":1,"featured_media":40736,"comment_status":"open","ping_status":"open","sticky":false,"template":"","format":"image","meta":{"_jetpack_memberships_contains_paid_content":false,"footnotes":"","jetpack_publicize_message":"","jetpack_publicize_feature_enabled":true,"jetpack_social_post_already_shared":true,"jetpack_social_options":{"image_generator_settings":{"template":"highway","default_image_id":0,"enabled":false},"version":2}},"categories":[6,8,1,2,7,3],"tags":[20,19,507,9957,8777,8845],"class_list":["post-40735","post","type-post","status-publish","format-image","has-post-thumbnail","hentry","category-cultura-entretenimiento","category-deliberando","category-diario-armstrong","category-locales","category-politica","category-region","tag-armstrong","tag-de","tag-estacion","tag-lewandoski","tag-lic-graciela-de-la-casa","tag-trenes","post_format-post-format-image"],"jetpack_publicize_connections":[],"jetpack_featured_media_url":"https:\/\/armstrongyregion.com.ar\/diario\/wp-content\/uploads\/2023\/11\/Lewandowski-Giuliano-Gramigna-Armstrong.png","jetpack_shortlink":"https:\/\/wp.me\/p62QDO-aB1","jetpack_sharing_enabled":true,"amp_enabled":true,"_links":{"self":[{"href":"https:\/\/armstrongyregion.com.ar\/diario\/wp-json\/wp\/v2\/posts\/40735","targetHints":{"allow":["GET"]}}],"collection":[{"href":"https:\/\/armstrongyregion.com.ar\/diario\/wp-json\/wp\/v2\/posts"}],"about":[{"href":"https:\/\/armstrongyregion.com.ar\/diario\/wp-json\/wp\/v2\/types\/post"}],"author":[{"embeddable":true,"href":"https:\/\/armstrongyregion.com.ar\/diario\/wp-json\/wp\/v2\/users\/1"}],"replies":[{"embeddable":true,"href":"https:\/\/armstrongyregion.com.ar\/diario\/wp-json\/wp\/v2\/comments?post=40735"}],"version-history":[{"count":1,"href":"https:\/\/armstrongyregion.com.ar\/diario\/wp-json\/wp\/v2\/posts\/40735\/revisions"}],"predecessor-version":[{"id":40737,"href":"https:\/\/armstrongyregion.com.ar\/diario\/wp-json\/wp\/v2\/posts\/40735\/revisions\/40737"}],"wp:featuredmedia":[{"embeddable":true,"href":"https:\/\/armstrongyregion.com.ar\/diario\/wp-json\/wp\/v2\/media\/40736"}],"wp:attachment":[{"href":"https:\/\/armstrongyregion.com.ar\/diario\/wp-json\/wp\/v2\/media?parent=40735"}],"wp:term":[{"taxonomy":"category","embeddable":true,"href":"https:\/\/armstrongyregion.com.ar\/diario\/wp-json\/wp\/v2\/categories?post=40735"},{"taxonomy":"post_tag","embeddable":true,"href":"https:\/\/armstrongyregion.com.ar\/diario\/wp-json\/wp\/v2\/tags?post=40735"}],"curies":[{"name":"wp","href":"https:\/\/api.w.org\/{rel}","templated":true}]}}